
{"id":30071,"date":"2022-12-01T09:30:12","date_gmt":"2022-12-01T08:30:12","guid":{"rendered":"https:\/\/www.ab2pro.com\/como-se-celebra-la-navidad-en-rumania-y-moldavia\/"},"modified":"2025-07-24T16:56:35","modified_gmt":"2025-07-24T14:56:35","slug":"como-se-celebra-la-navidad-en-rumania-y-moldavia","status":"publish","type":"post","link":"https:\/\/www.ab2pro.com\/es\/como-se-celebra-la-navidad-en-rumania-y-moldavia\/","title":{"rendered":"\u00bfC\u00f3mo se celebra la Navidad en Ruman\u00eda y Moldavia?"},"content":{"rendered":"<p>[vc_row][vc_column][vc_column_text css_animation=\u00bbfadeInDown\u00bb]Las vacaciones de invierno son muy importantes para los rumanos. Dicho esto, la Navidad sigue siendo la fiesta m\u00e1s importante del a\u00f1o para ellos y se celebra con generosidad. Celebrada el 25 de diciembre de cada a\u00f1o, esta fiesta conserva toda su tradici\u00f3n religiosa y su folclore.<\/p>\n<h2>Religi\u00f3n en Ruman\u00eda<\/h2>\n<p>[\/vc_column_text][vc_column_text css_animation=\u00bbfadeInDown\u00bb]Ruman\u00eda, un pa\u00eds fuertemente marcado por la fe y la espiritualidad, es una rep\u00fablica laica en la que domina claramente la ortodoxia, con m\u00e1s del 85% de creyentes. Entre las dem\u00e1s confesiones, los cat\u00f3licos (5%) y los protestantes (3,5%) son los m\u00e1s numerosos. Durante los a\u00f1os del comunismo, la religi\u00f3n estuvo marginada, pero tras la ca\u00edda de Ceau\u0219escu en 1989, se expandi\u00f3 enormemente dando lugar a la construcci\u00f3n de muchas iglesias por todo el pa\u00eds.[\/vc_column_text][vc_column_text css_animation=\u00bbfadeIn\u00bb]<\/p>\n<h2>La tradici\u00f3n de San Ignacio de Antioqu\u00eda: el cerdo.<\/h2>\n<p>[\/vc_column_text][\/vc_column][\/vc_row][vc_row][vc_column width=\u00bb1\/2&#8243;][vc_images_carousel images=\u00bb33335,33342&#8243; img_size=\u00bb960&#215;960&#8243; css_animation=\u00bbfadeIn\u00bb][\/vc_column][vc_column width=\u00bb1\/2&#8243;][vc_column_text css_animation=\u00bbfadeIn\u00bb]Los preparativos para la fiesta de Navidad comienzan con mucha antelaci\u00f3n para que todo est\u00e9 perfecto durante el periodo festivo. La fiesta de la Navidad comienza, pues, con el sacrificio del cerdo despu\u00e9s del d\u00eda de San Ignacio de Antioqu\u00eda, el 20 de diciembre. Se dice que en la noche anterior a Ignacio, los cerdos sue\u00f1an que los van a matar. Se dice que esta tradici\u00f3n tiene su origen en la \u00e9poca precristiana, cuando la gente sacrificaba sus animales, principalmente cerdos, y los entregaba como ofrenda a los dioses como agradecimiento por el a\u00f1o que acababa de pasar. Tras el sacrificio del cerdo, se quema la piel y se elimina el pelo con un cuchillo. Despu\u00e9s se prepara cuidadosamente la carne de cerdo: salchichas caseras llamadas \u00abtob\u0103\u00bb o \u00abcaltabo\u0219i\u00bb, gelatina de carne llamada \u00abpiftie\u00bb, corteza o \u00ab\u0219orici\u00bb y el famoso \u00absarmale\u00bb, que es el plato favorito de los rumanos: hojas de chucrut rellenas de carne de cerdo picada y sazonada con diferentes especias. Despu\u00e9s de haber probado todos estos platos de carne, hay que endulzar con un \u00abcozonac\u00bb que es una especie de brioche dulce y un poco de vino caliente.[\/vc_column_text][\/vc_column][\/vc_row][vc_row][vc_column][vc_column_text css_animation=\u00bbfadeIn\u00bb]<\/p>\n<h2>Pap\u00e1 Noel o Mo\u0219 Geril\u0103<\/h2>\n<p>[\/vc_column_text][vc_column_text css_animation=\u00bbfadeIn\u00bb]Pap\u00e1 Noel o Mo\u0219 Cr\u0103ciun, como se le conoce hoy en Ruman\u00eda, estuvo prohibido durante 50 a\u00f1os en la \u00e9poca comunista. Cuando los comunistas llegaron al poder, se distanciaron de la Iglesia porque sus valores no eran compatibles con su doctrina. En Ruman\u00eda, un pa\u00eds de amplia mayor\u00eda ortodoxa, se destruyeron iglesias y se dejaron de lado tradiciones como Pap\u00e1 Noel, San Nicol\u00e1s y la Pascua, s\u00edmbolos que los comunistas quer\u00edan borrar de la conciencia colectiva.<br \/>\nEn esa \u00e9poca, Pap\u00e1 Noel fue sustituido por un alter ego laico llamado \u00abMo\u0219 Geril\u0103\u00bb o \u00abP\u00e8re Du Gel\u00bb, inspirado en un personaje sovi\u00e9tico \u00abDed Moroz\u00bb. Vestido con ropas rojas y blancas, Mo\u0219 Geril\u0103 ven\u00eda a traer regalos a los m\u00e1s peque\u00f1os, pero esto ten\u00eda lugar el 30 o 31 de diciembre bajo el \u00e1rbol de invierno \u00abpom de iarn\u0103\u00bb y no bajo el \u00e1rbol de Navidad (bradul de Cr\u0103ciun).<\/p>\n<h2>La tradici\u00f3n del \u00e1rbol de Navidad y los villancicos en Ruman\u00eda<\/h2>\n<p>Tradicionalmente, el \u00e1rbol se decoraba el 24 de diciembre, pero hoy en d\u00eda los rumanos prefieren ponerlo antes. Se mantiene hasta el d\u00eda de San Juan, el 7 de enero. En la religi\u00f3n ortodoxa no hay bel\u00e9n.<br \/>\nDespu\u00e9s de decorar el \u00e1rbol de Navidad, los ni\u00f1os, y en algunas partes del pa\u00eds los adultos, se van a su pueblo o barrio a cantar de casa en casa. Se llaman \u00abcolind\u0103tori\u00bb. Estas canciones navide\u00f1as son de car\u00e1cter religioso y anuncian el nacimiento del ni\u00f1o Jesucristo. Los \u00abcolind\u0103tori\u00bb reciben, seg\u00fan la tradici\u00f3n, pretzels llamados \u00abcolaci\u00bb, rosquillas, dulces, manzanas o dinero. A continuaci\u00f3n, los ni\u00f1os y los adultos se dirigir\u00e1n a la iglesia para participar en la misa de la Natividad. En la noche del 24 al 25, Pap\u00e1 Noel o \u00abMo\u0219 Cr\u0103ciun\u00bb pasa por cada hogar donde los ni\u00f1os han sido buenos para dejar regalos.[\/vc_column_text][\/vc_column][\/vc_row][vc_row][vc_column][vc_column_text css_animation=\u00bbfadeIn\u00bb]<\/p>\n<h2>Tradiciones en el campo rumano<\/h2>\n<p>[\/vc_column_text][vc_column_text css_animation=\u00bbfadeIn\u00bb]En el campo, la tradici\u00f3n de los villancicos adquiere una dimensi\u00f3n diferente. Los \u00abcolind\u0103tori\u00bb visten hermosos trajes tradicionales, llevan campanas, tambores y l\u00e1tigos y hacen ruido para ahuyentar a los malos esp\u00edritus. En algunas regiones de Ruman\u00eda, las canciones se acompa\u00f1an de danzas como la del Oso o la de la Cabra (especialmente en Moldavia y Bucovina).[\/vc_column_text][\/vc_column][\/vc_row][vc_row][vc_column width=\u00bb1\/2&#8243;][vc_column_text css_animation=\u00bbfadeIn\u00bb]<\/p>\n<h3>La danza del oso en Bucovina y Moldavia<\/h3>\n<p>La Danza del Oso es un ritual ancestral \u00fanico en el mundo que se prepara en el periodo de Navidad a A\u00f1o Nuevo en el norte de Ruman\u00eda (Moldavia, Bucovina, Maramure\u0219). Personas vestidas con pieles de oso con pompones de colores, a veces incluso con patas con garras afiladas y una cabeza de oso, realizan una danza ritual al ritmo de un tambor. Los disfrazados de oso, conocidos como \u00abursari\u00bb, imitan los movimientos, el comportamiento y el sonido del oso. La funci\u00f3n de este ritual es alejar los malos esp\u00edritus y marcar el paso al nuevo a\u00f1o.[\/vc_column_text][\/vc_column][vc_column width=\u00bb1\/2&#8243;][vc_single_image image=\u00bb33350&#8243; img_size=\u00bb960&#215;960&#8243; alignment=\u00bbcenter\u00bb css_animation=\u00bbfadeIn\u00bb][\/vc_column][\/vc_row][vc_row][vc_column width=\u00bb1\/2&#8243;][vc_single_image image=\u00bb33357&#8243; img_size=\u00bb960&#215;960&#8243; alignment=\u00bbcenter\u00bb css_animation=\u00bbfadeIn\u00bb][\/vc_column][vc_column width=\u00bb1\/2&#8243;][vc_column_text css_animation=\u00bbfadeIn\u00bb]<\/p>\n<h3>La danza de la cabra en Bucovina y Moldavia<\/h3>\n<p>La danza de la cabra o \u00abmersul cu capra\u00bb (ir con la cabra) es otra tradici\u00f3n festiva rumana que tambi\u00e9n tiene lugar durante las vacaciones de invierno. Se trata de una antigua y fren\u00e9tica danza ritual, acompa\u00f1ada de sonidos de l\u00e1tigos, campanas y tambores. Significa la muerte y el renacimiento, el momento del paso al nuevo a\u00f1o. La cabra est\u00e1 representada por un joven con un traje multicolor, vestido con un \u00abmacat\u00bb, una manta de lana con diversos dibujos y dise\u00f1os, con cuernos reales de cabra o de ciervo y otros pompones de colores. El joven est\u00e1 acompa\u00f1ado por otras figuras que simbolizan a pastores, ancianos y bailarines vestidos con trajes tradicionales rumanos. Van de casa en casa donde bailan y saltan para asustar a los invitados. Esta antigua costumbre pretende ahuyentar a los malos esp\u00edritus y atraer la buena suerte y la felicidad en el A\u00f1o Nuevo.[\/vc_column_text][\/vc_column][\/vc_row][vc_row][vc_column][vc_column_text css_animation=\u00bbfadeIn\u00bb]<\/p>\n<h2>El men\u00fa de Navidad en Ruman\u00eda<\/h2>\n<p>[\/vc_column_text][\/vc_column][vc_column width=\u00bb1\/2&#8243;][vc_column_text css_animation=\u00bbfadeIn\u00bb]En Nochebuena, cuando se espera que los \u00abcolind\u0103tori\u00bb toquen el timbre para anunciar el nacimiento de Jesucristo, todos los rumanos y sus invitados est\u00e1n en plena preparaci\u00f3n de deliciosos platos navide\u00f1os. Despu\u00e9s de escuchar los villancicos y participar en los maravillosos bailes del Oso o la Cabra, por fin podr\u00e1 sentarse a la mesa. Empezamos con los entrantes que consisten en r\u0103cituri o piftie (gelatina de carne), los diferentes tipos de salchichas de cerdo rellenas de mur\u0103turi y los embutidos tradicionales como tob\u0103 y \u0219orici (corteza). Si todos estos productos del cerdo son demasiado, puede probar el caviar de berenjena, los huevos rellenos o la ensalada \u00abicre\u00bb, que es una ensalada de huevos de pescado. Para hidratarse un poco, se puede beber vino caliente o \u021buica o p\u0103linca (aguardiente con especificidades regionales) que tambi\u00e9n se beben calientes y a los que se puede a\u00f1adir unos granos de pimienta. La \u021buica es conocida por abrir el apetito y se abre hacia la continuidad de la comida navide\u00f1a con un ciorb\u0103 de peri\u0219oare o con el delicioso sarmale acompa\u00f1ado de un poco de crema fresca y polenta. Y como no se puede terminar una comida as\u00ed sin un postre abundante y sabroso, hay que probar el famoso cozonac mientras se espera a Mo\u0219 Cr\u0103ciun con sus regalos.[\/vc_column_text][\/vc_column][vc_column width=\u00bb1\/2&#8243;][vc_single_image image=\u00bb33364&#8243; img_size=\u00bb960&#215;960&#8243; alignment=\u00bbcenter\u00bb css_animation=\u00bbfadeIn\u00bb][\/vc_column][\/vc_row][vc_row][vc_column][vc_column_text css_animation=\u00bbfadeIn\u00bb]La Navidad en Ruman\u00eda es una \u00e9poca muy especial del a\u00f1o y los rumanos son especialmente aficionados a esta \u00e9poca festiva y familiar. Por eso es importante para ellos respetar todas las costumbres y tradiciones del pa\u00eds. Las vacaciones de invierno rumanas est\u00e1n llenas de tradiciones, supersticiones y costumbres transmitidas de generaci\u00f3n en generaci\u00f3n. La gastronom\u00eda ocupa un lugar especial en esta \u00e9poca encantadora, lo que la hace a\u00fan m\u00e1s bella.<\/p>\n<p>Si el \u00absarmale\u00bb y el \u00abcozonac\u00bb a\u00fan no le han convencido para pasar una Navidad en Ruman\u00eda, quiz\u00e1s lo hagan los bailes de la Cabra o del Oso. \u00a1Feliz Navidad![\/vc_column_text][vc_column_text css_animation=\u00bbfadeIn\u00bb]<\/p>\n<blockquote><p>Un poco de vocabulario rumano para las fiestas:<\/p>\n<ul>\n<li>\u00a1Feliz Navidad!: Cr\u0103ciun fericit!<\/li>\n<li>Pap\u00e1 Noel: Mo\u0219 Cr\u0103ciun<\/li>\n<li>Feliz A\u00f1o Nuevo: An Nou Fericit ! \u00a1Feliz cumplea\u00f1os! (a utilizar en todas las circunstancias de hecho para esta segunda parte: cumplea\u00f1os, fiestas&#8230;).<\/li>\n<li>Villancicos: colinde<\/li>\n<\/ul>\n<\/blockquote>\n<p>[\/vc_column_text][vc_column_text css_animation=\u00bbfadeIn\u00bb]Comida navide\u00f1a:<\/p>\n<ul>\n<li>sarmale &#8211; chucrut u hojas de parra (seg\u00fan la regi\u00f3n) rellenas de carne de cerdo picada y sazonada con diversas especias<\/li>\n<li>salat\u0103 de ternera (ensalada rusa) &#8211; verduras al vapor (o hervidas): zanahorias, apio, patatas, guisantes, verduras en escabeche (pepinillos, pimientos y tomates verdes), todo ello picado y mezclado con aceitunas, carne de ternera cocida y cortada en rodajas finas, y ligado con mayonesa<\/li>\n<li>ciorb\u0103 de peri\u0219oare &#8211; una sopa de verduras ligeramente \u00e1cida con salvado fermentado, con alb\u00f3ndigas de cerdo.<\/li>\n<li>Asado de cerdo &#8211; condimentado con verduras en escabeche o ensaladas mixtas o \u00abmujdei de usturoi\u00bb que es una salsa picante rumana y moldava, hecha de dientes de ajo machacados y molidos hasta formar una pasta, salada y mezclada en\u00e9rgicamente con aceite vegetal, a menudo agua y aceite de girasol, o con agua.<\/li>\n<li>Racituri o piftie (gelatina de carne): patas, orejas y cabeza de cerdo en aspic, acompa\u00f1adas de una ensalada de remolacha rallada y r\u00e1bano picante, conservadas en una mezcla de agua con az\u00facar y vinagre.<\/li>\n<li>Salchichas frescas de cerdo, que luego se asan o se fr\u00eden, cubiertas con mur\u0103turi &#8211; encurtidos, pimientos de tomate, tomates verdes, remolacha, zanahorias, pimientos rojos Kapia en salmuera.<\/li>\n<li>Varios productos de charcuter\u00eda tradicional: tob\u0103 &#8211; intestinos de cerdo rellenos de gelatina de carne, h\u00edgado y corteza; caltabo\u0219 &#8211; una especie de morcilla.<\/li>\n<li>Cozonac &#8211; un brioche relleno de frutos secos y cacao que requiere un largo tiempo de preparaci\u00f3n que comienza temprano en Nochebuena. El amasado de la masa debe durar varias horas. El relleno consiste en nueces trituradas, pasas, vainilla, ron, rahat o lokum.<\/li>\n<\/ul>\n<p>[\/vc_column_text][\/vc_column][\/vc_row]<\/p>\n","protected":false},"excerpt":{"rendered":"<p>Las vacaciones de invierno son muy importantes para los rumanos. Dicho esto, la Navidad sigue siendo la fiesta m\u00e1s importante del a\u00f1o para ellos y se celebra con generosidad.<\/p>\n","protected":false},"author":9,"featured_media":33328,"comment_status":"closed","ping_status":"closed","sticky":false,"template":"","format":"standard","meta":{"_acf_changed":false,"footnotes":""},"categories":[837,723,725],"tags":[],"class_list":["post-30071","post","type-post","status-publish","format-standard","has-post-thumbnail","hentry","category-descubre-europa-con-ab2pro-es","category-descubrir-la-rumania","category-pagina-inicial-es"],"acf":[],"yoast_head":"<!-- This site is optimized with the Yoast SEO plugin v26.8 - https:\/\/yoast.com\/product\/yoast-seo-wordpress\/ -->\n<title>\u00bfC\u00f3mo se celebra la Navidad en Ruman\u00eda y Moldavia? - AB2PRO<\/title>\n<meta name=\"description\" content=\"\u00bfC\u00f3mo se celebra la Navidad en Ruman\u00eda y Moldavia?\" \/>\n<meta name=\"robots\" content=\"index, follow, max-snippet:-1, max-image-preview:large, max-video-preview:-1\" \/>\n<link rel=\"canonical\" href=\"https:\/\/www.ab2pro.com\/es\/como-se-celebra-la-navidad-en-rumania-y-moldavia\/\" \/>\n<meta property=\"og:locale\" content=\"es_ES\" \/>\n<meta property=\"og:type\" content=\"article\" \/>\n<meta property=\"og:title\" content=\"\u00bfC\u00f3mo se celebra la Navidad en Ruman\u00eda y Moldavia? - AB2PRO\" \/>\n<meta property=\"og:description\" content=\"\u00bfC\u00f3mo se celebra la Navidad en Ruman\u00eda y Moldavia?\" \/>\n<meta property=\"og:url\" content=\"https:\/\/www.ab2pro.com\/es\/como-se-celebra-la-navidad-en-rumania-y-moldavia\/\" \/>\n<meta property=\"og:site_name\" content=\"AB2PRO\" \/>\n<meta property=\"article:published_time\" content=\"2022-12-01T08:30:12+00:00\" \/>\n<meta property=\"article:modified_time\" content=\"2025-07-24T14:56:35+00:00\" \/>\n<meta property=\"og:image\" content=\"https:\/\/www.ab2pro.com\/wp-content\/uploads\/2021\/11\/romania-marche-de-noel-.jpg\" \/>\n\t<meta property=\"og:image:width\" content=\"439\" \/>\n\t<meta property=\"og:image:height\" content=\"439\" \/>\n\t<meta property=\"og:image:type\" content=\"image\/jpeg\" \/>\n<meta name=\"author\" content=\"MaudeAB2PRO\" \/>\n<meta name=\"twitter:card\" content=\"summary_large_image\" \/>\n<meta name=\"twitter:label1\" content=\"Escrito por\" \/>\n\t<meta name=\"twitter:data1\" content=\"MaudeAB2PRO\" \/>\n\t<meta name=\"twitter:label2\" content=\"Tiempo de lectura\" \/>\n\t<meta name=\"twitter:data2\" content=\"9 minutos\" \/>\n<script type=\"application\/ld+json\" class=\"yoast-schema-graph\">{\"@context\":\"https:\/\/schema.org\",\"@graph\":[{\"@type\":\"Article\",\"@id\":\"https:\/\/www.ab2pro.com\/es\/como-se-celebra-la-navidad-en-rumania-y-moldavia\/#article\",\"isPartOf\":{\"@id\":\"https:\/\/www.ab2pro.com\/es\/como-se-celebra-la-navidad-en-rumania-y-moldavia\/\"},\"author\":{\"name\":\"MaudeAB2PRO\",\"@id\":\"https:\/\/www.ab2pro.com\/es\/#\/schema\/person\/2a8a291280d10fe49dac825b0c1542f0\"},\"headline\":\"\u00bfC\u00f3mo se celebra la Navidad en Ruman\u00eda y Moldavia?\",\"datePublished\":\"2022-12-01T08:30:12+00:00\",\"dateModified\":\"2025-07-24T14:56:35+00:00\",\"mainEntityOfPage\":{\"@id\":\"https:\/\/www.ab2pro.com\/es\/como-se-celebra-la-navidad-en-rumania-y-moldavia\/\"},\"wordCount\":1988,\"publisher\":{\"@id\":\"https:\/\/www.ab2pro.com\/es\/#organization\"},\"image\":{\"@id\":\"https:\/\/www.ab2pro.com\/es\/como-se-celebra-la-navidad-en-rumania-y-moldavia\/#primaryimage\"},\"thumbnailUrl\":\"https:\/\/www.ab2pro.com\/wp-content\/uploads\/2021\/11\/romania-marche-de-noel-.jpg\",\"articleSection\":[\"Descubre Europa con AB2PRO\",\"Descubrir la Ruman\u00eda\",\"P\u00e1gina inicial\"],\"inLanguage\":\"es\"},{\"@type\":\"WebPage\",\"@id\":\"https:\/\/www.ab2pro.com\/es\/como-se-celebra-la-navidad-en-rumania-y-moldavia\/\",\"url\":\"https:\/\/www.ab2pro.com\/es\/como-se-celebra-la-navidad-en-rumania-y-moldavia\/\",\"name\":\"\u00bfC\u00f3mo se celebra la Navidad en Ruman\u00eda y Moldavia? - AB2PRO\",\"isPartOf\":{\"@id\":\"https:\/\/www.ab2pro.com\/es\/#website\"},\"primaryImageOfPage\":{\"@id\":\"https:\/\/www.ab2pro.com\/es\/como-se-celebra-la-navidad-en-rumania-y-moldavia\/#primaryimage\"},\"image\":{\"@id\":\"https:\/\/www.ab2pro.com\/es\/como-se-celebra-la-navidad-en-rumania-y-moldavia\/#primaryimage\"},\"thumbnailUrl\":\"https:\/\/www.ab2pro.com\/wp-content\/uploads\/2021\/11\/romania-marche-de-noel-.jpg\",\"datePublished\":\"2022-12-01T08:30:12+00:00\",\"dateModified\":\"2025-07-24T14:56:35+00:00\",\"description\":\"\u00bfC\u00f3mo se celebra la Navidad en Ruman\u00eda y Moldavia?\",\"breadcrumb\":{\"@id\":\"https:\/\/www.ab2pro.com\/es\/como-se-celebra-la-navidad-en-rumania-y-moldavia\/#breadcrumb\"},\"inLanguage\":\"es\",\"potentialAction\":[{\"@type\":\"ReadAction\",\"target\":[\"https:\/\/www.ab2pro.com\/es\/como-se-celebra-la-navidad-en-rumania-y-moldavia\/\"]}]},{\"@type\":\"ImageObject\",\"inLanguage\":\"es\",\"@id\":\"https:\/\/www.ab2pro.com\/es\/como-se-celebra-la-navidad-en-rumania-y-moldavia\/#primaryimage\",\"url\":\"https:\/\/www.ab2pro.com\/wp-content\/uploads\/2021\/11\/romania-marche-de-noel-.jpg\",\"contentUrl\":\"https:\/\/www.ab2pro.com\/wp-content\/uploads\/2021\/11\/romania-marche-de-noel-.jpg\",\"width\":439,\"height\":439},{\"@type\":\"BreadcrumbList\",\"@id\":\"https:\/\/www.ab2pro.com\/es\/como-se-celebra-la-navidad-en-rumania-y-moldavia\/#breadcrumb\",\"itemListElement\":[{\"@type\":\"ListItem\",\"position\":1,\"name\":\"Accueil\",\"item\":\"https:\/\/www.ab2pro.com\/es\/\"},{\"@type\":\"ListItem\",\"position\":2,\"name\":\"\u00bfC\u00f3mo se celebra la Navidad en Ruman\u00eda y Moldavia?\"}]},{\"@type\":\"WebSite\",\"@id\":\"https:\/\/www.ab2pro.com\/es\/#website\",\"url\":\"https:\/\/www.ab2pro.com\/es\/\",\"name\":\"AB2PRO\",\"description\":\"Agence d&#039;emploi sp\u00e9cialis\u00e9e dans le recrutement de travailleurs europ\u00e9ens\",\"publisher\":{\"@id\":\"https:\/\/www.ab2pro.com\/es\/#organization\"},\"potentialAction\":[{\"@type\":\"SearchAction\",\"target\":{\"@type\":\"EntryPoint\",\"urlTemplate\":\"https:\/\/www.ab2pro.com\/es\/?s={search_term_string}\"},\"query-input\":{\"@type\":\"PropertyValueSpecification\",\"valueRequired\":true,\"valueName\":\"search_term_string\"}}],\"inLanguage\":\"es\"},{\"@type\":\"Organization\",\"@id\":\"https:\/\/www.ab2pro.com\/es\/#organization\",\"name\":\"AB2PRO\",\"url\":\"https:\/\/www.ab2pro.com\/es\/\",\"logo\":{\"@type\":\"ImageObject\",\"inLanguage\":\"es\",\"@id\":\"https:\/\/www.ab2pro.com\/es\/#\/schema\/logo\/image\/\",\"url\":\"https:\/\/www.ab2pro.com\/wp-content\/uploads\/2020\/11\/logo-profil.png\",\"contentUrl\":\"https:\/\/www.ab2pro.com\/wp-content\/uploads\/2020\/11\/logo-profil.png\",\"width\":230,\"height\":47,\"caption\":\"AB2PRO\"},\"image\":{\"@id\":\"https:\/\/www.ab2pro.com\/es\/#\/schema\/logo\/image\/\"}},{\"@type\":\"Person\",\"@id\":\"https:\/\/www.ab2pro.com\/es\/#\/schema\/person\/2a8a291280d10fe49dac825b0c1542f0\",\"name\":\"MaudeAB2PRO\",\"image\":{\"@type\":\"ImageObject\",\"inLanguage\":\"es\",\"@id\":\"https:\/\/www.ab2pro.com\/es\/#\/schema\/person\/image\/\",\"url\":\"https:\/\/secure.gravatar.com\/avatar\/613b8599a07b8d90193da3b7d84a1997?s=96&d=mm&r=g\",\"contentUrl\":\"https:\/\/secure.gravatar.com\/avatar\/613b8599a07b8d90193da3b7d84a1997?s=96&d=mm&r=g\",\"caption\":\"MaudeAB2PRO\"}}]}<\/script>\n<!-- \/ Yoast SEO plugin. -->","yoast_head_json":{"title":"\u00bfC\u00f3mo se celebra la Navidad en Ruman\u00eda y Moldavia? - AB2PRO","description":"\u00bfC\u00f3mo se celebra la Navidad en Ruman\u00eda y Moldavia?","robots":{"index":"index","follow":"follow","max-snippet":"max-snippet:-1","max-image-preview":"max-image-preview:large","max-video-preview":"max-video-preview:-1"},"canonical":"https:\/\/www.ab2pro.com\/es\/como-se-celebra-la-navidad-en-rumania-y-moldavia\/","og_locale":"es_ES","og_type":"article","og_title":"\u00bfC\u00f3mo se celebra la Navidad en Ruman\u00eda y Moldavia? - AB2PRO","og_description":"\u00bfC\u00f3mo se celebra la Navidad en Ruman\u00eda y Moldavia?","og_url":"https:\/\/www.ab2pro.com\/es\/como-se-celebra-la-navidad-en-rumania-y-moldavia\/","og_site_name":"AB2PRO","article_published_time":"2022-12-01T08:30:12+00:00","article_modified_time":"2025-07-24T14:56:35+00:00","og_image":[{"width":439,"height":439,"url":"https:\/\/www.ab2pro.com\/wp-content\/uploads\/2021\/11\/romania-marche-de-noel-.jpg","type":"image\/jpeg"}],"author":"MaudeAB2PRO","twitter_card":"summary_large_image","twitter_misc":{"Escrito por":"MaudeAB2PRO","Tiempo de lectura":"9 minutos"},"schema":{"@context":"https:\/\/schema.org","@graph":[{"@type":"Article","@id":"https:\/\/www.ab2pro.com\/es\/como-se-celebra-la-navidad-en-rumania-y-moldavia\/#article","isPartOf":{"@id":"https:\/\/www.ab2pro.com\/es\/como-se-celebra-la-navidad-en-rumania-y-moldavia\/"},"author":{"name":"MaudeAB2PRO","@id":"https:\/\/www.ab2pro.com\/es\/#\/schema\/person\/2a8a291280d10fe49dac825b0c1542f0"},"headline":"\u00bfC\u00f3mo se celebra la Navidad en Ruman\u00eda y Moldavia?","datePublished":"2022-12-01T08:30:12+00:00","dateModified":"2025-07-24T14:56:35+00:00","mainEntityOfPage":{"@id":"https:\/\/www.ab2pro.com\/es\/como-se-celebra-la-navidad-en-rumania-y-moldavia\/"},"wordCount":1988,"publisher":{"@id":"https:\/\/www.ab2pro.com\/es\/#organization"},"image":{"@id":"https:\/\/www.ab2pro.com\/es\/como-se-celebra-la-navidad-en-rumania-y-moldavia\/#primaryimage"},"thumbnailUrl":"https:\/\/www.ab2pro.com\/wp-content\/uploads\/2021\/11\/romania-marche-de-noel-.jpg","articleSection":["Descubre Europa con AB2PRO","Descubrir la Ruman\u00eda","P\u00e1gina inicial"],"inLanguage":"es"},{"@type":"WebPage","@id":"https:\/\/www.ab2pro.com\/es\/como-se-celebra-la-navidad-en-rumania-y-moldavia\/","url":"https:\/\/www.ab2pro.com\/es\/como-se-celebra-la-navidad-en-rumania-y-moldavia\/","name":"\u00bfC\u00f3mo se celebra la Navidad en Ruman\u00eda y Moldavia? - AB2PRO","isPartOf":{"@id":"https:\/\/www.ab2pro.com\/es\/#website"},"primaryImageOfPage":{"@id":"https:\/\/www.ab2pro.com\/es\/como-se-celebra-la-navidad-en-rumania-y-moldavia\/#primaryimage"},"image":{"@id":"https:\/\/www.ab2pro.com\/es\/como-se-celebra-la-navidad-en-rumania-y-moldavia\/#primaryimage"},"thumbnailUrl":"https:\/\/www.ab2pro.com\/wp-content\/uploads\/2021\/11\/romania-marche-de-noel-.jpg","datePublished":"2022-12-01T08:30:12+00:00","dateModified":"2025-07-24T14:56:35+00:00","description":"\u00bfC\u00f3mo se celebra la Navidad en Ruman\u00eda y Moldavia?","breadcrumb":{"@id":"https:\/\/www.ab2pro.com\/es\/como-se-celebra-la-navidad-en-rumania-y-moldavia\/#breadcrumb"},"inLanguage":"es","potentialAction":[{"@type":"ReadAction","target":["https:\/\/www.ab2pro.com\/es\/como-se-celebra-la-navidad-en-rumania-y-moldavia\/"]}]},{"@type":"ImageObject","inLanguage":"es","@id":"https:\/\/www.ab2pro.com\/es\/como-se-celebra-la-navidad-en-rumania-y-moldavia\/#primaryimage","url":"https:\/\/www.ab2pro.com\/wp-content\/uploads\/2021\/11\/romania-marche-de-noel-.jpg","contentUrl":"https:\/\/www.ab2pro.com\/wp-content\/uploads\/2021\/11\/romania-marche-de-noel-.jpg","width":439,"height":439},{"@type":"BreadcrumbList","@id":"https:\/\/www.ab2pro.com\/es\/como-se-celebra-la-navidad-en-rumania-y-moldavia\/#breadcrumb","itemListElement":[{"@type":"ListItem","position":1,"name":"Accueil","item":"https:\/\/www.ab2pro.com\/es\/"},{"@type":"ListItem","position":2,"name":"\u00bfC\u00f3mo se celebra la Navidad en Ruman\u00eda y Moldavia?"}]},{"@type":"WebSite","@id":"https:\/\/www.ab2pro.com\/es\/#website","url":"https:\/\/www.ab2pro.com\/es\/","name":"AB2PRO","description":"Agence d&#039;emploi sp\u00e9cialis\u00e9e dans le recrutement de travailleurs europ\u00e9ens","publisher":{"@id":"https:\/\/www.ab2pro.com\/es\/#organization"},"potentialAction":[{"@type":"SearchAction","target":{"@type":"EntryPoint","urlTemplate":"https:\/\/www.ab2pro.com\/es\/?s={search_term_string}"},"query-input":{"@type":"PropertyValueSpecification","valueRequired":true,"valueName":"search_term_string"}}],"inLanguage":"es"},{"@type":"Organization","@id":"https:\/\/www.ab2pro.com\/es\/#organization","name":"AB2PRO","url":"https:\/\/www.ab2pro.com\/es\/","logo":{"@type":"ImageObject","inLanguage":"es","@id":"https:\/\/www.ab2pro.com\/es\/#\/schema\/logo\/image\/","url":"https:\/\/www.ab2pro.com\/wp-content\/uploads\/2020\/11\/logo-profil.png","contentUrl":"https:\/\/www.ab2pro.com\/wp-content\/uploads\/2020\/11\/logo-profil.png","width":230,"height":47,"caption":"AB2PRO"},"image":{"@id":"https:\/\/www.ab2pro.com\/es\/#\/schema\/logo\/image\/"}},{"@type":"Person","@id":"https:\/\/www.ab2pro.com\/es\/#\/schema\/person\/2a8a291280d10fe49dac825b0c1542f0","name":"MaudeAB2PRO","image":{"@type":"ImageObject","inLanguage":"es","@id":"https:\/\/www.ab2pro.com\/es\/#\/schema\/person\/image\/","url":"https:\/\/secure.gravatar.com\/avatar\/613b8599a07b8d90193da3b7d84a1997?s=96&d=mm&r=g","contentUrl":"https:\/\/secure.gravatar.com\/avatar\/613b8599a07b8d90193da3b7d84a1997?s=96&d=mm&r=g","caption":"MaudeAB2PRO"}}]}},"_links":{"self":[{"href":"https:\/\/www.ab2pro.com\/es\/wp-json\/wp\/v2\/posts\/30071","targetHints":{"allow":["GET"]}}],"collection":[{"href":"https:\/\/www.ab2pro.com\/es\/wp-json\/wp\/v2\/posts"}],"about":[{"href":"https:\/\/www.ab2pro.com\/es\/wp-json\/wp\/v2\/types\/post"}],"author":[{"embeddable":true,"href":"https:\/\/www.ab2pro.com\/es\/wp-json\/wp\/v2\/users\/9"}],"replies":[{"embeddable":true,"href":"https:\/\/www.ab2pro.com\/es\/wp-json\/wp\/v2\/comments?post=30071"}],"version-history":[{"count":0,"href":"https:\/\/www.ab2pro.com\/es\/wp-json\/wp\/v2\/posts\/30071\/revisions"}],"wp:featuredmedia":[{"embeddable":true,"href":"https:\/\/www.ab2pro.com\/es\/wp-json\/wp\/v2\/media\/33328"}],"wp:attachment":[{"href":"https:\/\/www.ab2pro.com\/es\/wp-json\/wp\/v2\/media?parent=30071"}],"wp:term":[{"taxonomy":"category","embeddable":true,"href":"https:\/\/www.ab2pro.com\/es\/wp-json\/wp\/v2\/categories?post=30071"},{"taxonomy":"post_tag","embeddable":true,"href":"https:\/\/www.ab2pro.com\/es\/wp-json\/wp\/v2\/tags?post=30071"}],"curies":[{"name":"wp","href":"https:\/\/api.w.org\/{rel}","templated":true}]}}