
{"id":31432,"date":"2022-03-16T14:52:26","date_gmt":"2022-03-16T13:52:26","guid":{"rendered":"https:\/\/www.ab2pro.com\/?p=31432"},"modified":"2025-07-24T16:54:16","modified_gmt":"2025-07-24T14:54:16","slug":"los-10-prejuicios-del-trabajo-temporal","status":"publish","type":"post","link":"https:\/\/www.ab2pro.com\/es\/los-10-prejuicios-del-trabajo-temporal\/","title":{"rendered":"Los 10 prejuicios del trabajo temporal"},"content":{"rendered":"<p>[vc_row][vc_column][vc_column_text css_animation=\u00bbfadeInDown\u00bb]El mercado de trabajo temporal en Francia lleva varios a\u00f1os evolucionando y sigue ampli\u00e1ndose con muchas ofertas interesantes en diversos \u00e1mbitos laborales. Sin embargo, el sector del trabajo temporal sigue siendo poco conocido por el p\u00fablico en general y muchas personas tienen prejuicios al respecto. El contrato temporal, verdadero protagonista de la econom\u00eda y el empleo, tambi\u00e9n merece su lugar junto a los contratos indefinidos y de duraci\u00f3n determinada. Por tanto, ha llegado el momento de acabar con las ideas err\u00f3neas sobre el trabajo temporal.<\/p>\n<h3>1. \u00bfTrabajos interinos = trabajos no cualificados?<\/h3>\n<p>Cada vez m\u00e1s empresas recurren a los contratos temporales porque son muy ventajosos. No s\u00f3lo los sectores de la construcci\u00f3n, la industria y la log\u00edstica utilizan trabajadores temporales, sino tambi\u00e9n los sectores m\u00e9dico y de servicios. As\u00ed que ahora es posible encontrar ofertas en multitud de campos y en varios tipos de puestos que van desde asistente dental hasta director de obra.[\/vc_column_text][vc_row_inner][vc_column_inner width=\u00bb1\/2&#8243;][vc_single_image image=\u00bb31508&#8243; img_size=\u00bblarge\u00bb css_animation=\u00bbfadeIn\u00bb][\/vc_column_inner][vc_column_inner width=\u00bb1\/2&#8243;][vc_column_text css_animation=\u00bbfadeIn\u00bb]<\/p>\n<h3>2. El trabajo temporal no es una opci\u00f3n<\/h3>\n<p>Trabajar como trabajador temporal suele ser una opci\u00f3n muy meditada. A diferencia de un trabajo fijo o permanente, el trabajo temporal ofrece una gran flexibilidad. Es ideal para los trabajadores que buscan un cambio de carrera o un peque\u00f1o trabajo que les proporcione ingresos adicionales. Adem\u00e1s, existe un equilibrio personal y profesional porque la duraci\u00f3n de las tareas es muy variada. Otra ventaja del trabajo temporal ser\u00eda que es m\u00e1s f\u00e1cil y r\u00e1pido encontrar un empleo que conseguir un contrato de duraci\u00f3n determinada o permanente.[\/vc_column_text][\/vc_column_inner][\/vc_row_inner][vc_column_text css_animation=\u00bbfadeIn\u00bb]Por ejemplo, para los j\u00f3venes licenciados o las personas con poca experiencia, el trabajo temporal es la forma perfecta de entrar en el mercado laboral.[\/vc_column_text][vc_row_inner][vc_column_inner][vc_column_text css_animation=\u00bbfadeIn\u00bb]<\/p>\n<h3>3. \u00bfInterim rima con precario?<\/h3>\n<p>En contra de la creencia popular, el trabajo temporal no es precario. El contrato de trabajo temporal est\u00e1 estrictamente regulado por la ley y, por tanto, los trabajadores temporales est\u00e1n protegidos por el C\u00f3digo Laboral. Incluso hay una serie de prestaciones para ellos: ayuda para encontrar alojamiento con el FASTT (Fonds d&#8217;Action Social du Travail Temporaire), para tener un coche o para cuidar a los ni\u00f1os durante las misiones.<br \/>\nAunque existen muchos prejuicios sobre el trabajo temporal, los trabajadores cedidos reciben una paga de vacaciones y subsidios de fin de misi\u00f3n, lo que significa que su salario es a menudo superior al de sus colegas con contrato indefinido. As\u00ed, la remuneraci\u00f3n bruta en euros de un empleado suele ser m\u00e1s alta.[\/vc_column_text][\/vc_column_inner][\/vc_row_inner][vc_row_inner][vc_column_inner width=\u00bb1\/2&#8243;][vc_column_text css_animation=\u00bbfadeIn\u00bb]<\/p>\n<h3>4. Trabajar con una empresa de trabajo temporal es restrictivo<\/h3>\n<p>Cuando surgen nuevas empresas de trabajo temporal, los actores tradicionales se enfrentan a una dura competencia. Desde hace algunos a\u00f1os, las empresas de trabajo temporal en l\u00ednea imponen su nuevo modelo. Dotadas de un proceso totalmente digitalizado, estas empresas de trabajo temporal son tan atractivas para sus clientes como para los trabajadores temporales.<br \/>\nSon capaces de ofrecer a los clientes una selecci\u00f3n de candidatos que se ajustan perfectamente a los puestos que hay que cubrir, de forma r\u00e1pida y eficaz. Las agencias de trabajo temporal en l\u00ednea pueden ofrecer trabajadores temporales independientemente del sector o la ubicaci\u00f3n geogr\u00e1fica de la empresa.[\/vc_column_text][\/vc_column_inner][vc_column_inner width=\u00bb1\/2&#8243;][vc_single_image image=\u00bb31550&#8243; img_size=\u00bblarge\u00bb css_animation=\u00bbfadeIn\u00bb][\/vc_column_inner][\/vc_row_inner][vc_column_text css_animation=\u00bbfadeIn\u00bb]Por parte del empleado, el trabajador temporal ya no tiene que ir a la agencia porque todo es digital. Pueden buscar trabajo desde casa a trav\u00e9s de su ordenador o tel\u00e9fono m\u00f3vil. Sus datos est\u00e1n almacenados en la plataforma digital y ya no tiene que pasar horas elaborando varios curr\u00edculos. Esto \u00faltimo ser\u00e1 directamente visible para el reclutador y para la empresa a la que se dirige.[\/vc_column_text][vc_column_text css_animation=\u00bbfadeIn\u00bb]<\/p>\n<h3>5. Los trabajadores temporales no pueden desarrollar o formar<\/h3>\n<p>Algunas empresas de trabajo temporal tienen un presupuesto dedicado a la formaci\u00f3n para aumentar los conocimientos y habilidades de sus trabajadores temporales. Muchas agencias est\u00e1n dispuestas a pagar la formaci\u00f3n necesaria para ocupar el puesto, con el fin de encontrar al empleado adecuado a las necesidades de sus clientes.<br \/>\nSeg\u00fan el sector al que se dirijan, algunas cualificaciones est\u00e1n reconocidas por el Estado. Este es el caso del CACES, que permite al empleado trabajar como manipulador o carretillero.[\/vc_column_text][vc_column_text css_animation=\u00bbfadeIn\u00bb]<\/p>\n<h3>6. S\u00f3lo las personas sin cualificaci\u00f3n trabajan en empleos temporales<\/h3>\n<p>Como se ha visto anteriormente, la demanda de trabajadores temporales est\u00e1 creciendo y se refiere cada vez m\u00e1s a ocupaciones cualificadas de muchos campos de actividad: trabajador de la construcci\u00f3n, jefe de contabilidad, asistente dental, etc. Si bien es cierto que muchos j\u00f3venes sin formaci\u00f3n trabajan en empleos temporales, tambi\u00e9n est\u00e1n saliendo al mercado perfiles senior (se considera senior a cualquier persona mayor de 45 a\u00f1os). Una ventaja del trabajo temporal es que les permite una transici\u00f3n m\u00e1s f\u00e1cil a la jubilaci\u00f3n. Es m\u00e1s dif\u00edcil conseguir un contrato indefinido al final de la carrera que una asignaci\u00f3n de duraci\u00f3n limitada. Estas misiones tambi\u00e9n sirven para complementar el salario que reciben para su jubilaci\u00f3n. Adem\u00e1s, los seniors son muy buscados y apreciados por los reclutadores por su experiencia en una determinada profesi\u00f3n y su capacidad para formar un equipo.[\/vc_column_text][vc_column_text css_animation=\u00bbfadeIn\u00bb]<\/p>\n<h3>7. Una asignaci\u00f3n temporal no cuenta como experiencia relevante<\/h3>\n<p>En contra de la creencia popular, un trabajador temporal que realiza una serie de tareas puede adquirir m\u00e1s experiencia que un joven empleado con un contrato permanente. Si el empleado temporal realiza siempre el mismo trabajo durante sus asignaciones, se convierte en un experto en su campo de actividad, pero tambi\u00e9n puede volverse vers\u00e1til si opta por asignaciones en varios sectores o trabajos. Algunos reclutadores pueden incluso crear un puesto permanente para mantener al empleado en su empresa si est\u00e1n satisfechos con el trabajador temporal y, especialmente, si estos candidatos son escasos.[\/vc_column_text][vc_row_inner][vc_column_inner width=\u00bb1\/2&#8243;][vc_single_image image=\u00bb31526&#8243; img_size=\u00bblarge\u00bb css_animation=\u00bbfadeIn\u00bb][\/vc_column_inner][vc_column_inner width=\u00bb1\/2&#8243;][vc_column_text css_animation=\u00bbfadeIn\u00bb]<\/p>\n<h3>8. \u00bfUna vez trabajador temporal, siempre trabajador temporal?<\/h3>\n<p>Uno de los prejuicios es que el trabajo temporal no ofrece oportunidades de desarrollo profesional. Si se tiene mucha experiencia en el trabajo temporal, ser\u00e1 posible aumentar las posibilidades de conseguir un contrato permanente. Algunos reclutadores pueden incluso crear un puesto permanente para mantener al empleado en su empresa si est\u00e1n satisfechos con el temporal y, especialmente, si estos candidatos son raros de encontrar.[\/vc_column_text][\/vc_column_inner][\/vc_row_inner][vc_column_text css_animation=\u00bbfadeIn\u00bb]<\/p>\n<h3>9. El trabajo temporal suele ser s\u00f3lo contratos cortos<\/h3>\n<p>Ya no se trata de que el trabajo temporal s\u00f3lo ofrezca contratos de corta duraci\u00f3n. La oferta se ha ampliado y es posible encontrar encargos muy cortos y otros muy largos. Este es el caso de una empresa que quiere sustituir a uno de sus empleados que est\u00e1 de baja por enfermedad de larga duraci\u00f3n o por maternidad.[\/vc_column_text][vc_column_text css_animation=\u00bbfadeIn\u00bb]<\/p>\n<h3>10. Los trabajadores temporales trabajan mal<\/h3>\n<p>Este es uno de los prejuicios m\u00e1s comunes, ya que los trabajadores temporales tienen fama de no presentarse a sus tareas el primer d\u00eda. Sin embargo, los trabajadores temporales suelen estar mucho m\u00e1s motivados porque, si quieren que una empresa les ofrezca misiones, tienen que causar una buena impresi\u00f3n en las empresas en las que trabajan.<br \/>\nEn conclusi\u00f3n<br \/>\nAhora que sabemos cu\u00e1les son los principales prejuicios sobre el contrato de trabajo temporal y que podemos aportar justificaciones s\u00f3lidas a estos detractores, podemos afirmar que el trabajo temporal es mucho mejor de lo que pensamos. A pesar de todos estos t\u00f3picos, el trabajo temporal est\u00e1 creciendo y <span style=\"font-weight: 400;\">ofrece muchas ventajas a los trabajadores. La experiencia de muchos trabajadores temporales es la prueba real de este tipo de contrato.<\/span>[\/vc_column_text][vc_column_text css_animation=\u00bbfadeIn\u00bb]<em>#AB2PROTEAM En AB2PRO dejamos atr\u00e1s los prejuicios del trabajo temporal y nos centramos en el \u00e9xito de nuestros temporales.<\/em><br \/>\n<em>Los contratos y cesiones temporales son tan ventajosos como los de duraci\u00f3n determinada o los indefinidos, o incluso m\u00e1s en determinadas situaciones. El balance es favorable al trabajo temporal en t\u00e9rminos de flexibilidad horaria y variedad de tareas.<\/em>[\/vc_column_text][vc_gallery interval=\u00bb3&#8243; images=\u00bb31469,31476,31483,31462&#8243; img_size=\u00bblarge\u00bb css_animation=\u00bbfadeIn\u00bb][vc_column_text][\/vc_column_text][\/vc_column][\/vc_row][vc_row][vc_column][\/vc_column][\/vc_row]<\/p>\n","protected":false},"excerpt":{"rendered":"<p>Cuando uno no sabe algo, suele tener prejuicios&#8230; \u00a1Y ah\u00ed es donde entramos nosotros para ayudarle a distinguir lo verdadero de lo falso!<\/p>\n","protected":false},"author":18,"featured_media":33612,"comment_status":"closed","ping_status":"closed","sticky":false,"template":"","format":"standard","meta":{"_acf_changed":false,"footnotes":""},"categories":[725,729,731],"tags":[],"class_list":["post-31432","post","type-post","status-publish","format-standard","has-post-thumbnail","hentry","category-pagina-inicial-es","category-presentacion-de-una-empresa-de-trabajo-temporal","category-venir-trabajar-en-francia"],"acf":[],"yoast_head":"<!-- This site is optimized with the Yoast SEO plugin v26.8 - https:\/\/yoast.com\/product\/yoast-seo-wordpress\/ -->\n<title>Los 10 prejuicios del trabajo temporal - AB2PRO.<\/title>\n<meta name=\"description\" content=\"El contrato de trabajo temporal, que es un verdadero actor de la econom\u00eda y el empleo, tambi\u00e9n merece su lugar junto a los contratos indefinidos y de duraci\u00f3n determinada. Por lo tanto, ha llegado el momento de acabar con las ideas err\u00f3neas sobre el trabajo temporal. %\" \/>\n<meta name=\"robots\" content=\"index, follow, max-snippet:-1, max-image-preview:large, max-video-preview:-1\" \/>\n<link rel=\"canonical\" href=\"https:\/\/www.ab2pro.com\/es\/los-10-prejuicios-del-trabajo-temporal\/\" \/>\n<meta property=\"og:locale\" content=\"es_ES\" \/>\n<meta property=\"og:type\" content=\"article\" \/>\n<meta property=\"og:title\" content=\"Los 10 prejuicios del trabajo temporal - AB2PRO.\" \/>\n<meta property=\"og:description\" content=\"El contrato de trabajo temporal, que es un verdadero actor de la econom\u00eda y el empleo, tambi\u00e9n merece su lugar junto a los contratos indefinidos y de duraci\u00f3n determinada. Por lo tanto, ha llegado el momento de acabar con las ideas err\u00f3neas sobre el trabajo temporal. %\" \/>\n<meta property=\"og:url\" content=\"https:\/\/www.ab2pro.com\/es\/los-10-prejuicios-del-trabajo-temporal\/\" \/>\n<meta property=\"og:site_name\" content=\"AB2PRO\" \/>\n<meta property=\"article:published_time\" content=\"2022-03-16T13:52:26+00:00\" \/>\n<meta property=\"article:modified_time\" content=\"2025-07-24T14:54:16+00:00\" \/>\n<meta property=\"og:image\" content=\"https:\/\/www.ab2pro.com\/wp-content\/uploads\/2022\/02\/cetteup-54t5rivyaii-unsplash-scaled.jpg\" \/>\n\t<meta property=\"og:image:width\" content=\"2048\" \/>\n\t<meta property=\"og:image:height\" content=\"2048\" \/>\n\t<meta property=\"og:image:type\" content=\"image\/jpeg\" \/>\n<meta name=\"author\" content=\"AB2ProTradRoumain\" \/>\n<meta name=\"twitter:card\" content=\"summary_large_image\" \/>\n<meta name=\"twitter:label1\" content=\"Escrito por\" \/>\n\t<meta name=\"twitter:data1\" content=\"AB2ProTradRoumain\" \/>\n\t<meta name=\"twitter:label2\" content=\"Tiempo de lectura\" \/>\n\t<meta name=\"twitter:data2\" content=\"8 minutos\" \/>\n<script type=\"application\/ld+json\" class=\"yoast-schema-graph\">{\"@context\":\"https:\/\/schema.org\",\"@graph\":[{\"@type\":\"Article\",\"@id\":\"https:\/\/www.ab2pro.com\/es\/los-10-prejuicios-del-trabajo-temporal\/#article\",\"isPartOf\":{\"@id\":\"https:\/\/www.ab2pro.com\/es\/los-10-prejuicios-del-trabajo-temporal\/\"},\"author\":{\"name\":\"AB2ProTradRoumain\",\"@id\":\"https:\/\/www.ab2pro.com\/es\/#\/schema\/person\/36383d5c06ef2b01ccd75a541a8af27a\"},\"headline\":\"Los 10 prejuicios del trabajo temporal\",\"datePublished\":\"2022-03-16T13:52:26+00:00\",\"dateModified\":\"2025-07-24T14:54:16+00:00\",\"mainEntityOfPage\":{\"@id\":\"https:\/\/www.ab2pro.com\/es\/los-10-prejuicios-del-trabajo-temporal\/\"},\"wordCount\":1577,\"publisher\":{\"@id\":\"https:\/\/www.ab2pro.com\/es\/#organization\"},\"image\":{\"@id\":\"https:\/\/www.ab2pro.com\/es\/los-10-prejuicios-del-trabajo-temporal\/#primaryimage\"},\"thumbnailUrl\":\"https:\/\/www.ab2pro.com\/wp-content\/uploads\/2022\/02\/cetteup-54t5rivyaii-unsplash-scaled.jpg\",\"articleSection\":[\"P\u00e1gina inicial\",\"Presentaci\u00f3n de una empresa de trabajo temporal\",\"Venir trabajar en Francia\"],\"inLanguage\":\"es\"},{\"@type\":\"WebPage\",\"@id\":\"https:\/\/www.ab2pro.com\/es\/los-10-prejuicios-del-trabajo-temporal\/\",\"url\":\"https:\/\/www.ab2pro.com\/es\/los-10-prejuicios-del-trabajo-temporal\/\",\"name\":\"Los 10 prejuicios del trabajo temporal - AB2PRO.\",\"isPartOf\":{\"@id\":\"https:\/\/www.ab2pro.com\/es\/#website\"},\"primaryImageOfPage\":{\"@id\":\"https:\/\/www.ab2pro.com\/es\/los-10-prejuicios-del-trabajo-temporal\/#primaryimage\"},\"image\":{\"@id\":\"https:\/\/www.ab2pro.com\/es\/los-10-prejuicios-del-trabajo-temporal\/#primaryimage\"},\"thumbnailUrl\":\"https:\/\/www.ab2pro.com\/wp-content\/uploads\/2022\/02\/cetteup-54t5rivyaii-unsplash-scaled.jpg\",\"datePublished\":\"2022-03-16T13:52:26+00:00\",\"dateModified\":\"2025-07-24T14:54:16+00:00\",\"description\":\"El contrato de trabajo temporal, que es un verdadero actor de la econom\u00eda y el empleo, tambi\u00e9n merece su lugar junto a los contratos indefinidos y de duraci\u00f3n determinada. Por lo tanto, ha llegado el momento de acabar con las ideas err\u00f3neas sobre el trabajo temporal. %\",\"breadcrumb\":{\"@id\":\"https:\/\/www.ab2pro.com\/es\/los-10-prejuicios-del-trabajo-temporal\/#breadcrumb\"},\"inLanguage\":\"es\",\"potentialAction\":[{\"@type\":\"ReadAction\",\"target\":[\"https:\/\/www.ab2pro.com\/es\/los-10-prejuicios-del-trabajo-temporal\/\"]}]},{\"@type\":\"ImageObject\",\"inLanguage\":\"es\",\"@id\":\"https:\/\/www.ab2pro.com\/es\/los-10-prejuicios-del-trabajo-temporal\/#primaryimage\",\"url\":\"https:\/\/www.ab2pro.com\/wp-content\/uploads\/2022\/02\/cetteup-54t5rivyaii-unsplash-scaled.jpg\",\"contentUrl\":\"https:\/\/www.ab2pro.com\/wp-content\/uploads\/2022\/02\/cetteup-54t5rivyaii-unsplash-scaled.jpg\",\"width\":2048,\"height\":2048},{\"@type\":\"BreadcrumbList\",\"@id\":\"https:\/\/www.ab2pro.com\/es\/los-10-prejuicios-del-trabajo-temporal\/#breadcrumb\",\"itemListElement\":[{\"@type\":\"ListItem\",\"position\":1,\"name\":\"Accueil\",\"item\":\"https:\/\/www.ab2pro.com\/es\/\"},{\"@type\":\"ListItem\",\"position\":2,\"name\":\"Los 10 prejuicios del trabajo temporal\"}]},{\"@type\":\"WebSite\",\"@id\":\"https:\/\/www.ab2pro.com\/es\/#website\",\"url\":\"https:\/\/www.ab2pro.com\/es\/\",\"name\":\"AB2PRO\",\"description\":\"Agence d&#039;emploi sp\u00e9cialis\u00e9e dans le recrutement de travailleurs europ\u00e9ens\",\"publisher\":{\"@id\":\"https:\/\/www.ab2pro.com\/es\/#organization\"},\"potentialAction\":[{\"@type\":\"SearchAction\",\"target\":{\"@type\":\"EntryPoint\",\"urlTemplate\":\"https:\/\/www.ab2pro.com\/es\/?s={search_term_string}\"},\"query-input\":{\"@type\":\"PropertyValueSpecification\",\"valueRequired\":true,\"valueName\":\"search_term_string\"}}],\"inLanguage\":\"es\"},{\"@type\":\"Organization\",\"@id\":\"https:\/\/www.ab2pro.com\/es\/#organization\",\"name\":\"AB2PRO\",\"url\":\"https:\/\/www.ab2pro.com\/es\/\",\"logo\":{\"@type\":\"ImageObject\",\"inLanguage\":\"es\",\"@id\":\"https:\/\/www.ab2pro.com\/es\/#\/schema\/logo\/image\/\",\"url\":\"https:\/\/www.ab2pro.com\/wp-content\/uploads\/2020\/11\/logo-profil.png\",\"contentUrl\":\"https:\/\/www.ab2pro.com\/wp-content\/uploads\/2020\/11\/logo-profil.png\",\"width\":230,\"height\":47,\"caption\":\"AB2PRO\"},\"image\":{\"@id\":\"https:\/\/www.ab2pro.com\/es\/#\/schema\/logo\/image\/\"}},{\"@type\":\"Person\",\"@id\":\"https:\/\/www.ab2pro.com\/es\/#\/schema\/person\/36383d5c06ef2b01ccd75a541a8af27a\",\"name\":\"AB2ProTradRoumain\",\"image\":{\"@type\":\"ImageObject\",\"inLanguage\":\"es\",\"@id\":\"https:\/\/www.ab2pro.com\/es\/#\/schema\/person\/image\/\",\"url\":\"https:\/\/secure.gravatar.com\/avatar\/dec97dbf02524b974da41dadadc61092?s=96&d=mm&r=g\",\"contentUrl\":\"https:\/\/secure.gravatar.com\/avatar\/dec97dbf02524b974da41dadadc61092?s=96&d=mm&r=g\",\"caption\":\"AB2ProTradRoumain\"}}]}<\/script>\n<!-- \/ Yoast SEO plugin. -->","yoast_head_json":{"title":"Los 10 prejuicios del trabajo temporal - AB2PRO.","description":"El contrato de trabajo temporal, que es un verdadero actor de la econom\u00eda y el empleo, tambi\u00e9n merece su lugar junto a los contratos indefinidos y de duraci\u00f3n determinada. Por lo tanto, ha llegado el momento de acabar con las ideas err\u00f3neas sobre el trabajo temporal. %","robots":{"index":"index","follow":"follow","max-snippet":"max-snippet:-1","max-image-preview":"max-image-preview:large","max-video-preview":"max-video-preview:-1"},"canonical":"https:\/\/www.ab2pro.com\/es\/los-10-prejuicios-del-trabajo-temporal\/","og_locale":"es_ES","og_type":"article","og_title":"Los 10 prejuicios del trabajo temporal - AB2PRO.","og_description":"El contrato de trabajo temporal, que es un verdadero actor de la econom\u00eda y el empleo, tambi\u00e9n merece su lugar junto a los contratos indefinidos y de duraci\u00f3n determinada. Por lo tanto, ha llegado el momento de acabar con las ideas err\u00f3neas sobre el trabajo temporal. %","og_url":"https:\/\/www.ab2pro.com\/es\/los-10-prejuicios-del-trabajo-temporal\/","og_site_name":"AB2PRO","article_published_time":"2022-03-16T13:52:26+00:00","article_modified_time":"2025-07-24T14:54:16+00:00","og_image":[{"width":2048,"height":2048,"url":"https:\/\/www.ab2pro.com\/wp-content\/uploads\/2022\/02\/cetteup-54t5rivyaii-unsplash-scaled.jpg","type":"image\/jpeg"}],"author":"AB2ProTradRoumain","twitter_card":"summary_large_image","twitter_misc":{"Escrito por":"AB2ProTradRoumain","Tiempo de lectura":"8 minutos"},"schema":{"@context":"https:\/\/schema.org","@graph":[{"@type":"Article","@id":"https:\/\/www.ab2pro.com\/es\/los-10-prejuicios-del-trabajo-temporal\/#article","isPartOf":{"@id":"https:\/\/www.ab2pro.com\/es\/los-10-prejuicios-del-trabajo-temporal\/"},"author":{"name":"AB2ProTradRoumain","@id":"https:\/\/www.ab2pro.com\/es\/#\/schema\/person\/36383d5c06ef2b01ccd75a541a8af27a"},"headline":"Los 10 prejuicios del trabajo temporal","datePublished":"2022-03-16T13:52:26+00:00","dateModified":"2025-07-24T14:54:16+00:00","mainEntityOfPage":{"@id":"https:\/\/www.ab2pro.com\/es\/los-10-prejuicios-del-trabajo-temporal\/"},"wordCount":1577,"publisher":{"@id":"https:\/\/www.ab2pro.com\/es\/#organization"},"image":{"@id":"https:\/\/www.ab2pro.com\/es\/los-10-prejuicios-del-trabajo-temporal\/#primaryimage"},"thumbnailUrl":"https:\/\/www.ab2pro.com\/wp-content\/uploads\/2022\/02\/cetteup-54t5rivyaii-unsplash-scaled.jpg","articleSection":["P\u00e1gina inicial","Presentaci\u00f3n de una empresa de trabajo temporal","Venir trabajar en Francia"],"inLanguage":"es"},{"@type":"WebPage","@id":"https:\/\/www.ab2pro.com\/es\/los-10-prejuicios-del-trabajo-temporal\/","url":"https:\/\/www.ab2pro.com\/es\/los-10-prejuicios-del-trabajo-temporal\/","name":"Los 10 prejuicios del trabajo temporal - AB2PRO.","isPartOf":{"@id":"https:\/\/www.ab2pro.com\/es\/#website"},"primaryImageOfPage":{"@id":"https:\/\/www.ab2pro.com\/es\/los-10-prejuicios-del-trabajo-temporal\/#primaryimage"},"image":{"@id":"https:\/\/www.ab2pro.com\/es\/los-10-prejuicios-del-trabajo-temporal\/#primaryimage"},"thumbnailUrl":"https:\/\/www.ab2pro.com\/wp-content\/uploads\/2022\/02\/cetteup-54t5rivyaii-unsplash-scaled.jpg","datePublished":"2022-03-16T13:52:26+00:00","dateModified":"2025-07-24T14:54:16+00:00","description":"El contrato de trabajo temporal, que es un verdadero actor de la econom\u00eda y el empleo, tambi\u00e9n merece su lugar junto a los contratos indefinidos y de duraci\u00f3n determinada. Por lo tanto, ha llegado el momento de acabar con las ideas err\u00f3neas sobre el trabajo temporal. %","breadcrumb":{"@id":"https:\/\/www.ab2pro.com\/es\/los-10-prejuicios-del-trabajo-temporal\/#breadcrumb"},"inLanguage":"es","potentialAction":[{"@type":"ReadAction","target":["https:\/\/www.ab2pro.com\/es\/los-10-prejuicios-del-trabajo-temporal\/"]}]},{"@type":"ImageObject","inLanguage":"es","@id":"https:\/\/www.ab2pro.com\/es\/los-10-prejuicios-del-trabajo-temporal\/#primaryimage","url":"https:\/\/www.ab2pro.com\/wp-content\/uploads\/2022\/02\/cetteup-54t5rivyaii-unsplash-scaled.jpg","contentUrl":"https:\/\/www.ab2pro.com\/wp-content\/uploads\/2022\/02\/cetteup-54t5rivyaii-unsplash-scaled.jpg","width":2048,"height":2048},{"@type":"BreadcrumbList","@id":"https:\/\/www.ab2pro.com\/es\/los-10-prejuicios-del-trabajo-temporal\/#breadcrumb","itemListElement":[{"@type":"ListItem","position":1,"name":"Accueil","item":"https:\/\/www.ab2pro.com\/es\/"},{"@type":"ListItem","position":2,"name":"Los 10 prejuicios del trabajo temporal"}]},{"@type":"WebSite","@id":"https:\/\/www.ab2pro.com\/es\/#website","url":"https:\/\/www.ab2pro.com\/es\/","name":"AB2PRO","description":"Agence d&#039;emploi sp\u00e9cialis\u00e9e dans le recrutement de travailleurs europ\u00e9ens","publisher":{"@id":"https:\/\/www.ab2pro.com\/es\/#organization"},"potentialAction":[{"@type":"SearchAction","target":{"@type":"EntryPoint","urlTemplate":"https:\/\/www.ab2pro.com\/es\/?s={search_term_string}"},"query-input":{"@type":"PropertyValueSpecification","valueRequired":true,"valueName":"search_term_string"}}],"inLanguage":"es"},{"@type":"Organization","@id":"https:\/\/www.ab2pro.com\/es\/#organization","name":"AB2PRO","url":"https:\/\/www.ab2pro.com\/es\/","logo":{"@type":"ImageObject","inLanguage":"es","@id":"https:\/\/www.ab2pro.com\/es\/#\/schema\/logo\/image\/","url":"https:\/\/www.ab2pro.com\/wp-content\/uploads\/2020\/11\/logo-profil.png","contentUrl":"https:\/\/www.ab2pro.com\/wp-content\/uploads\/2020\/11\/logo-profil.png","width":230,"height":47,"caption":"AB2PRO"},"image":{"@id":"https:\/\/www.ab2pro.com\/es\/#\/schema\/logo\/image\/"}},{"@type":"Person","@id":"https:\/\/www.ab2pro.com\/es\/#\/schema\/person\/36383d5c06ef2b01ccd75a541a8af27a","name":"AB2ProTradRoumain","image":{"@type":"ImageObject","inLanguage":"es","@id":"https:\/\/www.ab2pro.com\/es\/#\/schema\/person\/image\/","url":"https:\/\/secure.gravatar.com\/avatar\/dec97dbf02524b974da41dadadc61092?s=96&d=mm&r=g","contentUrl":"https:\/\/secure.gravatar.com\/avatar\/dec97dbf02524b974da41dadadc61092?s=96&d=mm&r=g","caption":"AB2ProTradRoumain"}}]}},"_links":{"self":[{"href":"https:\/\/www.ab2pro.com\/es\/wp-json\/wp\/v2\/posts\/31432","targetHints":{"allow":["GET"]}}],"collection":[{"href":"https:\/\/www.ab2pro.com\/es\/wp-json\/wp\/v2\/posts"}],"about":[{"href":"https:\/\/www.ab2pro.com\/es\/wp-json\/wp\/v2\/types\/post"}],"author":[{"embeddable":true,"href":"https:\/\/www.ab2pro.com\/es\/wp-json\/wp\/v2\/users\/18"}],"replies":[{"embeddable":true,"href":"https:\/\/www.ab2pro.com\/es\/wp-json\/wp\/v2\/comments?post=31432"}],"version-history":[{"count":0,"href":"https:\/\/www.ab2pro.com\/es\/wp-json\/wp\/v2\/posts\/31432\/revisions"}],"wp:featuredmedia":[{"embeddable":true,"href":"https:\/\/www.ab2pro.com\/es\/wp-json\/wp\/v2\/media\/33612"}],"wp:attachment":[{"href":"https:\/\/www.ab2pro.com\/es\/wp-json\/wp\/v2\/media?parent=31432"}],"wp:term":[{"taxonomy":"category","embeddable":true,"href":"https:\/\/www.ab2pro.com\/es\/wp-json\/wp\/v2\/categories?post=31432"},{"taxonomy":"post_tag","embeddable":true,"href":"https:\/\/www.ab2pro.com\/es\/wp-json\/wp\/v2\/tags?post=31432"}],"curies":[{"name":"wp","href":"https:\/\/api.w.org\/{rel}","templated":true}]}}