
{"id":36922,"date":"2022-09-23T14:40:08","date_gmt":"2022-09-23T12:40:08","guid":{"rendered":"https:\/\/www.ab2pro.com\/10-cosas-sorprendentes-sobre-francia\/"},"modified":"2025-07-22T15:20:31","modified_gmt":"2025-07-22T13:20:31","slug":"10-cosas-sorprendentes-sobre-francia","status":"publish","type":"post","link":"https:\/\/www.ab2pro.com\/es\/10-cosas-sorprendentes-sobre-francia\/","title":{"rendered":"10 cosas sorprendentes sobre Francia"},"content":{"rendered":"<p>[vc_row][vc_column][vc_column_text css_animation=\u00bbfadeInDown\u00bb]Cuando hablamos de Francia, nos imaginamos inmediatamente paseando por la Torre Eiffel con una baguette bajo el brazo, escuchando canciones de Edith Piaf y con una boina. Tome una copa de vino con un trozo de queso y haga una peque\u00f1a pausa de lectura en franc\u00e9s.[\/vc_column_text][\/vc_column][\/vc_row][vc_row][vc_column][vc_column_text css_animation=\u00bbfadeIn\u00bb]<\/p>\n<h2>1. \u00bfConoce el origen de la palabra \u00abFrancia\u00bb?<\/h2>\n<p>[\/vc_column_text][\/vc_column][\/vc_row][vc_row][vc_column width=\u00bb1\/2&#8243;][vc_column_text css_animation=\u00bbfadeIn\u00bb]El nombre de Francia procede del lat\u00edn \u00abFrancia\u00bb, que significa \u00abtierra de los francos\u00bb. Los francos fueron guerreros que dominaron el norte de Europa y conquistaron la Galia (nombre de Francia antes de la conquista de los francos) a principios del siglo VI. As\u00ed que podr\u00edamos decir \u00abViva Francia\u00bb, pero tambi\u00e9n \u00abViva la Galia\u00bb.[\/vc_column_text][\/vc_column][vc_column width=\u00bb1\/2&#8243;][vc_single_image image=\u00bb36638&#8243; img_size=\u00bb96&#215;960&#8243; alignment=\u00bbright\u00bb css_animation=\u00bbfadeIn\u00bb][\/vc_column][\/vc_row][vc_row][vc_column][vc_column_text css_animation=\u00bbfadeIn\u00bb]<\/p>\n<h2>2. Elegir el huso horario en Francia es complicado. \u00bfPor qu\u00e9?<\/h2>\n<p>[\/vc_column_text][\/vc_column][\/vc_row][vc_row][vc_column width=\u00bb1\/2&#8243;][vc_single_image image=\u00bb36646&#8243; img_size=\u00bb960&#215;960&#8243; css_animation=\u00bbfadeIn\u00bb][\/vc_column][vc_column width=\u00bb1\/2&#8243;][vc_column_text css_animation=\u00bbfadeIn\u00bb]Porque Francia es el pa\u00eds con m\u00e1s husos horarios del mundo gracias a sus territorios de ultramar (12 husos horarios diferentes). Incluso supera a Estados Unidos, con 10, y a Rusia, con 9.[\/vc_column_text][\/vc_column][\/vc_row][vc_row][vc_column][vc_column_text css_animation=\u00bbfadeIn\u00bb]<\/p>\n<h2>La se\u00f1al estaba situada a la salida de una empresa de materiales de construcci\u00f3n en el quai Saint-Exup\u00e9ry, en el distrito 16.<\/h2>\n<p>[\/vc_column_text][\/vc_column][\/vc_row][vc_row][vc_column width=\u00bb1\/2&#8243;][vc_column_text css_animation=\u00bbfadeIn\u00bb]Es incre\u00edble, pero cierto, hasta 2012 solo hab\u00eda una se\u00f1al de \u00abSTOP\u00bb en todo Par\u00eds. El cartel estaba situada a la salida de una empresa de materiales de construcci\u00f3n en el quai Saint-Exup\u00e9ry, en el distrito 16. estaba situado a la salida de una empresa de materiales de construcci\u00f3n en el quai Saint-Exup\u00e9ry, en el distrito 16. \u00a1Ahora podemos entender por qu\u00e9 el tr\u00e1fico es tan dif\u00edcil en Par\u00eds![\/vc_column_text][\/vc_column][vc_column width=\u00bb1\/2&#8243;][vc_single_image image=\u00bb36654&#8243; img_size=\u00bb960&#215;960&#8243; alignment=\u00bbright\u00bb css_animation=\u00bbfadeIn\u00bb][\/vc_column][\/vc_row][vc_row][vc_column][vc_column_text css_animation=\u00bbfadeIn\u00bb]<\/p>\n<h2>4. \u00bfEnviar un mensaje por paloma mensajera? \u00a1Esto todav\u00eda es posible en Francia!<\/h2>\n<p>[\/vc_column_text][\/vc_column][\/vc_row][vc_row][vc_column width=\u00bb1\/2&#8243;][vc_single_image image=\u00bb36662&#8243; img_size=\u00bb960&#215;960&#8243; css_animation=\u00bbfadeIn\u00bb][\/vc_column][vc_column width=\u00bb1\/2&#8243;][vc_column_text css_animation=\u00bbfadeIn\u00bb]El ej\u00e9rcito franc\u00e9s sigue teniendo palomas mensajeras en sus filas. Las palomas se mantienen en Mont Val\u00e9rien, cerca de Par\u00eds, y pueden utilizarse para realizar transmisiones en caso de cat\u00e1strofe. Siempre es un suspenso si el mensaje llega a su destino o no.[\/vc_column_text][\/vc_column][\/vc_row][vc_row][vc_column][vc_column_text css_animation=\u00bbfadeIn\u00bb]<\/p>\n<h2>5. \u00bfAutobuses o \u00abvagones de cinco peniques\u00bb?<\/h2>\n<p>[\/vc_column_text][\/vc_column][\/vc_row][vc_row][vc_column width=\u00bb1\/2&#8243;][vc_column_text css_animation=\u00bbfadeIn\u00bb]Francia fue pionera en el transporte p\u00fablico, por lo que fue el primer pa\u00eds en introducirlo. En la d\u00e9cada de 1660, no hab\u00eda autobuses ni taxis, sino \u00abcarros de cinco peniques\u00bb. Era un sistema de vagones que circulaban en horarios fijos por l\u00edneas que un\u00edan distintos barrios de Par\u00eds. Este concepto fue desarrollado por el fil\u00f3sofo y matem\u00e1tico Blaise Pascal.[\/vc_column_text][\/vc_column][vc_column width=\u00bb1\/2&#8243;][vc_single_image image=\u00bb36670&#8243; img_size=\u00bb960&#215;960&#8243; alignment=\u00bbright\u00bb css_animation=\u00bbfadeIn\u00bb][\/vc_column][\/vc_row][vc_row][vc_column][vc_column_text css_animation=\u00bbfadeIn\u00bb]<\/p>\n<h2>6. \u00bfSem\u00e1foro o rotonda?<\/h2>\n<p>[\/vc_column_text][\/vc_column][\/vc_row][vc_row][vc_column width=\u00bb1\/2&#8243;][vc_single_image image=\u00bb36678&#8243; img_size=\u00bb960&#215;960&#8243; css_animation=\u00bbfadeIn\u00bb][\/vc_column][vc_column width=\u00bb1\/2&#8243;][vc_column_text css_animation=\u00bbfadeIn\u00bb]Francia tiene el r\u00e9cord mundial de rotondas. Tiene 30.000, es decir, m\u00e1s de la mitad de las rotondas del mundo. \u00bfQu\u00e9 prefiere, sem\u00e1foros o rotondas? No se menciona la doble rotonda &#8230;.[\/vc_column_text][\/vc_column][\/vc_row][vc_row][vc_column][vc_column_text css_animation=\u00bbfadeIn\u00bb]<\/p>\n<h2>7. La comuna Y<\/h2>\n<p>[\/vc_column_text][\/vc_column][\/vc_row][vc_row][vc_column width=\u00bb1\/2&#8243;][vc_column_text css_animation=\u00bbfadeIn\u00bb]S\u00ed, \u00a1esta comuna existe en Francia! Es la comuna franc\u00e9sa con el nombre m\u00e1s corto y se encuentra en el Somme. \u00a1Adivina c\u00f3mo se llaman sus habitantes! \u00a1Ypsilonianos![\/vc_column_text][\/vc_column][vc_column width=\u00bb1\/2&#8243;][vc_single_image image=\u00bb36686&#8243; img_size=\u00bb960&#215;960&#8243; alignment=\u00bbright\u00bb][\/vc_column][\/vc_row][vc_row][vc_column][vc_column_text css_animation=\u00bbfadeIn\u00bb]<\/p>\n<h2>8. El reinado m\u00e1s corto de un rey en Francia es de s\u00f3lo 20 minutos.<\/h2>\n<p>[\/vc_column_text][\/vc_column][\/vc_row][vc_row][vc_column width=\u00bb1\/2&#8243;][vc_single_image image=\u00bb36694&#8243; img_size=\u00bb960&#215;960&#8243; css_animation=\u00bbfadeIn\u00bb][\/vc_column][vc_column width=\u00bb1\/2&#8243;][vc_column_text css_animation=\u00bbfadeIn\u00bb]Luis XIX o Luis Antonio de Artois se convirti\u00f3 en rey de Francia en 1830. \u00a1Viva el Rey, pero no por mucho tiempo! No muy seguro de s\u00ed mismo, Luis XIX renunci\u00f3 al trono a los 20 minutos y lo cedi\u00f3 a su sobrino Enrique de Artois. \u00a1Este \u00faltimo ha resistido un poco m\u00e1s&#8230;.7 d\u00edas![\/vc_column_text][\/vc_column][\/vc_row][vc_row][vc_column][vc_column_text css_animation=\u00bbfadeIn\u00bb]<\/p>\n<h2>9. El pa\u00eds de la baguette<\/h2>\n<p>[\/vc_column_text][\/vc_column][\/vc_row][vc_row][vc_column width=\u00bb1\/2&#8243;][vc_column_text css_animation=\u00bbfadeIn\u00bb]En Francia comemos muchas baguettes, digamos que se consumen 10.000 millones al d\u00eda, es decir, 320 cada segundo. Hay incluso una ley que especifica que una baguette francesa tradicional debe contener s\u00f3lo harina, agua, levadura y sal. \u00a1Disfrute de su comida![\/vc_column_text][\/vc_column][vc_column width=\u00bb1\/2&#8243;][vc_single_image image=\u00bb36729&#8243; img_size=\u00bb960&#215;960&#8243; alignment=\u00bbright\u00bb css_animation=\u00bbfadeIn\u00bb][\/vc_column][\/vc_row][vc_row][vc_column][vc_column_text css_animation=\u00bbfadeIn\u00bb]<\/p>\n<h2>10. \u00a1Napole\u00f3n no era realmente peque\u00f1o!<\/h2>\n<p>[\/vc_column_text][\/vc_column][\/vc_row][vc_row][vc_column width=\u00bb1\/2&#8243;][vc_single_image image=\u00bb36756&#8243; img_size=\u00bb960&#215;960&#8243;][\/vc_column][vc_column width=\u00bb1\/2&#8243;][vc_column_text css_animation=\u00bbfadeIn\u00bb]De hecho, el Peque\u00f1o Cabo med\u00eda 1,70 m, la altura media de un europeo. Se le consideraba peque\u00f1o porque sus soldados eran m\u00e1s altos que \u00e9l, alrededor de 1,73 m, y llevaban un gorro de piel de 30 cent\u00edmetros de altura. Este mito tambi\u00e9n fue alimentado por el enemigo brit\u00e1nico que quer\u00eda desacreditar a Napole\u00f3n.[\/vc_column_text][\/vc_column][\/vc_row][vc_row][vc_column][vc_column_text css_animation=\u00bbfadeIn\u00bb]Su peque\u00f1o viaje por Francia termina aqu\u00ed, \u00a1pero no las cosas incre\u00edbles! Todav\u00eda queda mucho por descubrir y lo mejor ser\u00eda visitarlo cuanto antes. \u00a1Viva Francia! Ven a descubrir si estos mitos son ciertos y <a href=\"https:\/\/www.ab2pro.com\/es\/oferta-de-trabajo-francia\/\">\u00fanete al #AB2PROTEAM.<\/a>[\/vc_column_text][\/vc_column][\/vc_row][vc_row][vc_column][vc_single_image image=\u00bb36804&#8243; img_size=\u00bb960&#215;960&#8243; alignment=\u00bbcenter\u00bb css_animation=\u00bbfadeIn\u00bb][\/vc_column][\/vc_row]<\/p>\n","protected":false},"excerpt":{"rendered":"<p>\u00bfHas visto Emily en Par\u00eds y crees que lo sabes todo sobre Francia? Pues ser\u00e1 mejor que lea el art\u00edculo.  <\/p>\n","protected":false},"author":18,"featured_media":36813,"comment_status":"closed","ping_status":"closed","sticky":false,"template":"","format":"standard","meta":{"_acf_changed":false,"footnotes":""},"categories":[657],"tags":[],"class_list":["post-36922","post","type-post","status-publish","format-standard","has-post-thumbnail","hentry","category-descubrir-francia"],"acf":[],"yoast_head":"<!-- This site is optimized with the Yoast SEO plugin v26.8 - https:\/\/yoast.com\/product\/yoast-seo-wordpress\/ -->\n<title>10 cosas sorprendentes sobre Francia - AB2PRO<\/title>\n<meta name=\"description\" content=\"10 cosas sorprendentes sobre Francia 10-cosas-sorprendentes-sobre-francia\" \/>\n<meta name=\"robots\" content=\"index, follow, max-snippet:-1, max-image-preview:large, max-video-preview:-1\" \/>\n<link rel=\"canonical\" href=\"https:\/\/www.ab2pro.com\/es\/10-cosas-sorprendentes-sobre-francia\/\" \/>\n<meta property=\"og:locale\" content=\"es_ES\" \/>\n<meta property=\"og:type\" content=\"article\" \/>\n<meta property=\"og:title\" content=\"10 cosas sorprendentes sobre Francia - AB2PRO\" \/>\n<meta property=\"og:description\" content=\"10 cosas sorprendentes sobre Francia 10-cosas-sorprendentes-sobre-francia\" \/>\n<meta property=\"og:url\" content=\"https:\/\/www.ab2pro.com\/es\/10-cosas-sorprendentes-sobre-francia\/\" \/>\n<meta property=\"og:site_name\" content=\"AB2PRO\" \/>\n<meta property=\"article:published_time\" content=\"2022-09-23T12:40:08+00:00\" \/>\n<meta property=\"article:modified_time\" content=\"2025-07-22T13:20:31+00:00\" \/>\n<meta property=\"og:image\" content=\"https:\/\/www.ab2pro.com\/wp-content\/uploads\/2022\/09\/pexels-photo-338515.jpeg\" \/>\n\t<meta property=\"og:image:width\" content=\"1600\" \/>\n\t<meta property=\"og:image:height\" content=\"1066\" \/>\n\t<meta property=\"og:image:type\" content=\"image\/jpeg\" \/>\n<meta name=\"author\" content=\"AB2ProTradRoumain\" \/>\n<meta name=\"twitter:card\" content=\"summary_large_image\" \/>\n<meta name=\"twitter:label1\" content=\"Escrito por\" \/>\n\t<meta name=\"twitter:data1\" content=\"AB2ProTradRoumain\" \/>\n\t<meta name=\"twitter:label2\" content=\"Tiempo de lectura\" \/>\n\t<meta name=\"twitter:data2\" content=\"6 minutos\" \/>\n<script type=\"application\/ld+json\" class=\"yoast-schema-graph\">{\"@context\":\"https:\/\/schema.org\",\"@graph\":[{\"@type\":\"Article\",\"@id\":\"https:\/\/www.ab2pro.com\/es\/10-cosas-sorprendentes-sobre-francia\/#article\",\"isPartOf\":{\"@id\":\"https:\/\/www.ab2pro.com\/es\/10-cosas-sorprendentes-sobre-francia\/\"},\"author\":{\"name\":\"AB2ProTradRoumain\",\"@id\":\"https:\/\/www.ab2pro.com\/es\/#\/schema\/person\/36383d5c06ef2b01ccd75a541a8af27a\"},\"headline\":\"10 cosas sorprendentes sobre Francia\",\"datePublished\":\"2022-09-23T12:40:08+00:00\",\"dateModified\":\"2025-07-22T13:20:31+00:00\",\"mainEntityOfPage\":{\"@id\":\"https:\/\/www.ab2pro.com\/es\/10-cosas-sorprendentes-sobre-francia\/\"},\"wordCount\":1251,\"publisher\":{\"@id\":\"https:\/\/www.ab2pro.com\/es\/#organization\"},\"image\":{\"@id\":\"https:\/\/www.ab2pro.com\/es\/10-cosas-sorprendentes-sobre-francia\/#primaryimage\"},\"thumbnailUrl\":\"https:\/\/www.ab2pro.com\/wp-content\/uploads\/2022\/09\/pexels-photo-338515.jpeg\",\"articleSection\":[\"Descubrir Francia\"],\"inLanguage\":\"es\"},{\"@type\":\"WebPage\",\"@id\":\"https:\/\/www.ab2pro.com\/es\/10-cosas-sorprendentes-sobre-francia\/\",\"url\":\"https:\/\/www.ab2pro.com\/es\/10-cosas-sorprendentes-sobre-francia\/\",\"name\":\"10 cosas sorprendentes sobre Francia - AB2PRO\",\"isPartOf\":{\"@id\":\"https:\/\/www.ab2pro.com\/es\/#website\"},\"primaryImageOfPage\":{\"@id\":\"https:\/\/www.ab2pro.com\/es\/10-cosas-sorprendentes-sobre-francia\/#primaryimage\"},\"image\":{\"@id\":\"https:\/\/www.ab2pro.com\/es\/10-cosas-sorprendentes-sobre-francia\/#primaryimage\"},\"thumbnailUrl\":\"https:\/\/www.ab2pro.com\/wp-content\/uploads\/2022\/09\/pexels-photo-338515.jpeg\",\"datePublished\":\"2022-09-23T12:40:08+00:00\",\"dateModified\":\"2025-07-22T13:20:31+00:00\",\"description\":\"10 cosas sorprendentes sobre Francia 10-cosas-sorprendentes-sobre-francia\",\"breadcrumb\":{\"@id\":\"https:\/\/www.ab2pro.com\/es\/10-cosas-sorprendentes-sobre-francia\/#breadcrumb\"},\"inLanguage\":\"es\",\"potentialAction\":[{\"@type\":\"ReadAction\",\"target\":[\"https:\/\/www.ab2pro.com\/es\/10-cosas-sorprendentes-sobre-francia\/\"]}]},{\"@type\":\"ImageObject\",\"inLanguage\":\"es\",\"@id\":\"https:\/\/www.ab2pro.com\/es\/10-cosas-sorprendentes-sobre-francia\/#primaryimage\",\"url\":\"https:\/\/www.ab2pro.com\/wp-content\/uploads\/2022\/09\/pexels-photo-338515.jpeg\",\"contentUrl\":\"https:\/\/www.ab2pro.com\/wp-content\/uploads\/2022\/09\/pexels-photo-338515.jpeg\",\"width\":1600,\"height\":1066},{\"@type\":\"BreadcrumbList\",\"@id\":\"https:\/\/www.ab2pro.com\/es\/10-cosas-sorprendentes-sobre-francia\/#breadcrumb\",\"itemListElement\":[{\"@type\":\"ListItem\",\"position\":1,\"name\":\"Accueil\",\"item\":\"https:\/\/www.ab2pro.com\/es\/\"},{\"@type\":\"ListItem\",\"position\":2,\"name\":\"10 cosas sorprendentes sobre Francia\"}]},{\"@type\":\"WebSite\",\"@id\":\"https:\/\/www.ab2pro.com\/es\/#website\",\"url\":\"https:\/\/www.ab2pro.com\/es\/\",\"name\":\"AB2PRO\",\"description\":\"Agence d&#039;emploi sp\u00e9cialis\u00e9e dans le recrutement de travailleurs europ\u00e9ens\",\"publisher\":{\"@id\":\"https:\/\/www.ab2pro.com\/es\/#organization\"},\"potentialAction\":[{\"@type\":\"SearchAction\",\"target\":{\"@type\":\"EntryPoint\",\"urlTemplate\":\"https:\/\/www.ab2pro.com\/es\/?s={search_term_string}\"},\"query-input\":{\"@type\":\"PropertyValueSpecification\",\"valueRequired\":true,\"valueName\":\"search_term_string\"}}],\"inLanguage\":\"es\"},{\"@type\":\"Organization\",\"@id\":\"https:\/\/www.ab2pro.com\/es\/#organization\",\"name\":\"AB2PRO\",\"url\":\"https:\/\/www.ab2pro.com\/es\/\",\"logo\":{\"@type\":\"ImageObject\",\"inLanguage\":\"es\",\"@id\":\"https:\/\/www.ab2pro.com\/es\/#\/schema\/logo\/image\/\",\"url\":\"https:\/\/www.ab2pro.com\/wp-content\/uploads\/2020\/11\/logo-profil.png\",\"contentUrl\":\"https:\/\/www.ab2pro.com\/wp-content\/uploads\/2020\/11\/logo-profil.png\",\"width\":230,\"height\":47,\"caption\":\"AB2PRO\"},\"image\":{\"@id\":\"https:\/\/www.ab2pro.com\/es\/#\/schema\/logo\/image\/\"}},{\"@type\":\"Person\",\"@id\":\"https:\/\/www.ab2pro.com\/es\/#\/schema\/person\/36383d5c06ef2b01ccd75a541a8af27a\",\"name\":\"AB2ProTradRoumain\",\"image\":{\"@type\":\"ImageObject\",\"inLanguage\":\"es\",\"@id\":\"https:\/\/www.ab2pro.com\/es\/#\/schema\/person\/image\/\",\"url\":\"https:\/\/secure.gravatar.com\/avatar\/dec97dbf02524b974da41dadadc61092?s=96&d=mm&r=g\",\"contentUrl\":\"https:\/\/secure.gravatar.com\/avatar\/dec97dbf02524b974da41dadadc61092?s=96&d=mm&r=g\",\"caption\":\"AB2ProTradRoumain\"}}]}<\/script>\n<!-- \/ Yoast SEO plugin. -->","yoast_head_json":{"title":"10 cosas sorprendentes sobre Francia - AB2PRO","description":"10 cosas sorprendentes sobre Francia 10-cosas-sorprendentes-sobre-francia","robots":{"index":"index","follow":"follow","max-snippet":"max-snippet:-1","max-image-preview":"max-image-preview:large","max-video-preview":"max-video-preview:-1"},"canonical":"https:\/\/www.ab2pro.com\/es\/10-cosas-sorprendentes-sobre-francia\/","og_locale":"es_ES","og_type":"article","og_title":"10 cosas sorprendentes sobre Francia - AB2PRO","og_description":"10 cosas sorprendentes sobre Francia 10-cosas-sorprendentes-sobre-francia","og_url":"https:\/\/www.ab2pro.com\/es\/10-cosas-sorprendentes-sobre-francia\/","og_site_name":"AB2PRO","article_published_time":"2022-09-23T12:40:08+00:00","article_modified_time":"2025-07-22T13:20:31+00:00","og_image":[{"width":1600,"height":1066,"url":"https:\/\/www.ab2pro.com\/wp-content\/uploads\/2022\/09\/pexels-photo-338515.jpeg","type":"image\/jpeg"}],"author":"AB2ProTradRoumain","twitter_card":"summary_large_image","twitter_misc":{"Escrito por":"AB2ProTradRoumain","Tiempo de lectura":"6 minutos"},"schema":{"@context":"https:\/\/schema.org","@graph":[{"@type":"Article","@id":"https:\/\/www.ab2pro.com\/es\/10-cosas-sorprendentes-sobre-francia\/#article","isPartOf":{"@id":"https:\/\/www.ab2pro.com\/es\/10-cosas-sorprendentes-sobre-francia\/"},"author":{"name":"AB2ProTradRoumain","@id":"https:\/\/www.ab2pro.com\/es\/#\/schema\/person\/36383d5c06ef2b01ccd75a541a8af27a"},"headline":"10 cosas sorprendentes sobre Francia","datePublished":"2022-09-23T12:40:08+00:00","dateModified":"2025-07-22T13:20:31+00:00","mainEntityOfPage":{"@id":"https:\/\/www.ab2pro.com\/es\/10-cosas-sorprendentes-sobre-francia\/"},"wordCount":1251,"publisher":{"@id":"https:\/\/www.ab2pro.com\/es\/#organization"},"image":{"@id":"https:\/\/www.ab2pro.com\/es\/10-cosas-sorprendentes-sobre-francia\/#primaryimage"},"thumbnailUrl":"https:\/\/www.ab2pro.com\/wp-content\/uploads\/2022\/09\/pexels-photo-338515.jpeg","articleSection":["Descubrir Francia"],"inLanguage":"es"},{"@type":"WebPage","@id":"https:\/\/www.ab2pro.com\/es\/10-cosas-sorprendentes-sobre-francia\/","url":"https:\/\/www.ab2pro.com\/es\/10-cosas-sorprendentes-sobre-francia\/","name":"10 cosas sorprendentes sobre Francia - AB2PRO","isPartOf":{"@id":"https:\/\/www.ab2pro.com\/es\/#website"},"primaryImageOfPage":{"@id":"https:\/\/www.ab2pro.com\/es\/10-cosas-sorprendentes-sobre-francia\/#primaryimage"},"image":{"@id":"https:\/\/www.ab2pro.com\/es\/10-cosas-sorprendentes-sobre-francia\/#primaryimage"},"thumbnailUrl":"https:\/\/www.ab2pro.com\/wp-content\/uploads\/2022\/09\/pexels-photo-338515.jpeg","datePublished":"2022-09-23T12:40:08+00:00","dateModified":"2025-07-22T13:20:31+00:00","description":"10 cosas sorprendentes sobre Francia 10-cosas-sorprendentes-sobre-francia","breadcrumb":{"@id":"https:\/\/www.ab2pro.com\/es\/10-cosas-sorprendentes-sobre-francia\/#breadcrumb"},"inLanguage":"es","potentialAction":[{"@type":"ReadAction","target":["https:\/\/www.ab2pro.com\/es\/10-cosas-sorprendentes-sobre-francia\/"]}]},{"@type":"ImageObject","inLanguage":"es","@id":"https:\/\/www.ab2pro.com\/es\/10-cosas-sorprendentes-sobre-francia\/#primaryimage","url":"https:\/\/www.ab2pro.com\/wp-content\/uploads\/2022\/09\/pexels-photo-338515.jpeg","contentUrl":"https:\/\/www.ab2pro.com\/wp-content\/uploads\/2022\/09\/pexels-photo-338515.jpeg","width":1600,"height":1066},{"@type":"BreadcrumbList","@id":"https:\/\/www.ab2pro.com\/es\/10-cosas-sorprendentes-sobre-francia\/#breadcrumb","itemListElement":[{"@type":"ListItem","position":1,"name":"Accueil","item":"https:\/\/www.ab2pro.com\/es\/"},{"@type":"ListItem","position":2,"name":"10 cosas sorprendentes sobre Francia"}]},{"@type":"WebSite","@id":"https:\/\/www.ab2pro.com\/es\/#website","url":"https:\/\/www.ab2pro.com\/es\/","name":"AB2PRO","description":"Agence d&#039;emploi sp\u00e9cialis\u00e9e dans le recrutement de travailleurs europ\u00e9ens","publisher":{"@id":"https:\/\/www.ab2pro.com\/es\/#organization"},"potentialAction":[{"@type":"SearchAction","target":{"@type":"EntryPoint","urlTemplate":"https:\/\/www.ab2pro.com\/es\/?s={search_term_string}"},"query-input":{"@type":"PropertyValueSpecification","valueRequired":true,"valueName":"search_term_string"}}],"inLanguage":"es"},{"@type":"Organization","@id":"https:\/\/www.ab2pro.com\/es\/#organization","name":"AB2PRO","url":"https:\/\/www.ab2pro.com\/es\/","logo":{"@type":"ImageObject","inLanguage":"es","@id":"https:\/\/www.ab2pro.com\/es\/#\/schema\/logo\/image\/","url":"https:\/\/www.ab2pro.com\/wp-content\/uploads\/2020\/11\/logo-profil.png","contentUrl":"https:\/\/www.ab2pro.com\/wp-content\/uploads\/2020\/11\/logo-profil.png","width":230,"height":47,"caption":"AB2PRO"},"image":{"@id":"https:\/\/www.ab2pro.com\/es\/#\/schema\/logo\/image\/"}},{"@type":"Person","@id":"https:\/\/www.ab2pro.com\/es\/#\/schema\/person\/36383d5c06ef2b01ccd75a541a8af27a","name":"AB2ProTradRoumain","image":{"@type":"ImageObject","inLanguage":"es","@id":"https:\/\/www.ab2pro.com\/es\/#\/schema\/person\/image\/","url":"https:\/\/secure.gravatar.com\/avatar\/dec97dbf02524b974da41dadadc61092?s=96&d=mm&r=g","contentUrl":"https:\/\/secure.gravatar.com\/avatar\/dec97dbf02524b974da41dadadc61092?s=96&d=mm&r=g","caption":"AB2ProTradRoumain"}}]}},"_links":{"self":[{"href":"https:\/\/www.ab2pro.com\/es\/wp-json\/wp\/v2\/posts\/36922","targetHints":{"allow":["GET"]}}],"collection":[{"href":"https:\/\/www.ab2pro.com\/es\/wp-json\/wp\/v2\/posts"}],"about":[{"href":"https:\/\/www.ab2pro.com\/es\/wp-json\/wp\/v2\/types\/post"}],"author":[{"embeddable":true,"href":"https:\/\/www.ab2pro.com\/es\/wp-json\/wp\/v2\/users\/18"}],"replies":[{"embeddable":true,"href":"https:\/\/www.ab2pro.com\/es\/wp-json\/wp\/v2\/comments?post=36922"}],"version-history":[{"count":0,"href":"https:\/\/www.ab2pro.com\/es\/wp-json\/wp\/v2\/posts\/36922\/revisions"}],"wp:featuredmedia":[{"embeddable":true,"href":"https:\/\/www.ab2pro.com\/es\/wp-json\/wp\/v2\/media\/36813"}],"wp:attachment":[{"href":"https:\/\/www.ab2pro.com\/es\/wp-json\/wp\/v2\/media?parent=36922"}],"wp:term":[{"taxonomy":"category","embeddable":true,"href":"https:\/\/www.ab2pro.com\/es\/wp-json\/wp\/v2\/categories?post=36922"},{"taxonomy":"post_tag","embeddable":true,"href":"https:\/\/www.ab2pro.com\/es\/wp-json\/wp\/v2\/tags?post=36922"}],"curies":[{"name":"wp","href":"https:\/\/api.w.org\/{rel}","templated":true}]}}