
{"id":56802,"date":"2024-01-18T11:43:55","date_gmt":"2024-01-18T10:43:55","guid":{"rendered":"https:\/\/www.ab2pro.com\/?p=56802"},"modified":"2025-07-22T15:15:41","modified_gmt":"2025-07-22T13:15:41","slug":"10-cosas-sorprendentes-sobre-portugal","status":"publish","type":"post","link":"https:\/\/www.ab2pro.com\/es\/10-cosas-sorprendentes-sobre-portugal\/","title":{"rendered":"10 cosas sorprendentes sobre Portugal"},"content":{"rendered":"<p>[vc_row][vc_column][vc_column_text css_animation=\u00bbfadeInDown\u00bb]\u00bfCree que lo sabe todo sobre Portugal? Pi\u00e9nselo otra vez. De la gastronom\u00eda a la arquitectura, del f\u00fatbol al vino, este pa\u00eds tiene m\u00e1s de un as en la manga. Aqu\u00ed tiene 10 cosas sorprendentes que debe saber sobre Portugal.[\/vc_column_text][\/vc_column][\/vc_row][vc_row][vc_column][vc_column_text css_animation=\u00bbfadeInDown\u00bb]<\/p>\n<h2>1. Gastronom\u00eda gourmet en Portugal<\/h2>\n<p>[\/vc_column_text][\/vc_column][\/vc_row][vc_row][vc_column width=\u00bb1\/2&#8243;][vc_column_text css_animation=\u00bbfadeIn\u00bb]Explore Portugal a trav\u00e9s de sus delicias culinarias, un fest\u00edn de sabores que revela la inquebrantable pasi\u00f3n de los portugueses por la comida, especialmente por los tesoros del mar. El mercado de la Ribeira de Lisboa, el mayor mercado de pescado de Europa, ofrece una inmersi\u00f3n sensorial en la que las sardinas asadas y el pulpo a la portuguesa son platos imprescindibles, que capturan la esencia mediterr\u00e1nea en cada bocado.[\/vc_column_text][\/vc_column][vc_column width=\u00bb1\/2&#8243;][vc_single_image image=\u00bb56858&#8243; img_size=\u00bblarge\u00bb alignment=\u00bbright\u00bb css_animation=\u00bbfadeIn\u00bb][\/vc_column][\/vc_row][vc_row][vc_column][vc_column_text css_animation=\u00bbfadeIn\u00bb]<\/p>\n<h2>2. El d\u00fao de leyendas del f\u00fatbol<\/h2>\n<p>[\/vc_column_text][\/vc_column][\/vc_row][vc_row][vc_column width=\u00bb1\/2&#8243;][vc_single_image image=\u00bb56867&#8243; img_size=\u00bblarge\u00bb css_animation=\u00bbfadeIn\u00bb][\/vc_column][vc_column width=\u00bb1\/2&#8243;][vc_column_text css_animation=\u00bbfadeIn\u00bb]Sum\u00e9rjase en el patrimonio futbol\u00edstico de Portugal, cuna de dos gigantes del deporte rey: Cristiano Ronaldo y Eus\u00e9bio. Estas leyendas, s\u00edmbolos de la pasi\u00f3n portuguesa por el f\u00fatbol, han dejado su huella en la historia del deporte mundial. Explore su excepcional viaje desde los estadios hasta los corazones de los aficionados, creando un legado inolvidable.[\/vc_column_text][\/vc_column][\/vc_row][vc_row][vc_column][vc_column_text css_animation=\u00bbfadeIn\u00bb]<\/p>\n<h2><span class=\"TextRun Highlight SCXW220340785 BCX9\" lang=\"DE-DE\" xml:lang=\"DE-DE\" data-contrast=\"none\"><span class=\"NormalTextRun SCXW220340785 BCX9\" data-ccp-parastyle=\"Standard\" data-ccp-parastyle-defn=\"{\"ObjectId\":\"b4561997-9ed1-4d58-8021-fb756d3873b3|6\",\"ClassId\":1073872969,\"Properties\":[469775450,\"Standard\",201340122,\"2\",134233614,\"true\",469778129,\"Standard\",335572020,\"1\",469778325,\"[\\\"Heading\\\",\\\"Text body\\\",\\\"caption\\\",\\\"Index\\\"]\"]}\">3. Oporto, el tesoro licoroso de Portugal<\/span><\/span><\/h2>\n<p>[\/vc_column_text][vc_column_text css_animation=\u00bbfadeIn\u00bb]El Oporto, el n\u00e9ctar de Portugal, revela una historia que se saborea con cada sorbo. Desde los vi\u00f1edos en terrazas hasta las bodegas hist\u00f3ricas, cada botella cuenta la historia del arte y la tradici\u00f3n del vino portugu\u00e9s. Sum\u00e9rjase en una experiencia enol\u00f3gica donde el oporto trasciende la simple bebida para convertirse en una verdadera aventura sensorial.[\/vc_column_text][\/vc_column][\/vc_row][vc_row][vc_column][vc_column_text css_animation=\u00bbfadeIn\u00bb]<\/p>\n<h2>4. La elegancia de la arquitectura<\/h2>\n<p>[\/vc_column_text][\/vc_column][\/vc_row][vc_row][vc_column width=\u00bb1\/2&#8243;][vc_single_image image=\u00bb56841&#8243; img_size=\u00bblarge\u00bb css_animation=\u00bbfadeIn\u00bb][\/vc_column][vc_column width=\u00bb1\/2&#8243;][vc_column_text css_animation=\u00bbfadeIn\u00bb]Salga a las calles de Portugal para descubrir la elegancia atemporal de la arquitectura manuelina del siglo XVI. Las majestuosas torres, los arcos art\u00edsticamente elaborados y las columnas esculpidas son el ep\u00edtome de una \u00e9poca en la que el arte y la arquitectura se un\u00edan en armon\u00eda. Cada esquina revela un patrimonio art\u00edstico que sigue asombrando.[\/vc_column_text][\/vc_column][\/vc_row][vc_row][vc_column][vc_column_text css_animation=\u00bbfadeIn\u00bb]<\/p>\n<h2>5. El arte coloreado de los azulejos<\/h2>\n<p>[\/vc_column_text][\/vc_column][\/vc_row][vc_row][vc_column width=\u00bb1\/2&#8243;][vc_column_text css_animation=\u00bbfadeIn\u00bb]Viaje a trav\u00e9s de la historia visual de Portugal con los azulejos, las coloridas baldosas de cer\u00e1mica que han adornado las fachadas del pa\u00eds durante siglos. Cada motivo cuenta una historia, a\u00f1adiendo un toque de arte y color a la arquitectura portuguesa. Explore estas obras de arte vivas que trascienden el tiempo.[\/vc_column_text][\/vc_column][vc_column width=\u00bb1\/2&#8243;][vc_single_image image=\u00bb56833&#8243; img_size=\u00bblarge\u00bb alignment=\u00bbright\u00bb css_animation=\u00bbfadeIn\u00bb][\/vc_column][\/vc_row][vc_row][vc_column][vc_column_text css_animation=\u00bbfadeIn\u00bb]<\/p>\n<h2>6. Caf\u00e9 portugu\u00e9s fuerte y arom\u00e1tico<\/h2>\n<p>[\/vc_column_text][\/vc_column][\/vc_row][vc_row][vc_column][vc_column_text css_animation=\u00bbfadeIn\u00bb]En Portugal, el caf\u00e9 es mucho m\u00e1s que una bebida: es una experiencia sensorial. A los portugueses les encanta el caf\u00e9 fuerte y caliente, y el \u00abcaf\u00e9 com cheirinho\u00bb, un espresso realzado con brandy o whisky, ofrece una experiencia cafetera \u00fanica que despertar\u00e1 sus sentidos.[\/vc_column_text][\/vc_column][\/vc_row][vc_row][vc_column][vc_column_text css_animation=\u00bbfadeIn\u00bb]<\/p>\n<h2>7. Las especias que conquistaron Europa<\/h2>\n<p>[\/vc_column_text][\/vc_column][\/vc_row][vc_row][vc_column width=\u00bb1\/2&#8243;][vc_column_text css_animation=\u00bbfadeIn\u00bb]Viaje en el tiempo hasta las exploraciones portuguesas del siglo XV que llevaron las especias a Europa. Explore una cocina rica y sabrosa, impregnada de la herencia de estos intr\u00e9pidos descubrimientos, que ofrece un abanico de aromas y sabores.[\/vc_column_text][\/vc_column][vc_column width=\u00bb1\/2&#8243;][vc_single_image image=\u00bb56894&#8243; img_size=\u00bblarge\u00bb alignment=\u00bbright\u00bb css_animation=\u00bbfadeIn\u00bb][\/vc_column][\/vc_row][vc_row][vc_column][vc_column_text css_animation=\u00bbfadeIn\u00bb]<\/p>\n<h2>8. La occidentalidad de Portugal<\/h2>\n<p>[\/vc_column_text][vc_column_text css_animation=\u00bbfadeIn\u00bb]Descubra la curiosidad geogr\u00e1fica de Portugal, el pa\u00eds m\u00e1s occidental de la Europa continental. En Lisboa, el oeste se extiende m\u00e1s all\u00e1 de Casablanca, en Marruecos, ofreciendo una perspectiva \u00fanica de la posici\u00f3n estrat\u00e9gica de Portugal al borde del Atl\u00e1ntico.[\/vc_column_text][\/vc_column][\/vc_row][vc_row][vc_column][vc_column_text css_animation=\u00bbfadeIn\u00bb]<\/p>\n<h2>9. Las encantadoras \u00abcapelas\u00bb de las calles portuguesas<\/h2>\n<p>[\/vc_column_text][\/vc_column][\/vc_row][vc_row][vc_column width=\u00bb1\/2&#8243;][vc_column_text css_animation=\u00bbfadeIn\u00bb]Las calles portuguesas est\u00e1n salpicadas de peque\u00f1os altares religiosos conocidos como \u00abcapelas\u00bb. Estos lugares de oraci\u00f3n, testimonio de la arraigada espiritualidad portuguesa, a\u00f1aden una dimensi\u00f3n sagrada a las pintorescas callejuelas.[\/vc_column_text][\/vc_column][vc_column width=\u00bb1\/2&#8243;][vc_single_image image=\u00bb56884&#8243; img_size=\u00bblarge\u00bb alignment=\u00bbright\u00bb css_animation=\u00bbfadeIn\u00bb][\/vc_column][\/vc_row][vc_row][vc_column][vc_column_text css_animation=\u00bbfadeIn\u00bb]<\/p>\n<h2>10. Fado, melod\u00eda de la melancol\u00eda portuguesa<\/h2>\n<p>[\/vc_column_text][\/vc_column][\/vc_row][vc_row][vc_column width=\u00bb1\/2&#8243;][vc_single_image image=\u00bb56850&#8243; img_size=\u00bblarge\u00bb css_animation=\u00bbfadeIn\u00bb][\/vc_column][vc_column width=\u00bb1\/2&#8243;][vc_column_text css_animation=\u00bbfadeIn\u00bb]El fado, la m\u00fasica tradicional de Portugal, es una melod\u00eda de profunda emoci\u00f3n. Acompa\u00f1ado por la guitarra portuguesa, el fado evoca tristeza y nostalgia, ofreciendo una experiencia musical que toca el alma de Portugal.[\/vc_column_text][\/vc_column][\/vc_row][vc_row][vc_column][vc_column_text css_animation=\u00bbfadeIn\u00bb]Entonces, \u00bfest\u00e1 listo para reservar un billete a Portugal y descubrir todo lo que este incre\u00edble pa\u00eds puede ofrecerle? Con su deliciosa cocina, su arquitectura \u00fanica y su melanc\u00f3lico fado, no le decepcionar\u00e1. Y si nada de eso le interesa, bueno, \u00a1siempre le queda Cristiano Ronaldo! Y si no consigues ser reclutado en la Sele\u00e7\u00e3o das Quinas, \u00a1te invitamos a <a href=\"https:\/\/www.ab2pro.com\/es\/oferta-de-trabajo-francia\/\">unirte al #AB2PROTEAM!<\/a>[\/vc_column_text][\/vc_column][\/vc_row]<\/p>\n","protected":false},"excerpt":{"rendered":"<p>Sum\u00e9rjase en la esencia de Portugal, con sus sabores picantes, su encantadora arquitectura y sus legendarias haza\u00f1as futbol\u00edsticas.<\/p>\n","protected":false},"author":9,"featured_media":56876,"comment_status":"closed","ping_status":"closed","sticky":false,"template":"","format":"standard","meta":{"_acf_changed":false,"footnotes":""},"categories":[726,837,724,725],"tags":[],"class_list":["post-56802","post","type-post","status-publish","format-standard","has-post-thumbnail","hentry","category-lo-sabian","category-descubre-europa-con-ab2pro-es","category-descubrir-a-portugal","category-pagina-inicial-es"],"acf":[],"yoast_head":"<!-- This site is optimized with the Yoast SEO plugin v26.8 - https:\/\/yoast.com\/product\/yoast-seo-wordpress\/ -->\n<title>10 cosas sorprendentes sobre Portugal - AB2PRO<\/title>\n<meta name=\"description\" content=\"10 cosas sorprendentes sobre Portugal\" \/>\n<meta name=\"robots\" content=\"index, follow, max-snippet:-1, max-image-preview:large, max-video-preview:-1\" \/>\n<link rel=\"canonical\" href=\"https:\/\/www.ab2pro.com\/es\/10-cosas-sorprendentes-sobre-portugal\/\" \/>\n<meta property=\"og:locale\" content=\"es_ES\" \/>\n<meta property=\"og:type\" content=\"article\" \/>\n<meta property=\"og:title\" content=\"10 cosas sorprendentes sobre Portugal - AB2PRO\" \/>\n<meta property=\"og:description\" content=\"10 cosas sorprendentes sobre Portugal\" \/>\n<meta property=\"og:url\" content=\"https:\/\/www.ab2pro.com\/es\/10-cosas-sorprendentes-sobre-portugal\/\" \/>\n<meta property=\"og:site_name\" content=\"AB2PRO\" \/>\n<meta property=\"article:published_time\" content=\"2024-01-18T10:43:55+00:00\" \/>\n<meta property=\"article:modified_time\" content=\"2025-07-22T13:15:41+00:00\" \/>\n<meta property=\"og:image\" content=\"https:\/\/www.ab2pro.com\/wp-content\/uploads\/2024\/01\/portugal-lisbonne-tramway-scaled.jpg\" \/>\n\t<meta property=\"og:image:width\" content=\"2048\" \/>\n\t<meta property=\"og:image:height\" content=\"2048\" \/>\n\t<meta property=\"og:image:type\" content=\"image\/jpeg\" \/>\n<meta name=\"author\" content=\"MaudeAB2PRO\" \/>\n<meta name=\"twitter:card\" content=\"summary_large_image\" \/>\n<meta name=\"twitter:label1\" content=\"Escrito por\" \/>\n\t<meta name=\"twitter:data1\" content=\"MaudeAB2PRO\" \/>\n\t<meta name=\"twitter:label2\" content=\"Tiempo de lectura\" \/>\n\t<meta name=\"twitter:data2\" content=\"4 minutos\" \/>\n<script type=\"application\/ld+json\" class=\"yoast-schema-graph\">{\"@context\":\"https:\/\/schema.org\",\"@graph\":[{\"@type\":\"Article\",\"@id\":\"https:\/\/www.ab2pro.com\/es\/10-cosas-sorprendentes-sobre-portugal\/#article\",\"isPartOf\":{\"@id\":\"https:\/\/www.ab2pro.com\/es\/10-cosas-sorprendentes-sobre-portugal\/\"},\"author\":{\"name\":\"MaudeAB2PRO\",\"@id\":\"https:\/\/www.ab2pro.com\/es\/#\/schema\/person\/2a8a291280d10fe49dac825b0c1542f0\"},\"headline\":\"10 cosas sorprendentes sobre Portugal\",\"datePublished\":\"2024-01-18T10:43:55+00:00\",\"dateModified\":\"2025-07-22T13:15:41+00:00\",\"mainEntityOfPage\":{\"@id\":\"https:\/\/www.ab2pro.com\/es\/10-cosas-sorprendentes-sobre-portugal\/\"},\"wordCount\":1177,\"publisher\":{\"@id\":\"https:\/\/www.ab2pro.com\/es\/#organization\"},\"image\":{\"@id\":\"https:\/\/www.ab2pro.com\/es\/10-cosas-sorprendentes-sobre-portugal\/#primaryimage\"},\"thumbnailUrl\":\"https:\/\/www.ab2pro.com\/wp-content\/uploads\/2024\/01\/portugal-lisbonne-tramway-scaled.jpg\",\"articleSection\":[\"\u00bfLo sab\u00edan?\",\"Descubre Europa con AB2PRO\",\"Descubrir a Portugal\",\"P\u00e1gina inicial\"],\"inLanguage\":\"es\"},{\"@type\":\"WebPage\",\"@id\":\"https:\/\/www.ab2pro.com\/es\/10-cosas-sorprendentes-sobre-portugal\/\",\"url\":\"https:\/\/www.ab2pro.com\/es\/10-cosas-sorprendentes-sobre-portugal\/\",\"name\":\"10 cosas sorprendentes sobre Portugal - AB2PRO\",\"isPartOf\":{\"@id\":\"https:\/\/www.ab2pro.com\/es\/#website\"},\"primaryImageOfPage\":{\"@id\":\"https:\/\/www.ab2pro.com\/es\/10-cosas-sorprendentes-sobre-portugal\/#primaryimage\"},\"image\":{\"@id\":\"https:\/\/www.ab2pro.com\/es\/10-cosas-sorprendentes-sobre-portugal\/#primaryimage\"},\"thumbnailUrl\":\"https:\/\/www.ab2pro.com\/wp-content\/uploads\/2024\/01\/portugal-lisbonne-tramway-scaled.jpg\",\"datePublished\":\"2024-01-18T10:43:55+00:00\",\"dateModified\":\"2025-07-22T13:15:41+00:00\",\"description\":\"10 cosas sorprendentes sobre Portugal\",\"breadcrumb\":{\"@id\":\"https:\/\/www.ab2pro.com\/es\/10-cosas-sorprendentes-sobre-portugal\/#breadcrumb\"},\"inLanguage\":\"es\",\"potentialAction\":[{\"@type\":\"ReadAction\",\"target\":[\"https:\/\/www.ab2pro.com\/es\/10-cosas-sorprendentes-sobre-portugal\/\"]}]},{\"@type\":\"ImageObject\",\"inLanguage\":\"es\",\"@id\":\"https:\/\/www.ab2pro.com\/es\/10-cosas-sorprendentes-sobre-portugal\/#primaryimage\",\"url\":\"https:\/\/www.ab2pro.com\/wp-content\/uploads\/2024\/01\/portugal-lisbonne-tramway-scaled.jpg\",\"contentUrl\":\"https:\/\/www.ab2pro.com\/wp-content\/uploads\/2024\/01\/portugal-lisbonne-tramway-scaled.jpg\",\"width\":2048,\"height\":2048},{\"@type\":\"BreadcrumbList\",\"@id\":\"https:\/\/www.ab2pro.com\/es\/10-cosas-sorprendentes-sobre-portugal\/#breadcrumb\",\"itemListElement\":[{\"@type\":\"ListItem\",\"position\":1,\"name\":\"Accueil\",\"item\":\"https:\/\/www.ab2pro.com\/es\/\"},{\"@type\":\"ListItem\",\"position\":2,\"name\":\"10 cosas sorprendentes sobre Portugal\"}]},{\"@type\":\"WebSite\",\"@id\":\"https:\/\/www.ab2pro.com\/es\/#website\",\"url\":\"https:\/\/www.ab2pro.com\/es\/\",\"name\":\"AB2PRO\",\"description\":\"Agence d&#039;emploi sp\u00e9cialis\u00e9e dans le recrutement de travailleurs europ\u00e9ens\",\"publisher\":{\"@id\":\"https:\/\/www.ab2pro.com\/es\/#organization\"},\"potentialAction\":[{\"@type\":\"SearchAction\",\"target\":{\"@type\":\"EntryPoint\",\"urlTemplate\":\"https:\/\/www.ab2pro.com\/es\/?s={search_term_string}\"},\"query-input\":{\"@type\":\"PropertyValueSpecification\",\"valueRequired\":true,\"valueName\":\"search_term_string\"}}],\"inLanguage\":\"es\"},{\"@type\":\"Organization\",\"@id\":\"https:\/\/www.ab2pro.com\/es\/#organization\",\"name\":\"AB2PRO\",\"url\":\"https:\/\/www.ab2pro.com\/es\/\",\"logo\":{\"@type\":\"ImageObject\",\"inLanguage\":\"es\",\"@id\":\"https:\/\/www.ab2pro.com\/es\/#\/schema\/logo\/image\/\",\"url\":\"https:\/\/www.ab2pro.com\/wp-content\/uploads\/2020\/11\/logo-profil.png\",\"contentUrl\":\"https:\/\/www.ab2pro.com\/wp-content\/uploads\/2020\/11\/logo-profil.png\",\"width\":230,\"height\":47,\"caption\":\"AB2PRO\"},\"image\":{\"@id\":\"https:\/\/www.ab2pro.com\/es\/#\/schema\/logo\/image\/\"}},{\"@type\":\"Person\",\"@id\":\"https:\/\/www.ab2pro.com\/es\/#\/schema\/person\/2a8a291280d10fe49dac825b0c1542f0\",\"name\":\"MaudeAB2PRO\",\"image\":{\"@type\":\"ImageObject\",\"inLanguage\":\"es\",\"@id\":\"https:\/\/www.ab2pro.com\/es\/#\/schema\/person\/image\/\",\"url\":\"https:\/\/secure.gravatar.com\/avatar\/613b8599a07b8d90193da3b7d84a1997?s=96&d=mm&r=g\",\"contentUrl\":\"https:\/\/secure.gravatar.com\/avatar\/613b8599a07b8d90193da3b7d84a1997?s=96&d=mm&r=g\",\"caption\":\"MaudeAB2PRO\"}}]}<\/script>\n<!-- \/ Yoast SEO plugin. -->","yoast_head_json":{"title":"10 cosas sorprendentes sobre Portugal - AB2PRO","description":"10 cosas sorprendentes sobre Portugal","robots":{"index":"index","follow":"follow","max-snippet":"max-snippet:-1","max-image-preview":"max-image-preview:large","max-video-preview":"max-video-preview:-1"},"canonical":"https:\/\/www.ab2pro.com\/es\/10-cosas-sorprendentes-sobre-portugal\/","og_locale":"es_ES","og_type":"article","og_title":"10 cosas sorprendentes sobre Portugal - AB2PRO","og_description":"10 cosas sorprendentes sobre Portugal","og_url":"https:\/\/www.ab2pro.com\/es\/10-cosas-sorprendentes-sobre-portugal\/","og_site_name":"AB2PRO","article_published_time":"2024-01-18T10:43:55+00:00","article_modified_time":"2025-07-22T13:15:41+00:00","og_image":[{"width":2048,"height":2048,"url":"https:\/\/www.ab2pro.com\/wp-content\/uploads\/2024\/01\/portugal-lisbonne-tramway-scaled.jpg","type":"image\/jpeg"}],"author":"MaudeAB2PRO","twitter_card":"summary_large_image","twitter_misc":{"Escrito por":"MaudeAB2PRO","Tiempo de lectura":"4 minutos"},"schema":{"@context":"https:\/\/schema.org","@graph":[{"@type":"Article","@id":"https:\/\/www.ab2pro.com\/es\/10-cosas-sorprendentes-sobre-portugal\/#article","isPartOf":{"@id":"https:\/\/www.ab2pro.com\/es\/10-cosas-sorprendentes-sobre-portugal\/"},"author":{"name":"MaudeAB2PRO","@id":"https:\/\/www.ab2pro.com\/es\/#\/schema\/person\/2a8a291280d10fe49dac825b0c1542f0"},"headline":"10 cosas sorprendentes sobre Portugal","datePublished":"2024-01-18T10:43:55+00:00","dateModified":"2025-07-22T13:15:41+00:00","mainEntityOfPage":{"@id":"https:\/\/www.ab2pro.com\/es\/10-cosas-sorprendentes-sobre-portugal\/"},"wordCount":1177,"publisher":{"@id":"https:\/\/www.ab2pro.com\/es\/#organization"},"image":{"@id":"https:\/\/www.ab2pro.com\/es\/10-cosas-sorprendentes-sobre-portugal\/#primaryimage"},"thumbnailUrl":"https:\/\/www.ab2pro.com\/wp-content\/uploads\/2024\/01\/portugal-lisbonne-tramway-scaled.jpg","articleSection":["\u00bfLo sab\u00edan?","Descubre Europa con AB2PRO","Descubrir a Portugal","P\u00e1gina inicial"],"inLanguage":"es"},{"@type":"WebPage","@id":"https:\/\/www.ab2pro.com\/es\/10-cosas-sorprendentes-sobre-portugal\/","url":"https:\/\/www.ab2pro.com\/es\/10-cosas-sorprendentes-sobre-portugal\/","name":"10 cosas sorprendentes sobre Portugal - AB2PRO","isPartOf":{"@id":"https:\/\/www.ab2pro.com\/es\/#website"},"primaryImageOfPage":{"@id":"https:\/\/www.ab2pro.com\/es\/10-cosas-sorprendentes-sobre-portugal\/#primaryimage"},"image":{"@id":"https:\/\/www.ab2pro.com\/es\/10-cosas-sorprendentes-sobre-portugal\/#primaryimage"},"thumbnailUrl":"https:\/\/www.ab2pro.com\/wp-content\/uploads\/2024\/01\/portugal-lisbonne-tramway-scaled.jpg","datePublished":"2024-01-18T10:43:55+00:00","dateModified":"2025-07-22T13:15:41+00:00","description":"10 cosas sorprendentes sobre Portugal","breadcrumb":{"@id":"https:\/\/www.ab2pro.com\/es\/10-cosas-sorprendentes-sobre-portugal\/#breadcrumb"},"inLanguage":"es","potentialAction":[{"@type":"ReadAction","target":["https:\/\/www.ab2pro.com\/es\/10-cosas-sorprendentes-sobre-portugal\/"]}]},{"@type":"ImageObject","inLanguage":"es","@id":"https:\/\/www.ab2pro.com\/es\/10-cosas-sorprendentes-sobre-portugal\/#primaryimage","url":"https:\/\/www.ab2pro.com\/wp-content\/uploads\/2024\/01\/portugal-lisbonne-tramway-scaled.jpg","contentUrl":"https:\/\/www.ab2pro.com\/wp-content\/uploads\/2024\/01\/portugal-lisbonne-tramway-scaled.jpg","width":2048,"height":2048},{"@type":"BreadcrumbList","@id":"https:\/\/www.ab2pro.com\/es\/10-cosas-sorprendentes-sobre-portugal\/#breadcrumb","itemListElement":[{"@type":"ListItem","position":1,"name":"Accueil","item":"https:\/\/www.ab2pro.com\/es\/"},{"@type":"ListItem","position":2,"name":"10 cosas sorprendentes sobre Portugal"}]},{"@type":"WebSite","@id":"https:\/\/www.ab2pro.com\/es\/#website","url":"https:\/\/www.ab2pro.com\/es\/","name":"AB2PRO","description":"Agence d&#039;emploi sp\u00e9cialis\u00e9e dans le recrutement de travailleurs europ\u00e9ens","publisher":{"@id":"https:\/\/www.ab2pro.com\/es\/#organization"},"potentialAction":[{"@type":"SearchAction","target":{"@type":"EntryPoint","urlTemplate":"https:\/\/www.ab2pro.com\/es\/?s={search_term_string}"},"query-input":{"@type":"PropertyValueSpecification","valueRequired":true,"valueName":"search_term_string"}}],"inLanguage":"es"},{"@type":"Organization","@id":"https:\/\/www.ab2pro.com\/es\/#organization","name":"AB2PRO","url":"https:\/\/www.ab2pro.com\/es\/","logo":{"@type":"ImageObject","inLanguage":"es","@id":"https:\/\/www.ab2pro.com\/es\/#\/schema\/logo\/image\/","url":"https:\/\/www.ab2pro.com\/wp-content\/uploads\/2020\/11\/logo-profil.png","contentUrl":"https:\/\/www.ab2pro.com\/wp-content\/uploads\/2020\/11\/logo-profil.png","width":230,"height":47,"caption":"AB2PRO"},"image":{"@id":"https:\/\/www.ab2pro.com\/es\/#\/schema\/logo\/image\/"}},{"@type":"Person","@id":"https:\/\/www.ab2pro.com\/es\/#\/schema\/person\/2a8a291280d10fe49dac825b0c1542f0","name":"MaudeAB2PRO","image":{"@type":"ImageObject","inLanguage":"es","@id":"https:\/\/www.ab2pro.com\/es\/#\/schema\/person\/image\/","url":"https:\/\/secure.gravatar.com\/avatar\/613b8599a07b8d90193da3b7d84a1997?s=96&d=mm&r=g","contentUrl":"https:\/\/secure.gravatar.com\/avatar\/613b8599a07b8d90193da3b7d84a1997?s=96&d=mm&r=g","caption":"MaudeAB2PRO"}}]}},"_links":{"self":[{"href":"https:\/\/www.ab2pro.com\/es\/wp-json\/wp\/v2\/posts\/56802","targetHints":{"allow":["GET"]}}],"collection":[{"href":"https:\/\/www.ab2pro.com\/es\/wp-json\/wp\/v2\/posts"}],"about":[{"href":"https:\/\/www.ab2pro.com\/es\/wp-json\/wp\/v2\/types\/post"}],"author":[{"embeddable":true,"href":"https:\/\/www.ab2pro.com\/es\/wp-json\/wp\/v2\/users\/9"}],"replies":[{"embeddable":true,"href":"https:\/\/www.ab2pro.com\/es\/wp-json\/wp\/v2\/comments?post=56802"}],"version-history":[{"count":0,"href":"https:\/\/www.ab2pro.com\/es\/wp-json\/wp\/v2\/posts\/56802\/revisions"}],"wp:featuredmedia":[{"embeddable":true,"href":"https:\/\/www.ab2pro.com\/es\/wp-json\/wp\/v2\/media\/56876"}],"wp:attachment":[{"href":"https:\/\/www.ab2pro.com\/es\/wp-json\/wp\/v2\/media?parent=56802"}],"wp:term":[{"taxonomy":"category","embeddable":true,"href":"https:\/\/www.ab2pro.com\/es\/wp-json\/wp\/v2\/categories?post=56802"},{"taxonomy":"post_tag","embeddable":true,"href":"https:\/\/www.ab2pro.com\/es\/wp-json\/wp\/v2\/tags?post=56802"}],"curies":[{"name":"wp","href":"https:\/\/api.w.org\/{rel}","templated":true}]}}