
{"id":59003,"date":"2023-03-08T10:03:57","date_gmt":"2023-03-08T09:03:57","guid":{"rendered":"https:\/\/www.ab2pro.com\/trabajo-temporal-en-ab2pro-es-cosa-tambien-de-mujeres\/"},"modified":"2025-07-22T15:16:48","modified_gmt":"2025-07-22T13:16:48","slug":"trabajo-temporal-en-ab2pro-es-cosa-tambien-de-mujeres","status":"publish","type":"post","link":"https:\/\/www.ab2pro.com\/es\/trabajo-temporal-en-ab2pro-es-cosa-tambien-de-mujeres\/","title":{"rendered":"Trabajo temporal: \u00a1en AB2PRO es cosa tambien de mujeres!"},"content":{"rendered":"<p>[vc_row][vc_column][vc_column_text css_animation=\u00bbfadeInDown\u00bb]El 8 de marzo no es s\u00f3lo un d\u00eda dedicado a la mujer, tambi\u00e9n es el D\u00eda Internacional de los Derechos de la Mujer. El objetivo de la jornada es poner de relieve las batallas libradas y por librar, as\u00ed como las disparidades que a\u00fan existen.. Este d\u00eda nos recuerda a todos que debemos luchar juntos por la igualdad entre mujeres y hombres.[\/vc_column_text][\/vc_column][\/vc_row][vc_row][vc_column width=\u00bb1\/2&#8243;][vc_column_text css_animation=\u00bbfadeIn\u00bb]<\/p>\n<h2>Algunas cifras sobre el papel de la mujer en el sector del trabajo temporal.<\/h2>\n<p>El estatus de trabajador temporal tiene un matiz masculino y se asocia muy a menudo con el trabajo masculino, pero \u00bfqu\u00e9 ocurre con el lugar de la mujer en este mundo tan masculino? Seg\u00fan un estudio del Observatoire Int\u00e9rim Recrutement (OIR), las mujeres representan : <\/p>\n<ul>\n<li><strong>El 35 % de los trabajadores temporales<\/strong> est\u00e1n actualmente en el mercado laboral, <strong>frente al 25 % en 2014.<\/strong><\/li>\n<li><strong>El 34%<\/strong> tiene <strong>menos de 25 a\u00f1os,<\/strong> <strong>el 28%<\/strong> <strong>entre 25 y 34 a\u00f1os<\/strong>, <strong>el 18%<\/strong> <strong>entre 35 y 44 a\u00f1os<\/strong> y el <strong>20%<\/strong> <strong>m\u00e1s de 45 a\u00f1os.<\/strong><\/li>\n<li>El primer sector de actividad con m\u00e1s mujeres trabajadoras temporales es la <strong>construcci\u00f3n<\/strong> y <strong>las obras p\u00fablicas.<\/strong> <\/li>\n<li><strong>359 horas de trabajo temporal,<\/strong> frente a las <strong>540 horas<\/strong> de los hombres.<\/li>\n<li><strong>El 78% son empleados<\/strong> fijos de empresas de trabajo temporal.<\/li>\n<\/ul>\n<p>[\/vc_column_text][\/vc_column][vc_column width=\u00bb1\/2&#8243;][vc_single_image image=\u00bb39488&#8243; img_size=\u00bbfull\u00bb css_animation=\u00bbfadeIn\u00bb][\/vc_column][\/vc_row][vc_row][vc_column][vc_column_text css_animation=\u00bbfadeIn\u00bb]Muchos sectores est\u00e1n contratando personal, como la construcci\u00f3n y las obras p\u00fablicas o la industria alimentaria, pero siguen siendo sectores que contratan principalmente a hombres. Cependant, la part des femmes dans le b\u00e2timent ne cesse d&#8217;augmenter. Seg\u00fan las \u00faltimas cifras de la FFB, ser\u00e1 del <strong>12,3% en 2020<\/strong>, casi el doble <strong>que en 2000.<\/strong>[\/vc_column_text][\/vc_column][\/vc_row][vc_row][vc_column][vc_column_text css_animation=\u00bbfadeIn\u00bb]<\/p>\n<h2>\u00bfQu\u00e9 significa esto para AB2PRO?<\/h2>\n<p>La empresa emplea actualmente a 77 personas en toda Francia, as\u00ed como en Ruman\u00eda, Bulgaria y Hungr\u00eda. De los 77 empleados, 51 son mujeres, as\u00ed que \u00bfno es un asunto de mujeres en AB2PRO? <\/p>\n<p>En este D\u00eda Internacional de los Derechos de la Mujer, los empleados de AB2PRO abren las puertas de su sede en Bouaye. M\u00e1s de quince de ellos trabajan en la sede central en \u00e1reas de apoyo como contabilidad, administraci\u00f3n de ventas, n\u00f3minas y facturaci\u00f3n, comunicaciones, alojamiento de personal temporal y asuntos jur\u00eddicos.[\/vc_column_text][\/vc_column][\/vc_row][vc_row][vc_column][vc_single_image image=\u00bb39477&#8243; img_size=\u00bbfull\u00bb css_animation=\u00bbfadeIn\u00bb][\/vc_column][\/vc_row][vc_row][vc_column][vc_column_text css_animation=\u00bbfadeIn\u00bb]Ya sean responsables de contrataci\u00f3n, gestoras comerciales, en servicios de apoyo como contabilidad, comunicaci\u00f3n, jur\u00eddicos o en AB Services, las mujeres de AB2PRO est\u00e1n en todos los frentes para apoyar cada d\u00eda a todos nuestros clientes y trabajadores temporales y contribuir as\u00ed al \u00e9xito de la empresa.<\/p>\n<p>Por tanto, podemos confirmar que las mujeres cuentan en AB2PRO y que el trabajo temporal tambi\u00e9n es cosa de mujeres. Si desea unirse a nosotros, visite www.ab2pro.com en la secci\u00f3n de contrataci\u00f3n de AB2PRO #EveryWomanCounts[\/vc_column_text][\/vc_column][\/vc_row][vc_row][vc_column][vc_single_image image=\u00bb39469&#8243; img_size=\u00bbfull\u00bb css_animation=\u00bbfadeIn\u00bb][\/vc_column][\/vc_row]<\/p>\n","protected":false},"excerpt":{"rendered":"<p>[vc_row][vc_column][vc_column_text css_animation=\u00bbfadeInDown\u00bb]El 8 de marzo no es s\u00f3lo un d\u00eda dedicado a la mujer, tambi\u00e9n es el D\u00eda Internacional de [&hellip;]<\/p>\n","protected":false},"author":1772,"featured_media":39498,"comment_status":"closed","ping_status":"closed","sticky":false,"template":"","format":"standard","meta":{"_acf_changed":false,"footnotes":""},"categories":[726,725],"tags":[],"class_list":["post-59003","post","type-post","status-publish","format-standard","has-post-thumbnail","hentry","category-lo-sabian","category-pagina-inicial-es"],"acf":[],"yoast_head":"<!-- This site is optimized with the Yoast SEO plugin v26.8 - https:\/\/yoast.com\/product\/yoast-seo-wordpress\/ -->\n<title>Trabajo temporal: \u00a1en AB2PRO es cosa tambien de mujeres! - AB2PRO<\/title>\n<meta name=\"description\" content=\"Trabajo temporal: \u00a1en AB2PRO es cosa tambien de mujeres!\" \/>\n<meta name=\"robots\" content=\"index, follow, max-snippet:-1, max-image-preview:large, max-video-preview:-1\" \/>\n<link rel=\"canonical\" href=\"https:\/\/www.ab2pro.com\/es\/trabajo-temporal-en-ab2pro-es-cosa-tambien-de-mujeres\/\" \/>\n<meta property=\"og:locale\" content=\"es_ES\" \/>\n<meta property=\"og:type\" content=\"article\" \/>\n<meta property=\"og:title\" content=\"Trabajo temporal: \u00a1en AB2PRO es cosa tambien de mujeres! - AB2PRO\" \/>\n<meta property=\"og:description\" content=\"Trabajo temporal: \u00a1en AB2PRO es cosa tambien de mujeres!\" \/>\n<meta property=\"og:url\" content=\"https:\/\/www.ab2pro.com\/es\/trabajo-temporal-en-ab2pro-es-cosa-tambien-de-mujeres\/\" \/>\n<meta property=\"og:site_name\" content=\"AB2PRO\" \/>\n<meta property=\"article:published_time\" content=\"2023-03-08T09:03:57+00:00\" \/>\n<meta property=\"article:modified_time\" content=\"2025-07-22T13:16:48+00:00\" \/>\n<meta property=\"og:image\" content=\"https:\/\/www.ab2pro.com\/wp-content\/uploads\/2023\/03\/photosab2pro2-scaled.jpg\" \/>\n\t<meta property=\"og:image:width\" content=\"2048\" \/>\n\t<meta property=\"og:image:height\" content=\"1152\" \/>\n\t<meta property=\"og:image:type\" content=\"image\/jpeg\" \/>\n<meta name=\"author\" content=\"Maureen Bertrand\" \/>\n<meta name=\"twitter:card\" content=\"summary_large_image\" \/>\n<meta name=\"twitter:label1\" content=\"Escrito por\" \/>\n\t<meta name=\"twitter:data1\" content=\"Maureen Bertrand\" \/>\n\t<meta name=\"twitter:label2\" content=\"Tiempo de lectura\" \/>\n\t<meta name=\"twitter:data2\" content=\"3 minutos\" \/>\n<script type=\"application\/ld+json\" class=\"yoast-schema-graph\">{\"@context\":\"https:\/\/schema.org\",\"@graph\":[{\"@type\":\"Article\",\"@id\":\"https:\/\/www.ab2pro.com\/es\/trabajo-temporal-en-ab2pro-es-cosa-tambien-de-mujeres\/#article\",\"isPartOf\":{\"@id\":\"https:\/\/www.ab2pro.com\/es\/trabajo-temporal-en-ab2pro-es-cosa-tambien-de-mujeres\/\"},\"author\":{\"name\":\"Maureen Bertrand\",\"@id\":\"https:\/\/www.ab2pro.com\/es\/#\/schema\/person\/999b8bcb57f23c55d9c1ea694b31abca\"},\"headline\":\"Trabajo temporal: \u00a1en AB2PRO es cosa tambien de mujeres!\",\"datePublished\":\"2023-03-08T09:03:57+00:00\",\"dateModified\":\"2025-07-22T13:16:48+00:00\",\"mainEntityOfPage\":{\"@id\":\"https:\/\/www.ab2pro.com\/es\/trabajo-temporal-en-ab2pro-es-cosa-tambien-de-mujeres\/\"},\"wordCount\":604,\"publisher\":{\"@id\":\"https:\/\/www.ab2pro.com\/es\/#organization\"},\"image\":{\"@id\":\"https:\/\/www.ab2pro.com\/es\/trabajo-temporal-en-ab2pro-es-cosa-tambien-de-mujeres\/#primaryimage\"},\"thumbnailUrl\":\"https:\/\/www.ab2pro.com\/wp-content\/uploads\/2023\/03\/photosab2pro2-scaled.jpg\",\"articleSection\":[\"\u00bfLo sab\u00edan?\",\"P\u00e1gina inicial\"],\"inLanguage\":\"es\"},{\"@type\":\"WebPage\",\"@id\":\"https:\/\/www.ab2pro.com\/es\/trabajo-temporal-en-ab2pro-es-cosa-tambien-de-mujeres\/\",\"url\":\"https:\/\/www.ab2pro.com\/es\/trabajo-temporal-en-ab2pro-es-cosa-tambien-de-mujeres\/\",\"name\":\"Trabajo temporal: \u00a1en AB2PRO es cosa tambien de mujeres! - AB2PRO\",\"isPartOf\":{\"@id\":\"https:\/\/www.ab2pro.com\/es\/#website\"},\"primaryImageOfPage\":{\"@id\":\"https:\/\/www.ab2pro.com\/es\/trabajo-temporal-en-ab2pro-es-cosa-tambien-de-mujeres\/#primaryimage\"},\"image\":{\"@id\":\"https:\/\/www.ab2pro.com\/es\/trabajo-temporal-en-ab2pro-es-cosa-tambien-de-mujeres\/#primaryimage\"},\"thumbnailUrl\":\"https:\/\/www.ab2pro.com\/wp-content\/uploads\/2023\/03\/photosab2pro2-scaled.jpg\",\"datePublished\":\"2023-03-08T09:03:57+00:00\",\"dateModified\":\"2025-07-22T13:16:48+00:00\",\"description\":\"Trabajo temporal: \u00a1en AB2PRO es cosa tambien de mujeres!\",\"breadcrumb\":{\"@id\":\"https:\/\/www.ab2pro.com\/es\/trabajo-temporal-en-ab2pro-es-cosa-tambien-de-mujeres\/#breadcrumb\"},\"inLanguage\":\"es\",\"potentialAction\":[{\"@type\":\"ReadAction\",\"target\":[\"https:\/\/www.ab2pro.com\/es\/trabajo-temporal-en-ab2pro-es-cosa-tambien-de-mujeres\/\"]}]},{\"@type\":\"ImageObject\",\"inLanguage\":\"es\",\"@id\":\"https:\/\/www.ab2pro.com\/es\/trabajo-temporal-en-ab2pro-es-cosa-tambien-de-mujeres\/#primaryimage\",\"url\":\"https:\/\/www.ab2pro.com\/wp-content\/uploads\/2023\/03\/photosab2pro2-scaled.jpg\",\"contentUrl\":\"https:\/\/www.ab2pro.com\/wp-content\/uploads\/2023\/03\/photosab2pro2-scaled.jpg\",\"width\":2048,\"height\":1152},{\"@type\":\"BreadcrumbList\",\"@id\":\"https:\/\/www.ab2pro.com\/es\/trabajo-temporal-en-ab2pro-es-cosa-tambien-de-mujeres\/#breadcrumb\",\"itemListElement\":[{\"@type\":\"ListItem\",\"position\":1,\"name\":\"Accueil\",\"item\":\"https:\/\/www.ab2pro.com\/es\/\"},{\"@type\":\"ListItem\",\"position\":2,\"name\":\"Trabajo temporal: \u00a1en AB2PRO es cosa tambien de mujeres!\"}]},{\"@type\":\"WebSite\",\"@id\":\"https:\/\/www.ab2pro.com\/es\/#website\",\"url\":\"https:\/\/www.ab2pro.com\/es\/\",\"name\":\"AB2PRO\",\"description\":\"Agence d&#039;emploi sp\u00e9cialis\u00e9e dans le recrutement de travailleurs europ\u00e9ens\",\"publisher\":{\"@id\":\"https:\/\/www.ab2pro.com\/es\/#organization\"},\"potentialAction\":[{\"@type\":\"SearchAction\",\"target\":{\"@type\":\"EntryPoint\",\"urlTemplate\":\"https:\/\/www.ab2pro.com\/es\/?s={search_term_string}\"},\"query-input\":{\"@type\":\"PropertyValueSpecification\",\"valueRequired\":true,\"valueName\":\"search_term_string\"}}],\"inLanguage\":\"es\"},{\"@type\":\"Organization\",\"@id\":\"https:\/\/www.ab2pro.com\/es\/#organization\",\"name\":\"AB2PRO\",\"url\":\"https:\/\/www.ab2pro.com\/es\/\",\"logo\":{\"@type\":\"ImageObject\",\"inLanguage\":\"es\",\"@id\":\"https:\/\/www.ab2pro.com\/es\/#\/schema\/logo\/image\/\",\"url\":\"https:\/\/www.ab2pro.com\/wp-content\/uploads\/2020\/11\/logo-profil.png\",\"contentUrl\":\"https:\/\/www.ab2pro.com\/wp-content\/uploads\/2020\/11\/logo-profil.png\",\"width\":230,\"height\":47,\"caption\":\"AB2PRO\"},\"image\":{\"@id\":\"https:\/\/www.ab2pro.com\/es\/#\/schema\/logo\/image\/\"}},{\"@type\":\"Person\",\"@id\":\"https:\/\/www.ab2pro.com\/es\/#\/schema\/person\/999b8bcb57f23c55d9c1ea694b31abca\",\"name\":\"Maureen Bertrand\",\"image\":{\"@type\":\"ImageObject\",\"inLanguage\":\"es\",\"@id\":\"https:\/\/www.ab2pro.com\/es\/#\/schema\/person\/image\/\",\"url\":\"https:\/\/secure.gravatar.com\/avatar\/574896d5b43bc09a0f0a13dff3933dfc?s=96&d=mm&r=g\",\"contentUrl\":\"https:\/\/secure.gravatar.com\/avatar\/574896d5b43bc09a0f0a13dff3933dfc?s=96&d=mm&r=g\",\"caption\":\"Maureen Bertrand\"}}]}<\/script>\n<!-- \/ Yoast SEO plugin. -->","yoast_head_json":{"title":"Trabajo temporal: \u00a1en AB2PRO es cosa tambien de mujeres! - AB2PRO","description":"Trabajo temporal: \u00a1en AB2PRO es cosa tambien de mujeres!","robots":{"index":"index","follow":"follow","max-snippet":"max-snippet:-1","max-image-preview":"max-image-preview:large","max-video-preview":"max-video-preview:-1"},"canonical":"https:\/\/www.ab2pro.com\/es\/trabajo-temporal-en-ab2pro-es-cosa-tambien-de-mujeres\/","og_locale":"es_ES","og_type":"article","og_title":"Trabajo temporal: \u00a1en AB2PRO es cosa tambien de mujeres! - AB2PRO","og_description":"Trabajo temporal: \u00a1en AB2PRO es cosa tambien de mujeres!","og_url":"https:\/\/www.ab2pro.com\/es\/trabajo-temporal-en-ab2pro-es-cosa-tambien-de-mujeres\/","og_site_name":"AB2PRO","article_published_time":"2023-03-08T09:03:57+00:00","article_modified_time":"2025-07-22T13:16:48+00:00","og_image":[{"width":2048,"height":1152,"url":"https:\/\/www.ab2pro.com\/wp-content\/uploads\/2023\/03\/photosab2pro2-scaled.jpg","type":"image\/jpeg"}],"author":"Maureen Bertrand","twitter_card":"summary_large_image","twitter_misc":{"Escrito por":"Maureen Bertrand","Tiempo de lectura":"3 minutos"},"schema":{"@context":"https:\/\/schema.org","@graph":[{"@type":"Article","@id":"https:\/\/www.ab2pro.com\/es\/trabajo-temporal-en-ab2pro-es-cosa-tambien-de-mujeres\/#article","isPartOf":{"@id":"https:\/\/www.ab2pro.com\/es\/trabajo-temporal-en-ab2pro-es-cosa-tambien-de-mujeres\/"},"author":{"name":"Maureen Bertrand","@id":"https:\/\/www.ab2pro.com\/es\/#\/schema\/person\/999b8bcb57f23c55d9c1ea694b31abca"},"headline":"Trabajo temporal: \u00a1en AB2PRO es cosa tambien de mujeres!","datePublished":"2023-03-08T09:03:57+00:00","dateModified":"2025-07-22T13:16:48+00:00","mainEntityOfPage":{"@id":"https:\/\/www.ab2pro.com\/es\/trabajo-temporal-en-ab2pro-es-cosa-tambien-de-mujeres\/"},"wordCount":604,"publisher":{"@id":"https:\/\/www.ab2pro.com\/es\/#organization"},"image":{"@id":"https:\/\/www.ab2pro.com\/es\/trabajo-temporal-en-ab2pro-es-cosa-tambien-de-mujeres\/#primaryimage"},"thumbnailUrl":"https:\/\/www.ab2pro.com\/wp-content\/uploads\/2023\/03\/photosab2pro2-scaled.jpg","articleSection":["\u00bfLo sab\u00edan?","P\u00e1gina inicial"],"inLanguage":"es"},{"@type":"WebPage","@id":"https:\/\/www.ab2pro.com\/es\/trabajo-temporal-en-ab2pro-es-cosa-tambien-de-mujeres\/","url":"https:\/\/www.ab2pro.com\/es\/trabajo-temporal-en-ab2pro-es-cosa-tambien-de-mujeres\/","name":"Trabajo temporal: \u00a1en AB2PRO es cosa tambien de mujeres! - AB2PRO","isPartOf":{"@id":"https:\/\/www.ab2pro.com\/es\/#website"},"primaryImageOfPage":{"@id":"https:\/\/www.ab2pro.com\/es\/trabajo-temporal-en-ab2pro-es-cosa-tambien-de-mujeres\/#primaryimage"},"image":{"@id":"https:\/\/www.ab2pro.com\/es\/trabajo-temporal-en-ab2pro-es-cosa-tambien-de-mujeres\/#primaryimage"},"thumbnailUrl":"https:\/\/www.ab2pro.com\/wp-content\/uploads\/2023\/03\/photosab2pro2-scaled.jpg","datePublished":"2023-03-08T09:03:57+00:00","dateModified":"2025-07-22T13:16:48+00:00","description":"Trabajo temporal: \u00a1en AB2PRO es cosa tambien de mujeres!","breadcrumb":{"@id":"https:\/\/www.ab2pro.com\/es\/trabajo-temporal-en-ab2pro-es-cosa-tambien-de-mujeres\/#breadcrumb"},"inLanguage":"es","potentialAction":[{"@type":"ReadAction","target":["https:\/\/www.ab2pro.com\/es\/trabajo-temporal-en-ab2pro-es-cosa-tambien-de-mujeres\/"]}]},{"@type":"ImageObject","inLanguage":"es","@id":"https:\/\/www.ab2pro.com\/es\/trabajo-temporal-en-ab2pro-es-cosa-tambien-de-mujeres\/#primaryimage","url":"https:\/\/www.ab2pro.com\/wp-content\/uploads\/2023\/03\/photosab2pro2-scaled.jpg","contentUrl":"https:\/\/www.ab2pro.com\/wp-content\/uploads\/2023\/03\/photosab2pro2-scaled.jpg","width":2048,"height":1152},{"@type":"BreadcrumbList","@id":"https:\/\/www.ab2pro.com\/es\/trabajo-temporal-en-ab2pro-es-cosa-tambien-de-mujeres\/#breadcrumb","itemListElement":[{"@type":"ListItem","position":1,"name":"Accueil","item":"https:\/\/www.ab2pro.com\/es\/"},{"@type":"ListItem","position":2,"name":"Trabajo temporal: \u00a1en AB2PRO es cosa tambien de mujeres!"}]},{"@type":"WebSite","@id":"https:\/\/www.ab2pro.com\/es\/#website","url":"https:\/\/www.ab2pro.com\/es\/","name":"AB2PRO","description":"Agence d&#039;emploi sp\u00e9cialis\u00e9e dans le recrutement de travailleurs europ\u00e9ens","publisher":{"@id":"https:\/\/www.ab2pro.com\/es\/#organization"},"potentialAction":[{"@type":"SearchAction","target":{"@type":"EntryPoint","urlTemplate":"https:\/\/www.ab2pro.com\/es\/?s={search_term_string}"},"query-input":{"@type":"PropertyValueSpecification","valueRequired":true,"valueName":"search_term_string"}}],"inLanguage":"es"},{"@type":"Organization","@id":"https:\/\/www.ab2pro.com\/es\/#organization","name":"AB2PRO","url":"https:\/\/www.ab2pro.com\/es\/","logo":{"@type":"ImageObject","inLanguage":"es","@id":"https:\/\/www.ab2pro.com\/es\/#\/schema\/logo\/image\/","url":"https:\/\/www.ab2pro.com\/wp-content\/uploads\/2020\/11\/logo-profil.png","contentUrl":"https:\/\/www.ab2pro.com\/wp-content\/uploads\/2020\/11\/logo-profil.png","width":230,"height":47,"caption":"AB2PRO"},"image":{"@id":"https:\/\/www.ab2pro.com\/es\/#\/schema\/logo\/image\/"}},{"@type":"Person","@id":"https:\/\/www.ab2pro.com\/es\/#\/schema\/person\/999b8bcb57f23c55d9c1ea694b31abca","name":"Maureen Bertrand","image":{"@type":"ImageObject","inLanguage":"es","@id":"https:\/\/www.ab2pro.com\/es\/#\/schema\/person\/image\/","url":"https:\/\/secure.gravatar.com\/avatar\/574896d5b43bc09a0f0a13dff3933dfc?s=96&d=mm&r=g","contentUrl":"https:\/\/secure.gravatar.com\/avatar\/574896d5b43bc09a0f0a13dff3933dfc?s=96&d=mm&r=g","caption":"Maureen Bertrand"}}]}},"_links":{"self":[{"href":"https:\/\/www.ab2pro.com\/es\/wp-json\/wp\/v2\/posts\/59003","targetHints":{"allow":["GET"]}}],"collection":[{"href":"https:\/\/www.ab2pro.com\/es\/wp-json\/wp\/v2\/posts"}],"about":[{"href":"https:\/\/www.ab2pro.com\/es\/wp-json\/wp\/v2\/types\/post"}],"author":[{"embeddable":true,"href":"https:\/\/www.ab2pro.com\/es\/wp-json\/wp\/v2\/users\/1772"}],"replies":[{"embeddable":true,"href":"https:\/\/www.ab2pro.com\/es\/wp-json\/wp\/v2\/comments?post=59003"}],"version-history":[{"count":0,"href":"https:\/\/www.ab2pro.com\/es\/wp-json\/wp\/v2\/posts\/59003\/revisions"}],"wp:featuredmedia":[{"embeddable":true,"href":"https:\/\/www.ab2pro.com\/es\/wp-json\/wp\/v2\/media\/39498"}],"wp:attachment":[{"href":"https:\/\/www.ab2pro.com\/es\/wp-json\/wp\/v2\/media?parent=59003"}],"wp:term":[{"taxonomy":"category","embeddable":true,"href":"https:\/\/www.ab2pro.com\/es\/wp-json\/wp\/v2\/categories?post=59003"},{"taxonomy":"post_tag","embeddable":true,"href":"https:\/\/www.ab2pro.com\/es\/wp-json\/wp\/v2\/tags?post=59003"}],"curies":[{"name":"wp","href":"https:\/\/api.w.org\/{rel}","templated":true}]}}