
{"id":59639,"date":"2024-01-31T10:23:45","date_gmt":"2024-01-31T09:23:45","guid":{"rendered":"https:\/\/www.ab2pro.com\/estrasburgo-una-epopeya-en-el-tiempo-y-el-color-un-itinerario-encantado\/"},"modified":"2025-07-22T15:07:51","modified_gmt":"2025-07-22T13:07:51","slug":"estrasburgo-una-epopeya-en-el-tiempo-y-el-color-un-itinerario-encantado","status":"publish","type":"post","link":"https:\/\/www.ab2pro.com\/es\/estrasburgo-una-epopeya-en-el-tiempo-y-el-color-un-itinerario-encantado\/","title":{"rendered":"Estrasburgo, una epopeya en el tiempo y el color: un itinerario encantado"},"content":{"rendered":"<p>[vc_row][vc_column][vc_column_text css_animation=\u00bbfadeInDown\u00bb]Bienvenido a este viaje \u00e9pico por las calles de Estrasburgo, donde cada calle y cada plaza revelan un pedazo de la colorida historia de la ciudad. Siga esta detallada gu\u00eda para vivir una inolvidable aventura a trav\u00e9s del tiempo.[\/vc_column_text][\/vc_column][\/vc_row][vc_row][vc_column][vc_column_text css_animation=\u00bbfadeInDown\u00bb]<\/p>\n<h2>Itinerario<\/h2>\n<p>[\/vc_column_text][\/vc_column][\/vc_row][vc_row][vc_column width=\u00bb1\/2&#8243;][vc_single_image image=\u00bb55699&#8243; img_size=\u00bb960&#215;960&#8243; css_animation=\u00bbfadeIn\u00bb][\/vc_column][vc_column width=\u00bb1\/2&#8243;][vc_column_text css_animation=\u00bbfadeIn\u00bb]<\/p>\n<h3>1. Inicio: La Petite France<\/h3>\n<p>Comience su viaje en el emblem\u00e1tico barrio de La Petite France, donde las calles adoquinadas de la Rue des Moulins susurran historias del pasado.. Pasee por los canales y d\u00e9jese seducir por las fachadas entramadas que parecen guardar los secretos de siglos pasados.[\/vc_column_text][vc_column_text css_animation=\u00bbfadeIn\u00bb]<\/p>\n<h3>2. Hacia el centro hist\u00f3rico: Rue des Dentelles<\/h3>\n<p>Salir de La Petite France por la Rue des Dentelles. Esta serpenteante callejuela le llevar\u00e1 a trav\u00e9s de estrechos pasadizos y pintorescos patios. Los tonos ocres y los matices verdes de las contraventanas crean un ambiente c\u00e1lido, que invita a explorar cada rinc\u00f3n.[\/vc_column_text][\/vc_column][\/vc_row][vc_row][vc_column width=\u00bb1\/2&#8243;][vc_column_text css_animation=\u00bbfadeIn\u00bb]<\/p>\n<h3>3. Pausa cultural: Museo Hist\u00f3rico de Estrasburgo<\/h3>\n<p>Dir\u00edjase al norte por la Rue du Bain-aux-Plantes, que conduce al Mus\u00e9e Historique de Strasbourg. Ubicado en un magn\u00edfico edificio del siglo XVI, el museo ofrece una fascinante visi\u00f3n de la historia local, desde la antig\u00fcedad hasta nuestros d\u00edas.[\/vc_column_text][vc_column_text css_animation=\u00bbfadeIn\u00bb]<\/p>\n<h3>4. Encanto medieval: Ponts Couverts y Place du March\u00e9 Gayot<\/h3>\n<p>Dir\u00edjase al este hacia los famosos Ponts Couverts a trav\u00e9s de la Rue des Moulins. Siga por la Rue du 22 Novembre hasta la Place du March\u00e9 Gayot. Los coloridos puestos del mercado a\u00f1aden un toque animado a este lugar, donde el comercio existe desde hace siglos.[\/vc_column_text][\/vc_column][vc_column width=\u00bb1\/2&#8243;][vc_single_image image=\u00bb55683&#8243; img_size=\u00bb960&#215;960&#8243; css_animation=\u00bbfadeIn\u00bb][\/vc_column][\/vc_row][vc_row][vc_column width=\u00bb1\/2&#8243;][vc_single_image image=\u00bb33436&#8243; img_size=\u00bb960&#215;960&#8243; css_animation=\u00bbfadeIn\u00bb][\/vc_column][vc_column width=\u00bb1\/2&#8243;][vc_column_text css_animation=\u00bbfadeIn\u00bb]<\/p>\n<h3>5. Hacia el apogeo arquitect\u00f3nico: la catedral de Notre-Dame<\/h3>\n<p>Contin\u00fae su viaje por la Rue du Maroquin para llegar a la majestuosa Catedral de Notre-Dame. Cada detalle de esta maravilla g\u00f3tica cuenta una historia, desde las g\u00e1rgolas centinelas hasta las esculturas que adornan la fachada.[\/vc_column_text][vc_column_text css_animation=\u00bbfadeIn\u00bb]<\/p>\n<h3>6. Fin en Beaut\u00e9: distrito de Kruteneau<\/h3>\n<p>Termine su paseo explorando el barrio de Krutenau, al sur de la Grande \u00cele. Esta zona est\u00e1 llena de caf\u00e9s, boutiques y calles tranquilas. Recorra la rue de la Krutenau para echar un \u00faltimo vistazo a la vida cotidiana de Estrasburgo.[\/vc_column_text][\/vc_column][\/vc_row][vc_row][vc_column][vc_column_text css_animation=\u00bbfadeIn\u00bb]A medida que siga este extenso itinerario, cada calle que cruce se convertir\u00e1 en un cap\u00edtulo de su exploraci\u00f3n a trav\u00e9s del tiempo y los colores de Estrasburgo. T\u00f3mese su tiempo para absorber la atm\u00f3sfera \u00fanica de cada distrito y d\u00e9jese llevar por el encanto de esta ciudad de las mil facetas. \u00a1Disfrute de su aventura! Para los que a\u00fan no son miembros de #AB2PROTEAM y quieren aprovechar una asignaci\u00f3n en Estrasburgo para descubrir esta magn\u00edfica ciudad, \u00a1est\u00e1 por <a href=\"https:\/\/www.ab2pro.com\/es\/oferta-de-trabajo-francia\/\">aqu\u00ed<\/a>![\/vc_column_text][\/vc_column][\/vc_row]<\/p>\n","protected":false},"excerpt":{"rendered":"<p>Estrasburgo, una de las capitales culturales de Francia. Todo lo que tiene que hacer para descubrirla con el mejor itinerario posible es depositar su confianza en nosotros. <\/p>\n","protected":false},"author":5391,"featured_media":55699,"comment_status":"closed","ping_status":"closed","sticky":false,"template":"","format":"standard","meta":{"_acf_changed":false,"footnotes":""},"categories":[726,837,657,725],"tags":[],"class_list":["post-59639","post","type-post","status-publish","format-standard","has-post-thumbnail","hentry","category-lo-sabian","category-descubre-europa-con-ab2pro-es","category-descubrir-francia","category-pagina-inicial-es"],"acf":[],"yoast_head":"<!-- This site is optimized with the Yoast SEO plugin v26.8 - https:\/\/yoast.com\/product\/yoast-seo-wordpress\/ -->\n<title>Estrasburgo, una epopeya en el tiempo y el color: un itinerario encantado - AB2PRO<\/title>\n<meta name=\"description\" content=\"Estrasburgo, una epopeya en el tiempo y el color: un itinerario encantado\" \/>\n<meta name=\"robots\" content=\"index, follow, max-snippet:-1, max-image-preview:large, max-video-preview:-1\" \/>\n<link rel=\"canonical\" href=\"https:\/\/www.ab2pro.com\/es\/estrasburgo-una-epopeya-en-el-tiempo-y-el-color-un-itinerario-encantado\/\" \/>\n<meta property=\"og:locale\" content=\"es_ES\" \/>\n<meta property=\"og:type\" content=\"article\" \/>\n<meta property=\"og:title\" content=\"Estrasburgo, una epopeya en el tiempo y el color: un itinerario encantado - AB2PRO\" \/>\n<meta property=\"og:description\" content=\"Estrasburgo, una epopeya en el tiempo y el color: un itinerario encantado\" \/>\n<meta property=\"og:url\" content=\"https:\/\/www.ab2pro.com\/es\/estrasburgo-una-epopeya-en-el-tiempo-y-el-color-un-itinerario-encantado\/\" \/>\n<meta property=\"og:site_name\" content=\"AB2PRO\" \/>\n<meta property=\"article:published_time\" content=\"2024-01-31T09:23:45+00:00\" \/>\n<meta property=\"article:modified_time\" content=\"2025-07-22T13:07:51+00:00\" \/>\n<meta property=\"og:image\" content=\"https:\/\/www.ab2pro.com\/wp-content\/uploads\/2023\/12\/strasbourg-ville-scaled.jpg\" \/>\n\t<meta property=\"og:image:width\" content=\"2048\" \/>\n\t<meta property=\"og:image:height\" content=\"1365\" \/>\n\t<meta property=\"og:image:type\" content=\"image\/jpeg\" \/>\n<meta name=\"author\" content=\"Rossil\u00e8ne DOMOISON-SICARD\" \/>\n<meta name=\"twitter:card\" content=\"summary_large_image\" \/>\n<meta name=\"twitter:label1\" content=\"Escrito por\" \/>\n\t<meta name=\"twitter:data1\" content=\"Rossil\u00e8ne DOMOISON-SICARD\" \/>\n\t<meta name=\"twitter:label2\" content=\"Tiempo de lectura\" \/>\n\t<meta name=\"twitter:data2\" content=\"3 minutos\" \/>\n<script type=\"application\/ld+json\" class=\"yoast-schema-graph\">{\"@context\":\"https:\/\/schema.org\",\"@graph\":[{\"@type\":\"Article\",\"@id\":\"https:\/\/www.ab2pro.com\/es\/estrasburgo-una-epopeya-en-el-tiempo-y-el-color-un-itinerario-encantado\/#article\",\"isPartOf\":{\"@id\":\"https:\/\/www.ab2pro.com\/es\/estrasburgo-una-epopeya-en-el-tiempo-y-el-color-un-itinerario-encantado\/\"},\"author\":{\"name\":\"Rossil\u00e8ne DOMOISON-SICARD\",\"@id\":\"https:\/\/www.ab2pro.com\/es\/#\/schema\/person\/54c8bff9be55097e2298932a5903940e\"},\"headline\":\"Estrasburgo, una epopeya en el tiempo y el color: un itinerario encantado\",\"datePublished\":\"2024-01-31T09:23:45+00:00\",\"dateModified\":\"2025-07-22T13:07:51+00:00\",\"mainEntityOfPage\":{\"@id\":\"https:\/\/www.ab2pro.com\/es\/estrasburgo-una-epopeya-en-el-tiempo-y-el-color-un-itinerario-encantado\/\"},\"wordCount\":630,\"publisher\":{\"@id\":\"https:\/\/www.ab2pro.com\/es\/#organization\"},\"image\":{\"@id\":\"https:\/\/www.ab2pro.com\/es\/estrasburgo-una-epopeya-en-el-tiempo-y-el-color-un-itinerario-encantado\/#primaryimage\"},\"thumbnailUrl\":\"https:\/\/www.ab2pro.com\/wp-content\/uploads\/2023\/12\/strasbourg-ville-scaled.jpg\",\"articleSection\":[\"\u00bfLo sab\u00edan?\",\"Descubre Europa con AB2PRO\",\"Descubrir Francia\",\"P\u00e1gina inicial\"],\"inLanguage\":\"es\"},{\"@type\":\"WebPage\",\"@id\":\"https:\/\/www.ab2pro.com\/es\/estrasburgo-una-epopeya-en-el-tiempo-y-el-color-un-itinerario-encantado\/\",\"url\":\"https:\/\/www.ab2pro.com\/es\/estrasburgo-una-epopeya-en-el-tiempo-y-el-color-un-itinerario-encantado\/\",\"name\":\"Estrasburgo, una epopeya en el tiempo y el color: un itinerario encantado - AB2PRO\",\"isPartOf\":{\"@id\":\"https:\/\/www.ab2pro.com\/es\/#website\"},\"primaryImageOfPage\":{\"@id\":\"https:\/\/www.ab2pro.com\/es\/estrasburgo-una-epopeya-en-el-tiempo-y-el-color-un-itinerario-encantado\/#primaryimage\"},\"image\":{\"@id\":\"https:\/\/www.ab2pro.com\/es\/estrasburgo-una-epopeya-en-el-tiempo-y-el-color-un-itinerario-encantado\/#primaryimage\"},\"thumbnailUrl\":\"https:\/\/www.ab2pro.com\/wp-content\/uploads\/2023\/12\/strasbourg-ville-scaled.jpg\",\"datePublished\":\"2024-01-31T09:23:45+00:00\",\"dateModified\":\"2025-07-22T13:07:51+00:00\",\"description\":\"Estrasburgo, una epopeya en el tiempo y el color: un itinerario encantado\",\"breadcrumb\":{\"@id\":\"https:\/\/www.ab2pro.com\/es\/estrasburgo-una-epopeya-en-el-tiempo-y-el-color-un-itinerario-encantado\/#breadcrumb\"},\"inLanguage\":\"es\",\"potentialAction\":[{\"@type\":\"ReadAction\",\"target\":[\"https:\/\/www.ab2pro.com\/es\/estrasburgo-una-epopeya-en-el-tiempo-y-el-color-un-itinerario-encantado\/\"]}]},{\"@type\":\"ImageObject\",\"inLanguage\":\"es\",\"@id\":\"https:\/\/www.ab2pro.com\/es\/estrasburgo-una-epopeya-en-el-tiempo-y-el-color-un-itinerario-encantado\/#primaryimage\",\"url\":\"https:\/\/www.ab2pro.com\/wp-content\/uploads\/2023\/12\/strasbourg-ville-scaled.jpg\",\"contentUrl\":\"https:\/\/www.ab2pro.com\/wp-content\/uploads\/2023\/12\/strasbourg-ville-scaled.jpg\",\"width\":2048,\"height\":1365},{\"@type\":\"BreadcrumbList\",\"@id\":\"https:\/\/www.ab2pro.com\/es\/estrasburgo-una-epopeya-en-el-tiempo-y-el-color-un-itinerario-encantado\/#breadcrumb\",\"itemListElement\":[{\"@type\":\"ListItem\",\"position\":1,\"name\":\"Accueil\",\"item\":\"https:\/\/www.ab2pro.com\/es\/\"},{\"@type\":\"ListItem\",\"position\":2,\"name\":\"Estrasburgo, una epopeya en el tiempo y el color: un itinerario encantado\"}]},{\"@type\":\"WebSite\",\"@id\":\"https:\/\/www.ab2pro.com\/es\/#website\",\"url\":\"https:\/\/www.ab2pro.com\/es\/\",\"name\":\"AB2PRO\",\"description\":\"Agence d&#039;emploi sp\u00e9cialis\u00e9e dans le recrutement de travailleurs europ\u00e9ens\",\"publisher\":{\"@id\":\"https:\/\/www.ab2pro.com\/es\/#organization\"},\"potentialAction\":[{\"@type\":\"SearchAction\",\"target\":{\"@type\":\"EntryPoint\",\"urlTemplate\":\"https:\/\/www.ab2pro.com\/es\/?s={search_term_string}\"},\"query-input\":{\"@type\":\"PropertyValueSpecification\",\"valueRequired\":true,\"valueName\":\"search_term_string\"}}],\"inLanguage\":\"es\"},{\"@type\":\"Organization\",\"@id\":\"https:\/\/www.ab2pro.com\/es\/#organization\",\"name\":\"AB2PRO\",\"url\":\"https:\/\/www.ab2pro.com\/es\/\",\"logo\":{\"@type\":\"ImageObject\",\"inLanguage\":\"es\",\"@id\":\"https:\/\/www.ab2pro.com\/es\/#\/schema\/logo\/image\/\",\"url\":\"https:\/\/www.ab2pro.com\/wp-content\/uploads\/2020\/11\/logo-profil.png\",\"contentUrl\":\"https:\/\/www.ab2pro.com\/wp-content\/uploads\/2020\/11\/logo-profil.png\",\"width\":230,\"height\":47,\"caption\":\"AB2PRO\"},\"image\":{\"@id\":\"https:\/\/www.ab2pro.com\/es\/#\/schema\/logo\/image\/\"}},{\"@type\":\"Person\",\"@id\":\"https:\/\/www.ab2pro.com\/es\/#\/schema\/person\/54c8bff9be55097e2298932a5903940e\",\"name\":\"Rossil\u00e8ne DOMOISON-SICARD\",\"image\":{\"@type\":\"ImageObject\",\"inLanguage\":\"es\",\"@id\":\"https:\/\/www.ab2pro.com\/es\/#\/schema\/person\/image\/\",\"url\":\"https:\/\/secure.gravatar.com\/avatar\/e33b91d9b8fa9fa2306743f1fb62f11c?s=96&d=mm&r=g\",\"contentUrl\":\"https:\/\/secure.gravatar.com\/avatar\/e33b91d9b8fa9fa2306743f1fb62f11c?s=96&d=mm&r=g\",\"caption\":\"Rossil\u00e8ne DOMOISON-SICARD\"}}]}<\/script>\n<!-- \/ Yoast SEO plugin. -->","yoast_head_json":{"title":"Estrasburgo, una epopeya en el tiempo y el color: un itinerario encantado - AB2PRO","description":"Estrasburgo, una epopeya en el tiempo y el color: un itinerario encantado","robots":{"index":"index","follow":"follow","max-snippet":"max-snippet:-1","max-image-preview":"max-image-preview:large","max-video-preview":"max-video-preview:-1"},"canonical":"https:\/\/www.ab2pro.com\/es\/estrasburgo-una-epopeya-en-el-tiempo-y-el-color-un-itinerario-encantado\/","og_locale":"es_ES","og_type":"article","og_title":"Estrasburgo, una epopeya en el tiempo y el color: un itinerario encantado - AB2PRO","og_description":"Estrasburgo, una epopeya en el tiempo y el color: un itinerario encantado","og_url":"https:\/\/www.ab2pro.com\/es\/estrasburgo-una-epopeya-en-el-tiempo-y-el-color-un-itinerario-encantado\/","og_site_name":"AB2PRO","article_published_time":"2024-01-31T09:23:45+00:00","article_modified_time":"2025-07-22T13:07:51+00:00","og_image":[{"width":2048,"height":1365,"url":"https:\/\/www.ab2pro.com\/wp-content\/uploads\/2023\/12\/strasbourg-ville-scaled.jpg","type":"image\/jpeg"}],"author":"Rossil\u00e8ne DOMOISON-SICARD","twitter_card":"summary_large_image","twitter_misc":{"Escrito por":"Rossil\u00e8ne DOMOISON-SICARD","Tiempo de lectura":"3 minutos"},"schema":{"@context":"https:\/\/schema.org","@graph":[{"@type":"Article","@id":"https:\/\/www.ab2pro.com\/es\/estrasburgo-una-epopeya-en-el-tiempo-y-el-color-un-itinerario-encantado\/#article","isPartOf":{"@id":"https:\/\/www.ab2pro.com\/es\/estrasburgo-una-epopeya-en-el-tiempo-y-el-color-un-itinerario-encantado\/"},"author":{"name":"Rossil\u00e8ne DOMOISON-SICARD","@id":"https:\/\/www.ab2pro.com\/es\/#\/schema\/person\/54c8bff9be55097e2298932a5903940e"},"headline":"Estrasburgo, una epopeya en el tiempo y el color: un itinerario encantado","datePublished":"2024-01-31T09:23:45+00:00","dateModified":"2025-07-22T13:07:51+00:00","mainEntityOfPage":{"@id":"https:\/\/www.ab2pro.com\/es\/estrasburgo-una-epopeya-en-el-tiempo-y-el-color-un-itinerario-encantado\/"},"wordCount":630,"publisher":{"@id":"https:\/\/www.ab2pro.com\/es\/#organization"},"image":{"@id":"https:\/\/www.ab2pro.com\/es\/estrasburgo-una-epopeya-en-el-tiempo-y-el-color-un-itinerario-encantado\/#primaryimage"},"thumbnailUrl":"https:\/\/www.ab2pro.com\/wp-content\/uploads\/2023\/12\/strasbourg-ville-scaled.jpg","articleSection":["\u00bfLo sab\u00edan?","Descubre Europa con AB2PRO","Descubrir Francia","P\u00e1gina inicial"],"inLanguage":"es"},{"@type":"WebPage","@id":"https:\/\/www.ab2pro.com\/es\/estrasburgo-una-epopeya-en-el-tiempo-y-el-color-un-itinerario-encantado\/","url":"https:\/\/www.ab2pro.com\/es\/estrasburgo-una-epopeya-en-el-tiempo-y-el-color-un-itinerario-encantado\/","name":"Estrasburgo, una epopeya en el tiempo y el color: un itinerario encantado - AB2PRO","isPartOf":{"@id":"https:\/\/www.ab2pro.com\/es\/#website"},"primaryImageOfPage":{"@id":"https:\/\/www.ab2pro.com\/es\/estrasburgo-una-epopeya-en-el-tiempo-y-el-color-un-itinerario-encantado\/#primaryimage"},"image":{"@id":"https:\/\/www.ab2pro.com\/es\/estrasburgo-una-epopeya-en-el-tiempo-y-el-color-un-itinerario-encantado\/#primaryimage"},"thumbnailUrl":"https:\/\/www.ab2pro.com\/wp-content\/uploads\/2023\/12\/strasbourg-ville-scaled.jpg","datePublished":"2024-01-31T09:23:45+00:00","dateModified":"2025-07-22T13:07:51+00:00","description":"Estrasburgo, una epopeya en el tiempo y el color: un itinerario encantado","breadcrumb":{"@id":"https:\/\/www.ab2pro.com\/es\/estrasburgo-una-epopeya-en-el-tiempo-y-el-color-un-itinerario-encantado\/#breadcrumb"},"inLanguage":"es","potentialAction":[{"@type":"ReadAction","target":["https:\/\/www.ab2pro.com\/es\/estrasburgo-una-epopeya-en-el-tiempo-y-el-color-un-itinerario-encantado\/"]}]},{"@type":"ImageObject","inLanguage":"es","@id":"https:\/\/www.ab2pro.com\/es\/estrasburgo-una-epopeya-en-el-tiempo-y-el-color-un-itinerario-encantado\/#primaryimage","url":"https:\/\/www.ab2pro.com\/wp-content\/uploads\/2023\/12\/strasbourg-ville-scaled.jpg","contentUrl":"https:\/\/www.ab2pro.com\/wp-content\/uploads\/2023\/12\/strasbourg-ville-scaled.jpg","width":2048,"height":1365},{"@type":"BreadcrumbList","@id":"https:\/\/www.ab2pro.com\/es\/estrasburgo-una-epopeya-en-el-tiempo-y-el-color-un-itinerario-encantado\/#breadcrumb","itemListElement":[{"@type":"ListItem","position":1,"name":"Accueil","item":"https:\/\/www.ab2pro.com\/es\/"},{"@type":"ListItem","position":2,"name":"Estrasburgo, una epopeya en el tiempo y el color: un itinerario encantado"}]},{"@type":"WebSite","@id":"https:\/\/www.ab2pro.com\/es\/#website","url":"https:\/\/www.ab2pro.com\/es\/","name":"AB2PRO","description":"Agence d&#039;emploi sp\u00e9cialis\u00e9e dans le recrutement de travailleurs europ\u00e9ens","publisher":{"@id":"https:\/\/www.ab2pro.com\/es\/#organization"},"potentialAction":[{"@type":"SearchAction","target":{"@type":"EntryPoint","urlTemplate":"https:\/\/www.ab2pro.com\/es\/?s={search_term_string}"},"query-input":{"@type":"PropertyValueSpecification","valueRequired":true,"valueName":"search_term_string"}}],"inLanguage":"es"},{"@type":"Organization","@id":"https:\/\/www.ab2pro.com\/es\/#organization","name":"AB2PRO","url":"https:\/\/www.ab2pro.com\/es\/","logo":{"@type":"ImageObject","inLanguage":"es","@id":"https:\/\/www.ab2pro.com\/es\/#\/schema\/logo\/image\/","url":"https:\/\/www.ab2pro.com\/wp-content\/uploads\/2020\/11\/logo-profil.png","contentUrl":"https:\/\/www.ab2pro.com\/wp-content\/uploads\/2020\/11\/logo-profil.png","width":230,"height":47,"caption":"AB2PRO"},"image":{"@id":"https:\/\/www.ab2pro.com\/es\/#\/schema\/logo\/image\/"}},{"@type":"Person","@id":"https:\/\/www.ab2pro.com\/es\/#\/schema\/person\/54c8bff9be55097e2298932a5903940e","name":"Rossil\u00e8ne DOMOISON-SICARD","image":{"@type":"ImageObject","inLanguage":"es","@id":"https:\/\/www.ab2pro.com\/es\/#\/schema\/person\/image\/","url":"https:\/\/secure.gravatar.com\/avatar\/e33b91d9b8fa9fa2306743f1fb62f11c?s=96&d=mm&r=g","contentUrl":"https:\/\/secure.gravatar.com\/avatar\/e33b91d9b8fa9fa2306743f1fb62f11c?s=96&d=mm&r=g","caption":"Rossil\u00e8ne DOMOISON-SICARD"}}]}},"_links":{"self":[{"href":"https:\/\/www.ab2pro.com\/es\/wp-json\/wp\/v2\/posts\/59639","targetHints":{"allow":["GET"]}}],"collection":[{"href":"https:\/\/www.ab2pro.com\/es\/wp-json\/wp\/v2\/posts"}],"about":[{"href":"https:\/\/www.ab2pro.com\/es\/wp-json\/wp\/v2\/types\/post"}],"author":[{"embeddable":true,"href":"https:\/\/www.ab2pro.com\/es\/wp-json\/wp\/v2\/users\/5391"}],"replies":[{"embeddable":true,"href":"https:\/\/www.ab2pro.com\/es\/wp-json\/wp\/v2\/comments?post=59639"}],"version-history":[{"count":0,"href":"https:\/\/www.ab2pro.com\/es\/wp-json\/wp\/v2\/posts\/59639\/revisions"}],"wp:featuredmedia":[{"embeddable":true,"href":"https:\/\/www.ab2pro.com\/es\/wp-json\/wp\/v2\/media\/55699"}],"wp:attachment":[{"href":"https:\/\/www.ab2pro.com\/es\/wp-json\/wp\/v2\/media?parent=59639"}],"wp:term":[{"taxonomy":"category","embeddable":true,"href":"https:\/\/www.ab2pro.com\/es\/wp-json\/wp\/v2\/categories?post=59639"},{"taxonomy":"post_tag","embeddable":true,"href":"https:\/\/www.ab2pro.com\/es\/wp-json\/wp\/v2\/tags?post=59639"}],"curies":[{"name":"wp","href":"https:\/\/api.w.org\/{rel}","templated":true}]}}