
{"id":61246,"date":"2024-03-08T08:42:05","date_gmt":"2024-03-08T07:42:05","guid":{"rendered":"https:\/\/www.ab2pro.com\/?p=61246"},"modified":"2024-03-12T15:32:54","modified_gmt":"2024-03-12T14:32:54","slug":"nuestras-bellas-historias-conoce-a-nicoleta-una-mujer-de-accion-en-el-mundo-de-la-ite","status":"publish","type":"post","link":"https:\/\/www.ab2pro.com\/es\/nuestras-bellas-historias-conoce-a-nicoleta-una-mujer-de-accion-en-el-mundo-de-la-ite\/","title":{"rendered":"Nuestras bellas historias, conoce a Nicoleta: una mujer de acci\u00f3n en el mundo de la ITE \ud83d\udcbc\ud83d\udc77\u200d\u2640\ufe0f"},"content":{"rendered":"<p>[vc_row][vc_column][vc_column_text]Con motivo del D\u00eda Internacional de los Derechos de la Mujer, tuvimos la oportunidad de hablar con Nicoleta, una de nuestras trabajadoras temporales de Ruman\u00eda, que trabaja en el campo del Aislamiento T\u00e9rmico Exterior (ATE). Su historia es inspiradora y representativa del compromiso que promovemos en AB2PRO. Y si, como Nicoleta, a ti tambi\u00e9n te gustar\u00eda participar en las grandes transformaciones de la empresa, echa un vistazo a nuestras vacantes y \u00a1\u00fanete a <a href=\"https:\/\/www.ab2pro.com\/es\/reclutamiento-ab2pro\/\">nosotros<\/a>! \ud83d\ude80[\/vc_column_text][\/vc_column][\/vc_row][vc_row][vc_column width=\u00bb1\/2&#8243;][vc_single_image image=\u00bb61046&#8243; img_size=\u00bblarge\u00bb][\/vc_column][vc_column width=\u00bb1\/2&#8243;][vc_column_text]<\/p>\n<h2>Un nuevo camino con AB2PRO \ud83d\udee4\ufe0f<\/h2>\n<p>Nicoleta nos cuenta su historia en t\u00e9rminos sencillos. \u00abMe llamo Nicoleta y trabajo en AB2PRO desde que vine a vivir con mi marido. Al principio era pintora, pero ahora soy montadora de ITE, igual que \u00e9l\u00bb. Su decisi\u00f3n de unirse a AB2PRO fue clara: \u00abQuer\u00eda estar cerca de mi marido, pero tambi\u00e9n vi la oportunidad de aprender un nuevo oficio\u00bb. Con AB2PRO, Nicoleta ha encontrado mucho m\u00e1s que un trabajo: ha encontrado una familia profesional en la que puede desarrollar sus capacidades.[\/vc_column_text][\/vc_column][\/vc_row][vc_row][vc_column][vc_column_text]<\/p>\n<h2>Igualdad de Visi\u00f3n \ud83c\udf1f<\/h2>\n<p>Cuando se le pregunta por su visi\u00f3n de la igualdad entre hombres y mujeres, Nicoleta dice con convicci\u00f3n:<\/p>\n<blockquote><p>\u00abPara m\u00ed, no hay diferencia entre un hombre y una mujer, sobre todo en las obras.<\/p><\/blockquote>\n<p>Su perspectiva refleja el esp\u00edritu integrador e igualitario que se promueve en AB2PRO, donde cada empleado es valorado por sus capacidades, independientemente de su sexo.[\/vc_column_text][\/vc_column][\/vc_row][vc_row][vc_column width=\u00bb1\/2&#8243;][vc_column_text]<\/p>\n<h2>Orgullo y superaci\u00f3n de uno mismo \ud83c\udf1f.<\/h2>\n<p>Su orgullo reside en su capacidad para conseguir cualquier cosa: \u00abEstoy orgullosa de saber hacerlo todo, no soy menos capaz que un hombre\u00bb. Su actitud demuestra no s\u00f3lo su profesionalidad, sino tambi\u00e9n su determinaci\u00f3n para romper los estereotipos de g\u00e9nero y hacerse valer en un campo tradicionalmente masculino.[\/vc_column_text][vc_column_text]<\/p>\n<h2>Mensaje a las generaciones futuras \ud83d\udce3<\/h2>\n<p>Nicoleta tiene un mensaje de confianza para las j\u00f3venes que emprenden su carrera: \u00abEs importante creer en tus propias fuerzas, tener confianza en tu \u00e9xito. Tenemos las mismas capacidades que los hombres\u00bb. Su aliento suena como una llamada a la emancipaci\u00f3n y a la confianza en uno mismo, valores esenciales para el avance de la mujer en todos los sectores de actividad.[\/vc_column_text][\/vc_column][vc_column width=\u00bb1\/2&#8243;][vc_single_image image=\u00bb61054&#8243; img_size=\u00bblarge\u00bb][\/vc_column][\/vc_row][vc_row][vc_column width=\u00bb1\/2&#8243;][vc_single_image image=\u00bb61062&#8243; img_size=\u00bblarge\u00bb][\/vc_column][vc_column width=\u00bb1\/2&#8243;][vc_column_text]<\/p>\n<h2>Retos cotidianos \ud83d\udcaa<\/h2>\n<p>Tambi\u00e9n destaca los retos a los que se enfrentan las mujeres de su edad: \u00abEn las obras, llevar cargas puede ser dif\u00edcil\u00bb. A pesar de estos retos, Nicoleta afronta cada d\u00eda con determinaci\u00f3n, superando los l\u00edmites e inspirando a quienes la rodean con su resistencia y fuerza de car\u00e1cter.[\/vc_column_text][vc_column_text]<\/p>\n<h2>Una an\u00e9cdota reveladora \ud83d\udcd6<\/h2>\n<p>Por \u00faltimo, comparte una memorable an\u00e9cdota personal: \u00abAl principio, era torpe y admiraba a otra mujer que ten\u00eda m\u00e1s experiencia. Pero con el tiempo fui progresando. Hoy estoy orgullosa de mis habilidades, aunque de vez en cuando siga siendo un poco torpe\u00bb. Esta an\u00e9cdota atestigua el camino de crecimiento personal de Nicoleta, simboliza su capacidad para superar obst\u00e1culos y afirmarse en su campo profesional.[\/vc_column_text][\/vc_column][\/vc_row][vc_row][vc_column][vc_column_text]<\/p>\n<h2>Conclusi\u00f3n \ud83c\udf08<\/h2>\n<p>La determinaci\u00f3n y profesionalidad de Nicoleta encarnan a la perfecci\u00f3n el esp\u00edritu de AB2PRO. Su historia demuestra que, con perseverancia y confianza en s\u00ed mismas, las mujeres pueden brillar en cualquier campo profesional. En el D\u00eda Internacional de los Derechos de la Mujer, celebremos estas historias inspiradoras y sigamos invirtiendo en la igualdad de g\u00e9nero.[\/vc_column_text][vc_column_text]\u00bfListo para unirte a la familia AB2PRO?<br \/>\n<a href=\"https:\/\/www.ab2pro.com\/es\/oferta-de-trabajo-francia\/\">\ud83d\udc49 \u00danete a nosotros<\/a><\/p>\n<p>#D\u00edaInternacionalDelosDerechosDeLaMujer #MujerEnElTrabajo #IgualdadDeG\u00e9nero #Inspiraci\u00f3nDeLaMujer #OrgulloProfesional #EmpoderamientoDeLaMujer #DiversidadEnElTrabajo #TrabajoTemporal #AB2PRO #AislamientoT\u00e9rmicoExterior #ParidadProfesional #MujeresL\u00edderes[\/vc_column_text][\/vc_column][\/vc_row]<\/p>\n","protected":false},"excerpt":{"rendered":"<p>Descubre la historia de Nicoleta: de la pintura a la ITE, su inspiradora carrera en AB2PRO rompe con los estereotipos de g\u00e9nero.<\/p>\n","protected":false},"author":9,"featured_media":61054,"comment_status":"closed","ping_status":"closed","sticky":false,"template":"","format":"standard","meta":{"_acf_changed":false,"footnotes":""},"categories":[838,725,730],"tags":[],"class_list":["post-61246","post","type-post","status-publish","format-standard","has-post-thumbnail","hentry","category-nuestras-historias-de-exito","category-pagina-inicial-es","category-venir-trabajar-en-ab2pro"],"acf":[],"yoast_head":"<!-- This site is optimized with the Yoast SEO plugin v26.8 - https:\/\/yoast.com\/product\/yoast-seo-wordpress\/ -->\n<title>Nuestras bellas historias, conoce a Nicoleta: una mujer de acci\u00f3n en el mundo de la ITE \ud83d\udcbc\ud83d\udc77\u200d\u2640\ufe0f - AB2PRO<\/title>\n<meta name=\"description\" content=\"Nuestras bellas historias, conoce a Nicoleta: una mujer de acci\u00f3n en el mundo de la ITE \ud83d\udcbc\ud83d\udc77\u200d\u2640\ufe0f\" \/>\n<meta name=\"robots\" content=\"index, follow, max-snippet:-1, max-image-preview:large, max-video-preview:-1\" \/>\n<link rel=\"canonical\" href=\"https:\/\/www.ab2pro.com\/es\/nuestras-bellas-historias-conoce-a-nicoleta-una-mujer-de-accion-en-el-mundo-de-la-ite\/\" \/>\n<meta property=\"og:locale\" content=\"es_ES\" \/>\n<meta property=\"og:type\" content=\"article\" \/>\n<meta property=\"og:title\" content=\"Nuestras bellas historias, conoce a Nicoleta: una mujer de acci\u00f3n en el mundo de la ITE \ud83d\udcbc\ud83d\udc77\u200d\u2640\ufe0f - AB2PRO\" \/>\n<meta property=\"og:description\" content=\"Nuestras bellas historias, conoce a Nicoleta: una mujer de acci\u00f3n en el mundo de la ITE \ud83d\udcbc\ud83d\udc77\u200d\u2640\ufe0f\" \/>\n<meta property=\"og:url\" content=\"https:\/\/www.ab2pro.com\/es\/nuestras-bellas-historias-conoce-a-nicoleta-una-mujer-de-accion-en-el-mundo-de-la-ite\/\" \/>\n<meta property=\"og:site_name\" content=\"AB2PRO\" \/>\n<meta property=\"article:published_time\" content=\"2024-03-08T07:42:05+00:00\" \/>\n<meta property=\"article:modified_time\" content=\"2024-03-12T14:32:54+00:00\" \/>\n<meta property=\"og:image\" content=\"https:\/\/www.ab2pro.com\/wp-content\/uploads\/2024\/02\/nicoleta-travail-carre-scaled.jpg\" \/>\n\t<meta property=\"og:image:width\" content=\"2048\" \/>\n\t<meta property=\"og:image:height\" content=\"2048\" \/>\n\t<meta property=\"og:image:type\" content=\"image\/jpeg\" \/>\n<meta name=\"author\" content=\"MaudeAB2PRO\" \/>\n<meta name=\"twitter:card\" content=\"summary_large_image\" \/>\n<meta name=\"twitter:label1\" content=\"Escrito por\" \/>\n\t<meta name=\"twitter:data1\" content=\"MaudeAB2PRO\" \/>\n\t<meta name=\"twitter:label2\" content=\"Tiempo de lectura\" \/>\n\t<meta name=\"twitter:data2\" content=\"3 minutos\" \/>\n<script type=\"application\/ld+json\" class=\"yoast-schema-graph\">{\"@context\":\"https:\/\/schema.org\",\"@graph\":[{\"@type\":\"Article\",\"@id\":\"https:\/\/www.ab2pro.com\/es\/nuestras-bellas-historias-conoce-a-nicoleta-una-mujer-de-accion-en-el-mundo-de-la-ite\/#article\",\"isPartOf\":{\"@id\":\"https:\/\/www.ab2pro.com\/es\/nuestras-bellas-historias-conoce-a-nicoleta-una-mujer-de-accion-en-el-mundo-de-la-ite\/\"},\"author\":{\"name\":\"MaudeAB2PRO\",\"@id\":\"https:\/\/www.ab2pro.com\/es\/#\/schema\/person\/2a8a291280d10fe49dac825b0c1542f0\"},\"headline\":\"Nuestras bellas historias, conoce a Nicoleta: una mujer de acci\u00f3n en el mundo de la ITE \ud83d\udcbc\ud83d\udc77\u200d\u2640\ufe0f\",\"datePublished\":\"2024-03-08T07:42:05+00:00\",\"dateModified\":\"2024-03-12T14:32:54+00:00\",\"mainEntityOfPage\":{\"@id\":\"https:\/\/www.ab2pro.com\/es\/nuestras-bellas-historias-conoce-a-nicoleta-una-mujer-de-accion-en-el-mundo-de-la-ite\/\"},\"wordCount\":751,\"publisher\":{\"@id\":\"https:\/\/www.ab2pro.com\/es\/#organization\"},\"image\":{\"@id\":\"https:\/\/www.ab2pro.com\/es\/nuestras-bellas-historias-conoce-a-nicoleta-una-mujer-de-accion-en-el-mundo-de-la-ite\/#primaryimage\"},\"thumbnailUrl\":\"https:\/\/www.ab2pro.com\/wp-content\/uploads\/2024\/02\/nicoleta-travail-carre-scaled.jpg\",\"articleSection\":[\"Nuestras historias de \u00e9xito\",\"P\u00e1gina inicial\",\"Venir trabajar en AB2PRO\"],\"inLanguage\":\"es\"},{\"@type\":\"WebPage\",\"@id\":\"https:\/\/www.ab2pro.com\/es\/nuestras-bellas-historias-conoce-a-nicoleta-una-mujer-de-accion-en-el-mundo-de-la-ite\/\",\"url\":\"https:\/\/www.ab2pro.com\/es\/nuestras-bellas-historias-conoce-a-nicoleta-una-mujer-de-accion-en-el-mundo-de-la-ite\/\",\"name\":\"Nuestras bellas historias, conoce a Nicoleta: una mujer de acci\u00f3n en el mundo de la ITE \ud83d\udcbc\ud83d\udc77\u200d\u2640\ufe0f - AB2PRO\",\"isPartOf\":{\"@id\":\"https:\/\/www.ab2pro.com\/es\/#website\"},\"primaryImageOfPage\":{\"@id\":\"https:\/\/www.ab2pro.com\/es\/nuestras-bellas-historias-conoce-a-nicoleta-una-mujer-de-accion-en-el-mundo-de-la-ite\/#primaryimage\"},\"image\":{\"@id\":\"https:\/\/www.ab2pro.com\/es\/nuestras-bellas-historias-conoce-a-nicoleta-una-mujer-de-accion-en-el-mundo-de-la-ite\/#primaryimage\"},\"thumbnailUrl\":\"https:\/\/www.ab2pro.com\/wp-content\/uploads\/2024\/02\/nicoleta-travail-carre-scaled.jpg\",\"datePublished\":\"2024-03-08T07:42:05+00:00\",\"dateModified\":\"2024-03-12T14:32:54+00:00\",\"description\":\"Nuestras bellas historias, conoce a Nicoleta: una mujer de acci\u00f3n en el mundo de la ITE \ud83d\udcbc\ud83d\udc77\u200d\u2640\ufe0f\",\"breadcrumb\":{\"@id\":\"https:\/\/www.ab2pro.com\/es\/nuestras-bellas-historias-conoce-a-nicoleta-una-mujer-de-accion-en-el-mundo-de-la-ite\/#breadcrumb\"},\"inLanguage\":\"es\",\"potentialAction\":[{\"@type\":\"ReadAction\",\"target\":[\"https:\/\/www.ab2pro.com\/es\/nuestras-bellas-historias-conoce-a-nicoleta-una-mujer-de-accion-en-el-mundo-de-la-ite\/\"]}]},{\"@type\":\"ImageObject\",\"inLanguage\":\"es\",\"@id\":\"https:\/\/www.ab2pro.com\/es\/nuestras-bellas-historias-conoce-a-nicoleta-una-mujer-de-accion-en-el-mundo-de-la-ite\/#primaryimage\",\"url\":\"https:\/\/www.ab2pro.com\/wp-content\/uploads\/2024\/02\/nicoleta-travail-carre-scaled.jpg\",\"contentUrl\":\"https:\/\/www.ab2pro.com\/wp-content\/uploads\/2024\/02\/nicoleta-travail-carre-scaled.jpg\",\"width\":2048,\"height\":2048},{\"@type\":\"BreadcrumbList\",\"@id\":\"https:\/\/www.ab2pro.com\/es\/nuestras-bellas-historias-conoce-a-nicoleta-una-mujer-de-accion-en-el-mundo-de-la-ite\/#breadcrumb\",\"itemListElement\":[{\"@type\":\"ListItem\",\"position\":1,\"name\":\"Accueil\",\"item\":\"https:\/\/www.ab2pro.com\/es\/\"},{\"@type\":\"ListItem\",\"position\":2,\"name\":\"Nuestras bellas historias, conoce a Nicoleta: una mujer de acci\u00f3n en el mundo de la ITE \ud83d\udcbc\ud83d\udc77\u200d\u2640\ufe0f\"}]},{\"@type\":\"WebSite\",\"@id\":\"https:\/\/www.ab2pro.com\/es\/#website\",\"url\":\"https:\/\/www.ab2pro.com\/es\/\",\"name\":\"AB2PRO\",\"description\":\"Agence d&#039;emploi sp\u00e9cialis\u00e9e dans le recrutement de travailleurs europ\u00e9ens\",\"publisher\":{\"@id\":\"https:\/\/www.ab2pro.com\/es\/#organization\"},\"potentialAction\":[{\"@type\":\"SearchAction\",\"target\":{\"@type\":\"EntryPoint\",\"urlTemplate\":\"https:\/\/www.ab2pro.com\/es\/?s={search_term_string}\"},\"query-input\":{\"@type\":\"PropertyValueSpecification\",\"valueRequired\":true,\"valueName\":\"search_term_string\"}}],\"inLanguage\":\"es\"},{\"@type\":\"Organization\",\"@id\":\"https:\/\/www.ab2pro.com\/es\/#organization\",\"name\":\"AB2PRO\",\"url\":\"https:\/\/www.ab2pro.com\/es\/\",\"logo\":{\"@type\":\"ImageObject\",\"inLanguage\":\"es\",\"@id\":\"https:\/\/www.ab2pro.com\/es\/#\/schema\/logo\/image\/\",\"url\":\"https:\/\/www.ab2pro.com\/wp-content\/uploads\/2020\/11\/logo-profil.png\",\"contentUrl\":\"https:\/\/www.ab2pro.com\/wp-content\/uploads\/2020\/11\/logo-profil.png\",\"width\":230,\"height\":47,\"caption\":\"AB2PRO\"},\"image\":{\"@id\":\"https:\/\/www.ab2pro.com\/es\/#\/schema\/logo\/image\/\"}},{\"@type\":\"Person\",\"@id\":\"https:\/\/www.ab2pro.com\/es\/#\/schema\/person\/2a8a291280d10fe49dac825b0c1542f0\",\"name\":\"MaudeAB2PRO\",\"image\":{\"@type\":\"ImageObject\",\"inLanguage\":\"es\",\"@id\":\"https:\/\/www.ab2pro.com\/es\/#\/schema\/person\/image\/\",\"url\":\"https:\/\/secure.gravatar.com\/avatar\/613b8599a07b8d90193da3b7d84a1997?s=96&d=mm&r=g\",\"contentUrl\":\"https:\/\/secure.gravatar.com\/avatar\/613b8599a07b8d90193da3b7d84a1997?s=96&d=mm&r=g\",\"caption\":\"MaudeAB2PRO\"}}]}<\/script>\n<!-- \/ Yoast SEO plugin. -->","yoast_head_json":{"title":"Nuestras bellas historias, conoce a Nicoleta: una mujer de acci\u00f3n en el mundo de la ITE \ud83d\udcbc\ud83d\udc77\u200d\u2640\ufe0f - AB2PRO","description":"Nuestras bellas historias, conoce a Nicoleta: una mujer de acci\u00f3n en el mundo de la ITE \ud83d\udcbc\ud83d\udc77\u200d\u2640\ufe0f","robots":{"index":"index","follow":"follow","max-snippet":"max-snippet:-1","max-image-preview":"max-image-preview:large","max-video-preview":"max-video-preview:-1"},"canonical":"https:\/\/www.ab2pro.com\/es\/nuestras-bellas-historias-conoce-a-nicoleta-una-mujer-de-accion-en-el-mundo-de-la-ite\/","og_locale":"es_ES","og_type":"article","og_title":"Nuestras bellas historias, conoce a Nicoleta: una mujer de acci\u00f3n en el mundo de la ITE \ud83d\udcbc\ud83d\udc77\u200d\u2640\ufe0f - AB2PRO","og_description":"Nuestras bellas historias, conoce a Nicoleta: una mujer de acci\u00f3n en el mundo de la ITE \ud83d\udcbc\ud83d\udc77\u200d\u2640\ufe0f","og_url":"https:\/\/www.ab2pro.com\/es\/nuestras-bellas-historias-conoce-a-nicoleta-una-mujer-de-accion-en-el-mundo-de-la-ite\/","og_site_name":"AB2PRO","article_published_time":"2024-03-08T07:42:05+00:00","article_modified_time":"2024-03-12T14:32:54+00:00","og_image":[{"width":2048,"height":2048,"url":"https:\/\/www.ab2pro.com\/wp-content\/uploads\/2024\/02\/nicoleta-travail-carre-scaled.jpg","type":"image\/jpeg"}],"author":"MaudeAB2PRO","twitter_card":"summary_large_image","twitter_misc":{"Escrito por":"MaudeAB2PRO","Tiempo de lectura":"3 minutos"},"schema":{"@context":"https:\/\/schema.org","@graph":[{"@type":"Article","@id":"https:\/\/www.ab2pro.com\/es\/nuestras-bellas-historias-conoce-a-nicoleta-una-mujer-de-accion-en-el-mundo-de-la-ite\/#article","isPartOf":{"@id":"https:\/\/www.ab2pro.com\/es\/nuestras-bellas-historias-conoce-a-nicoleta-una-mujer-de-accion-en-el-mundo-de-la-ite\/"},"author":{"name":"MaudeAB2PRO","@id":"https:\/\/www.ab2pro.com\/es\/#\/schema\/person\/2a8a291280d10fe49dac825b0c1542f0"},"headline":"Nuestras bellas historias, conoce a Nicoleta: una mujer de acci\u00f3n en el mundo de la ITE \ud83d\udcbc\ud83d\udc77\u200d\u2640\ufe0f","datePublished":"2024-03-08T07:42:05+00:00","dateModified":"2024-03-12T14:32:54+00:00","mainEntityOfPage":{"@id":"https:\/\/www.ab2pro.com\/es\/nuestras-bellas-historias-conoce-a-nicoleta-una-mujer-de-accion-en-el-mundo-de-la-ite\/"},"wordCount":751,"publisher":{"@id":"https:\/\/www.ab2pro.com\/es\/#organization"},"image":{"@id":"https:\/\/www.ab2pro.com\/es\/nuestras-bellas-historias-conoce-a-nicoleta-una-mujer-de-accion-en-el-mundo-de-la-ite\/#primaryimage"},"thumbnailUrl":"https:\/\/www.ab2pro.com\/wp-content\/uploads\/2024\/02\/nicoleta-travail-carre-scaled.jpg","articleSection":["Nuestras historias de \u00e9xito","P\u00e1gina inicial","Venir trabajar en AB2PRO"],"inLanguage":"es"},{"@type":"WebPage","@id":"https:\/\/www.ab2pro.com\/es\/nuestras-bellas-historias-conoce-a-nicoleta-una-mujer-de-accion-en-el-mundo-de-la-ite\/","url":"https:\/\/www.ab2pro.com\/es\/nuestras-bellas-historias-conoce-a-nicoleta-una-mujer-de-accion-en-el-mundo-de-la-ite\/","name":"Nuestras bellas historias, conoce a Nicoleta: una mujer de acci\u00f3n en el mundo de la ITE \ud83d\udcbc\ud83d\udc77\u200d\u2640\ufe0f - AB2PRO","isPartOf":{"@id":"https:\/\/www.ab2pro.com\/es\/#website"},"primaryImageOfPage":{"@id":"https:\/\/www.ab2pro.com\/es\/nuestras-bellas-historias-conoce-a-nicoleta-una-mujer-de-accion-en-el-mundo-de-la-ite\/#primaryimage"},"image":{"@id":"https:\/\/www.ab2pro.com\/es\/nuestras-bellas-historias-conoce-a-nicoleta-una-mujer-de-accion-en-el-mundo-de-la-ite\/#primaryimage"},"thumbnailUrl":"https:\/\/www.ab2pro.com\/wp-content\/uploads\/2024\/02\/nicoleta-travail-carre-scaled.jpg","datePublished":"2024-03-08T07:42:05+00:00","dateModified":"2024-03-12T14:32:54+00:00","description":"Nuestras bellas historias, conoce a Nicoleta: una mujer de acci\u00f3n en el mundo de la ITE \ud83d\udcbc\ud83d\udc77\u200d\u2640\ufe0f","breadcrumb":{"@id":"https:\/\/www.ab2pro.com\/es\/nuestras-bellas-historias-conoce-a-nicoleta-una-mujer-de-accion-en-el-mundo-de-la-ite\/#breadcrumb"},"inLanguage":"es","potentialAction":[{"@type":"ReadAction","target":["https:\/\/www.ab2pro.com\/es\/nuestras-bellas-historias-conoce-a-nicoleta-una-mujer-de-accion-en-el-mundo-de-la-ite\/"]}]},{"@type":"ImageObject","inLanguage":"es","@id":"https:\/\/www.ab2pro.com\/es\/nuestras-bellas-historias-conoce-a-nicoleta-una-mujer-de-accion-en-el-mundo-de-la-ite\/#primaryimage","url":"https:\/\/www.ab2pro.com\/wp-content\/uploads\/2024\/02\/nicoleta-travail-carre-scaled.jpg","contentUrl":"https:\/\/www.ab2pro.com\/wp-content\/uploads\/2024\/02\/nicoleta-travail-carre-scaled.jpg","width":2048,"height":2048},{"@type":"BreadcrumbList","@id":"https:\/\/www.ab2pro.com\/es\/nuestras-bellas-historias-conoce-a-nicoleta-una-mujer-de-accion-en-el-mundo-de-la-ite\/#breadcrumb","itemListElement":[{"@type":"ListItem","position":1,"name":"Accueil","item":"https:\/\/www.ab2pro.com\/es\/"},{"@type":"ListItem","position":2,"name":"Nuestras bellas historias, conoce a Nicoleta: una mujer de acci\u00f3n en el mundo de la ITE \ud83d\udcbc\ud83d\udc77\u200d\u2640\ufe0f"}]},{"@type":"WebSite","@id":"https:\/\/www.ab2pro.com\/es\/#website","url":"https:\/\/www.ab2pro.com\/es\/","name":"AB2PRO","description":"Agence d&#039;emploi sp\u00e9cialis\u00e9e dans le recrutement de travailleurs europ\u00e9ens","publisher":{"@id":"https:\/\/www.ab2pro.com\/es\/#organization"},"potentialAction":[{"@type":"SearchAction","target":{"@type":"EntryPoint","urlTemplate":"https:\/\/www.ab2pro.com\/es\/?s={search_term_string}"},"query-input":{"@type":"PropertyValueSpecification","valueRequired":true,"valueName":"search_term_string"}}],"inLanguage":"es"},{"@type":"Organization","@id":"https:\/\/www.ab2pro.com\/es\/#organization","name":"AB2PRO","url":"https:\/\/www.ab2pro.com\/es\/","logo":{"@type":"ImageObject","inLanguage":"es","@id":"https:\/\/www.ab2pro.com\/es\/#\/schema\/logo\/image\/","url":"https:\/\/www.ab2pro.com\/wp-content\/uploads\/2020\/11\/logo-profil.png","contentUrl":"https:\/\/www.ab2pro.com\/wp-content\/uploads\/2020\/11\/logo-profil.png","width":230,"height":47,"caption":"AB2PRO"},"image":{"@id":"https:\/\/www.ab2pro.com\/es\/#\/schema\/logo\/image\/"}},{"@type":"Person","@id":"https:\/\/www.ab2pro.com\/es\/#\/schema\/person\/2a8a291280d10fe49dac825b0c1542f0","name":"MaudeAB2PRO","image":{"@type":"ImageObject","inLanguage":"es","@id":"https:\/\/www.ab2pro.com\/es\/#\/schema\/person\/image\/","url":"https:\/\/secure.gravatar.com\/avatar\/613b8599a07b8d90193da3b7d84a1997?s=96&d=mm&r=g","contentUrl":"https:\/\/secure.gravatar.com\/avatar\/613b8599a07b8d90193da3b7d84a1997?s=96&d=mm&r=g","caption":"MaudeAB2PRO"}}]}},"_links":{"self":[{"href":"https:\/\/www.ab2pro.com\/es\/wp-json\/wp\/v2\/posts\/61246","targetHints":{"allow":["GET"]}}],"collection":[{"href":"https:\/\/www.ab2pro.com\/es\/wp-json\/wp\/v2\/posts"}],"about":[{"href":"https:\/\/www.ab2pro.com\/es\/wp-json\/wp\/v2\/types\/post"}],"author":[{"embeddable":true,"href":"https:\/\/www.ab2pro.com\/es\/wp-json\/wp\/v2\/users\/9"}],"replies":[{"embeddable":true,"href":"https:\/\/www.ab2pro.com\/es\/wp-json\/wp\/v2\/comments?post=61246"}],"version-history":[{"count":0,"href":"https:\/\/www.ab2pro.com\/es\/wp-json\/wp\/v2\/posts\/61246\/revisions"}],"wp:featuredmedia":[{"embeddable":true,"href":"https:\/\/www.ab2pro.com\/es\/wp-json\/wp\/v2\/media\/61054"}],"wp:attachment":[{"href":"https:\/\/www.ab2pro.com\/es\/wp-json\/wp\/v2\/media?parent=61246"}],"wp:term":[{"taxonomy":"category","embeddable":true,"href":"https:\/\/www.ab2pro.com\/es\/wp-json\/wp\/v2\/categories?post=61246"},{"taxonomy":"post_tag","embeddable":true,"href":"https:\/\/www.ab2pro.com\/es\/wp-json\/wp\/v2\/tags?post=61246"}],"curies":[{"name":"wp","href":"https:\/\/api.w.org\/{rel}","templated":true}]}}