
{"id":36902,"date":"2022-09-22T16:44:44","date_gmt":"2022-09-22T14:44:44","guid":{"rendered":"https:\/\/www.ab2pro.com\/10-erdekesseg-franciaorszagrol\/"},"modified":"2026-01-05T03:44:25","modified_gmt":"2026-01-05T02:44:25","slug":"10-erdekesseg-franciaorszagrol","status":"publish","type":"post","link":"https:\/\/www.ab2pro.com\/hu\/10-erdekesseg-franciaorszagrol\/","title":{"rendered":"10 \u00e9rdekess\u00e9g Franciaorsz\u00e1gr\u00f3l"},"content":{"rendered":"<p>[vc_row][vc_column][vc_column_text css_animation=&#8221;fadeInDown&#8221;]Lorsqu\u2019on parle de la France, on s\u2019imagine tout de suite en train de se balader avec une baguette sous le bras autour de la tour Eiffel en \u00e9coutant des chansons d\u2019Edith Piaf et en portant un b\u00e9ret. Prenez un petit verre de vin accompagn\u00e9 par un bout de fromage et faites votre petite pause lecture \u00e0 la fran\u00e7aise\u202f![\/vc_column_text][\/vc_column][\/vc_row][vc_row][vc_column][vc_column_text css_animation=&#8221;fadeIn&#8221;]<\/p>\n<h2>1. Connaissez-vous l\u2019origine du mot \u00ab\u202fFrance\u202f\u00bb\u202f?<\/h2>\n<p>[\/vc_column_text][\/vc_column][\/vc_row][vc_row][vc_column width=&#8221;1\/2&#8243;][vc_column_text css_animation=&#8221;fadeIn&#8221;]Le nom de la France tire ses origines du latin \u00ab\u202fFrancia\u202f\u00bb, c\u2019est-\u00e0-dire \u00ab\u202fPays des Francs\u202f\u00bb. Les Francs \u00e9taient des guerriers qui dominaient le nord de l\u2019Europe et qui ont conquit la Gaule (le nom de la France avant la conqu\u00eate des Francs) au d\u00e9but du 6e si\u00e8cle. Alors, on pourrait dire \u00ab\u202fVive la France\u202f\u00bb, mais aussi \u00ab\u202fVive la Gaule\u202f\u00bb\u202f![\/vc_column_text][\/vc_column][vc_column width=&#8221;1\/2&#8243;][vc_single_image image=&#8221;36634&#8243; img_size=&#8221;96&#215;960&#8243; alignment=&#8221;right&#8221; css_animation=&#8221;fadeIn&#8221;][\/vc_column][\/vc_row][vc_row][vc_column][vc_column_text css_animation=&#8221;fadeIn&#8221;]<\/p>\n<h2>2. Choisir son fuseau horaire en France, c\u2019est compliqu\u00e9\u202f! Pourquoi\u202f?<\/h2>\n<p>[\/vc_column_text][\/vc_column][\/vc_row][vc_row][vc_column width=&#8221;1\/2&#8243;][vc_single_image image=&#8221;36642&#8243; img_size=&#8221;960&#215;960&#8243; css_animation=&#8221;fadeIn&#8221;][\/vc_column][vc_column width=&#8221;1\/2&#8243;][vc_column_text css_animation=&#8221;fadeIn&#8221;]Parce que la France est le pays qui a le plus grand nombre de fuseaux horaires au monde gr\u00e2ce \u00e0 ses territoires d\u2019outre-mer (12 fuseaux horaires diff\u00e9rents). Il d\u00e9passe m\u00eame les \u00c9tats-Unis qui ont 10 et la Russie qui a 9.[\/vc_column_text][\/vc_column][\/vc_row][vc_row][vc_column][vc_column_text css_animation=&#8221;fadeIn&#8221;]<\/p>\n<h2>3. Le panneau routier \u00ab\u202fSTOP\u202f\u00bb, une raret\u00e9 \u00e0 Paris\u202f!<\/h2>\n<p>[\/vc_column_text][\/vc_column][\/vc_row][vc_row][vc_column width=&#8221;1\/2&#8243;][vc_column_text css_animation=&#8221;fadeIn&#8221;]C\u2019est \u00e9tonnant, mais vrai, jusqu\u2019en 2012 il n\u2019y avait qu\u2019un seul panneau \u00ab\u202fSTOP\u202f\u00bb dans tout Paris. Le panneau \u00e9tait situ\u00e9 \u00e0 la sortie d\u2019une entreprise de mat\u00e9riaux de construction au quai Saint-Exup\u00e9ry dans le XVIe arrondissement. Maintenant on peut comprendre pourquoi le trafic est si difficile sur Paris\u202f![\/vc_column_text][\/vc_column][vc_column width=&#8221;1\/2&#8243;][vc_single_image image=&#8221;36650&#8243; img_size=&#8221;960&#215;960&#8243; alignment=&#8221;right&#8221; css_animation=&#8221;fadeIn&#8221;][\/vc_column][\/vc_row][vc_row][vc_column][vc_column_text css_animation=&#8221;fadeIn&#8221;]<\/p>\n<h2>4. Envoyer un message par un pigeon\u202fvoyageur ? C\u2019est toujours possible en France\u202f!<\/h2>\n<p>[\/vc_column_text][\/vc_column][\/vc_row][vc_row][vc_column width=&#8221;1\/2&#8243;][vc_single_image image=&#8221;36658&#8243; img_size=&#8221;960&#215;960&#8243; css_animation=&#8221;fadeIn&#8221;][\/vc_column][vc_column width=&#8221;1\/2&#8243;][vc_column_text css_animation=&#8221;fadeIn&#8221;]L\u2019arm\u00e9e fran\u00e7aise compte toujours des pigeons voyageurs dans ses rangs. Les pigeons sont entretenus au mont Val\u00e9rien pr\u00e8s de Paris et ils peuvent \u00eatre utilis\u00e9s pour effectuer des transmissions en cas de catastrophe majeure. C\u2019est toujours un suspense si le message arrive bien \u00e0 la destination ou non\u202f![\/vc_column_text][\/vc_column][\/vc_row][vc_row][vc_column][vc_column_text css_animation=&#8221;fadeIn&#8221;]<\/p>\n<h2>5. Bus ou \u00ab\u202fcarrosses \u00e0 cinq sols\u202f\u00bb\u202f?<\/h2>\n<p>[\/vc_column_text][\/vc_column][\/vc_row][vc_row][vc_column width=&#8221;1\/2&#8243;][vc_column_text css_animation=&#8221;fadeIn&#8221;]La France a \u00e9t\u00e9 pionni\u00e8re en mati\u00e8re de transport en commun, c\u2019\u00e9tait donc le premier pays \u00e0 l\u2019avoir instaur\u00e9. Dans les ann\u00e9es 1660, il n\u2019y avait pas ni de bus, ni de taxi, mais des \u00ab\u202fcarrosses \u00e0 cinq sols\u202f\u00bb. C\u2019\u00e9tait un syst\u00e8me de carrosses qui circulaient \u00e0 heure fixe sur des lignes qui reliaient diff\u00e9rents quartiers de Paris. Ce concept a \u00e9t\u00e9 d\u00e9velopp\u00e9 par le philosophe et math\u00e9maticien Blaise Pascal.[\/vc_column_text][\/vc_column][vc_column width=&#8221;1\/2&#8243;][vc_single_image image=&#8221;36666&#8243; img_size=&#8221;960&#215;960&#8243; alignment=&#8221;right&#8221; css_animation=&#8221;fadeIn&#8221;][\/vc_column][\/vc_row][vc_row][vc_column][vc_column_text css_animation=&#8221;fadeIn&#8221;]<\/p>\n<h2>6. Feu rouge ou rond-point\u202f?<\/h2>\n<p>[\/vc_column_text][\/vc_column][\/vc_row][vc_row][vc_column width=&#8221;1\/2&#8243;][vc_single_image image=&#8221;36674&#8243; img_size=&#8221;960&#215;960&#8243; css_animation=&#8221;fadeIn&#8221;][\/vc_column][vc_column width=&#8221;1\/2&#8243;][vc_column_text css_animation=&#8221;fadeIn&#8221;]La France d\u00e9tient le record mondial du nombre de ronds-points. Elle compte 30.000, soit plus des la moiti\u00e9 des ronds-points existant dans le monde. Que pr\u00e9f\u00e9rez-vous, les feux ou les ronds-points\u202f? On ne vous parle pas des doubles rond-points \u2026.[\/vc_column_text][\/vc_column][\/vc_row][vc_row][vc_column][vc_column_text css_animation=&#8221;fadeIn&#8221;]<\/p>\n<h2>7. La commune Y<\/h2>\n<p>[\/vc_column_text][\/vc_column][\/vc_row][vc_row][vc_column width=&#8221;1\/2&#8243;][vc_column_text css_animation=&#8221;fadeIn&#8221;]Oui, cette commune existe en France\u202f! C\u2019est la commune fran\u00e7aise au nom le plus court et on la trouve dans la Somme. Devinez comment s\u2019appellent ses habitants\u202f! Des Ypsiloniens\u202f![\/vc_column_text][\/vc_column][vc_column width=&#8221;1\/2&#8243;][vc_single_image image=&#8221;36682&#8243; img_size=&#8221;960&#215;960&#8243; alignment=&#8221;right&#8221;][\/vc_column][\/vc_row][vc_row][vc_column][vc_column_text css_animation=&#8221;fadeIn&#8221;]<\/p>\n<h2>8. Le r\u00e8gne le plus court d\u2019un roi en France est de seulement 20 minutes\u202f!<\/h2>\n<p>[\/vc_column_text][\/vc_column][\/vc_row][vc_row][vc_column width=&#8221;1\/2&#8243;][vc_single_image image=&#8221;36690&#8243; img_size=&#8221;960&#215;960&#8243; css_animation=&#8221;fadeIn&#8221;][\/vc_column][vc_column width=&#8221;1\/2&#8243;][vc_column_text css_animation=&#8221;fadeIn&#8221;]Louis XIX ou Louis-Antoine d\u2019Artois devient roi de France en 1830. Vive le Roi, mais pas pour tr\u00e8s longtemps\u202f! Pas tr\u00e8s s\u00fbr de lui, Louis XIX renonce au tr\u00f4ne au bout de 20 minutes pour le c\u00e9der \u00e0 son neveu Henri d\u2019Artois. Ce dernier a r\u00e9sist\u00e9 un petit peu plus&#8230;.7 jours ![\/vc_column_text][\/vc_column][\/vc_row][vc_row][vc_column][vc_column_text css_animation=&#8221;fadeIn&#8221;]<\/p>\n<h2>9. Le pays de la baguette<\/h2>\n<p>[\/vc_column_text][\/vc_column][\/vc_row][vc_row][vc_column width=&#8221;1\/2&#8243;][vc_column_text css_animation=&#8221;fadeIn&#8221;]En France on mange beaucoup de baguettes, disons que 10 milliards sont consomm\u00e9es chaque jour, soit 320 \u00e0 chaque seconde. Il existe m\u00eame une loi qui sp\u00e9cifie qu\u2019une baguette fran\u00e7aise traditionnelle ne doit contenir que de la farine, de l\u2019eau, de la levure et du sel. Bon app\u00e9tit\u202f![\/vc_column_text][\/vc_column][vc_column width=&#8221;1\/2&#8243;][vc_single_image image=&#8221;36724&#8243; img_size=&#8221;960&#215;960&#8243; alignment=&#8221;right&#8221; css_animation=&#8221;fadeIn&#8221;][\/vc_column][\/vc_row][vc_row][vc_column][vc_column_text css_animation=&#8221;fadeIn&#8221;]<\/p>\n<h2>10. Napol\u00e9on n\u2019\u00e9tait pas vraiment petit\u202f!<\/h2>\n<p>[\/vc_column_text][\/vc_column][\/vc_row][vc_row][vc_column width=&#8221;1\/2&#8243;][vc_single_image image=&#8221;36752&#8243; img_size=&#8221;960&#215;960&#8243;][\/vc_column][vc_column width=&#8221;1\/2&#8243;][vc_column_text css_animation=&#8221;fadeIn&#8221;]Le Petit Caporal mesurait en fait 1,70m, soit la grandeur moyenne d\u2019un Europ\u00e9en. Il \u00e9tait consid\u00e9r\u00e9 comme petit parce que ses soldats \u00e9taient plus grands que lui, environ 1,73m et ils \u00e9taient coiff\u00e9s d\u2019un bonnet \u00e0 poils haut de 30 centim\u00e8tres. Ce mythe \u00e9tait \u00e9galement aliment\u00e9 par l\u2019ennemi britannique qui voulait discr\u00e9diter Napol\u00e9on.[\/vc_column_text][\/vc_column][\/vc_row][vc_row][vc_column][vc_column_text css_animation=&#8221;fadeIn&#8221;]Votre petit tour de France se termine ici, mais pas les choses \u00e9tonnantes\u202f! Ils en restent encore beaucoup \u00e0 d\u00e9couvrir et le mieux serait de faire une visite au plus vite. Vive la France\u202f! N\u2019h\u00e9sitez pas \u00e0 venir d\u00e9couvrir si ces mythes sont exacts et <a href=\"https:\/\/www.ab2pro.com\/offres-demploi-france\/\">rejoindre la #AB2PROTEAM<\/a>.[\/vc_column_text][\/vc_column][\/vc_row][vc_row][vc_column][vc_single_image image=&#8221;36800&#8243; img_size=&#8221;960&#215;960&#8243; alignment=&#8221;center&#8221; css_animation=&#8221;fadeIn&#8221;][\/vc_column][\/vc_row]<\/p>\n","protected":false},"excerpt":{"rendered":"<p>Megn\u00e9zte az Emily P\u00e1rizsban c\u00edm\u0171 sorozatot \u00e9s most mindent szeretne tudni Franciaorsz\u00e1gr\u00f3l? ? Ehhez az lesz a legjobb, ha elolvassa a cikk\u00fcnket.  <\/p>\n","protected":false},"author":18,"featured_media":36809,"comment_status":"closed","ping_status":"closed","sticky":false,"template":"","format":"standard","meta":{"_acf_changed":false,"footnotes":""},"categories":[646],"tags":[],"class_list":["post-36902","post","type-post","status-publish","format-standard","has-post-thumbnail","hentry","category-fedezze-fel-franciaorszagot"],"acf":[],"yoast_head":"<!-- This site is optimized with the Yoast SEO plugin v26.8 - https:\/\/yoast.com\/product\/yoast-seo-wordpress\/ -->\n<title>10 \u00e9rdekess\u00e9g Franciaorsz\u00e1gr\u00f3l - AB2PRO<\/title>\n<meta name=\"description\" content=\"10 \u00e9rdekess\u00e9g Franciaorsz\u00e1gr\u00f3l 10-erdekesseg-franciaorszagrol\" \/>\n<meta name=\"robots\" content=\"index, follow, max-snippet:-1, max-image-preview:large, max-video-preview:-1\" \/>\n<link rel=\"canonical\" href=\"https:\/\/www.ab2pro.com\/hu\/10-erdekesseg-franciaorszagrol\/\" \/>\n<meta property=\"og:locale\" content=\"hu_HU\" \/>\n<meta property=\"og:type\" content=\"article\" \/>\n<meta property=\"og:title\" content=\"10 \u00e9rdekess\u00e9g Franciaorsz\u00e1gr\u00f3l - AB2PRO\" \/>\n<meta property=\"og:description\" content=\"10 \u00e9rdekess\u00e9g Franciaorsz\u00e1gr\u00f3l 10-erdekesseg-franciaorszagrol\" \/>\n<meta property=\"og:url\" content=\"https:\/\/www.ab2pro.com\/hu\/10-erdekesseg-franciaorszagrol\/\" \/>\n<meta property=\"og:site_name\" content=\"AB2PRO\" \/>\n<meta property=\"article:published_time\" content=\"2022-09-22T14:44:44+00:00\" \/>\n<meta property=\"article:modified_time\" content=\"2026-01-05T02:44:25+00:00\" \/>\n<meta property=\"og:image\" content=\"https:\/\/www.ab2pro.com\/wp-content\/uploads\/2022\/09\/pexels-photo-338515.jpeg\" \/>\n\t<meta property=\"og:image:width\" content=\"1600\" \/>\n\t<meta property=\"og:image:height\" content=\"1066\" \/>\n\t<meta property=\"og:image:type\" content=\"image\/jpeg\" \/>\n<meta name=\"author\" content=\"AB2ProTradRoumain\" \/>\n<meta name=\"twitter:card\" content=\"summary_large_image\" \/>\n<meta name=\"twitter:label1\" content=\"Szerz\u0151:\" \/>\n\t<meta name=\"twitter:data1\" content=\"AB2ProTradRoumain\" \/>\n\t<meta name=\"twitter:label2\" content=\"Becs\u00fclt olvas\u00e1si id\u0151\" \/>\n\t<meta name=\"twitter:data2\" content=\"6 perc\" \/>\n<script type=\"application\/ld+json\" class=\"yoast-schema-graph\">{\"@context\":\"https:\/\/schema.org\",\"@graph\":[{\"@type\":\"Article\",\"@id\":\"https:\/\/www.ab2pro.com\/hu\/10-erdekesseg-franciaorszagrol\/#article\",\"isPartOf\":{\"@id\":\"https:\/\/www.ab2pro.com\/hu\/10-erdekesseg-franciaorszagrol\/\"},\"author\":{\"name\":\"AB2ProTradRoumain\",\"@id\":\"https:\/\/www.ab2pro.com\/hu\/#\/schema\/person\/36383d5c06ef2b01ccd75a541a8af27a\"},\"headline\":\"10 \u00e9rdekess\u00e9g Franciaorsz\u00e1gr\u00f3l\",\"datePublished\":\"2022-09-22T14:44:44+00:00\",\"dateModified\":\"2026-01-05T02:44:25+00:00\",\"mainEntityOfPage\":{\"@id\":\"https:\/\/www.ab2pro.com\/hu\/10-erdekesseg-franciaorszagrol\/\"},\"wordCount\":1283,\"publisher\":{\"@id\":\"https:\/\/www.ab2pro.com\/hu\/#organization\"},\"image\":{\"@id\":\"https:\/\/www.ab2pro.com\/hu\/10-erdekesseg-franciaorszagrol\/#primaryimage\"},\"thumbnailUrl\":\"https:\/\/www.ab2pro.com\/wp-content\/uploads\/2022\/09\/pexels-photo-338515.jpeg\",\"articleSection\":[\"Fedezze fel Franciaorsz\u00e1got\"],\"inLanguage\":\"hu\"},{\"@type\":\"WebPage\",\"@id\":\"https:\/\/www.ab2pro.com\/hu\/10-erdekesseg-franciaorszagrol\/\",\"url\":\"https:\/\/www.ab2pro.com\/hu\/10-erdekesseg-franciaorszagrol\/\",\"name\":\"10 \u00e9rdekess\u00e9g Franciaorsz\u00e1gr\u00f3l - AB2PRO\",\"isPartOf\":{\"@id\":\"https:\/\/www.ab2pro.com\/hu\/#website\"},\"primaryImageOfPage\":{\"@id\":\"https:\/\/www.ab2pro.com\/hu\/10-erdekesseg-franciaorszagrol\/#primaryimage\"},\"image\":{\"@id\":\"https:\/\/www.ab2pro.com\/hu\/10-erdekesseg-franciaorszagrol\/#primaryimage\"},\"thumbnailUrl\":\"https:\/\/www.ab2pro.com\/wp-content\/uploads\/2022\/09\/pexels-photo-338515.jpeg\",\"datePublished\":\"2022-09-22T14:44:44+00:00\",\"dateModified\":\"2026-01-05T02:44:25+00:00\",\"description\":\"10 \u00e9rdekess\u00e9g Franciaorsz\u00e1gr\u00f3l 10-erdekesseg-franciaorszagrol\",\"breadcrumb\":{\"@id\":\"https:\/\/www.ab2pro.com\/hu\/10-erdekesseg-franciaorszagrol\/#breadcrumb\"},\"inLanguage\":\"hu\",\"potentialAction\":[{\"@type\":\"ReadAction\",\"target\":[\"https:\/\/www.ab2pro.com\/hu\/10-erdekesseg-franciaorszagrol\/\"]}]},{\"@type\":\"ImageObject\",\"inLanguage\":\"hu\",\"@id\":\"https:\/\/www.ab2pro.com\/hu\/10-erdekesseg-franciaorszagrol\/#primaryimage\",\"url\":\"https:\/\/www.ab2pro.com\/wp-content\/uploads\/2022\/09\/pexels-photo-338515.jpeg\",\"contentUrl\":\"https:\/\/www.ab2pro.com\/wp-content\/uploads\/2022\/09\/pexels-photo-338515.jpeg\",\"width\":1600,\"height\":1066},{\"@type\":\"BreadcrumbList\",\"@id\":\"https:\/\/www.ab2pro.com\/hu\/10-erdekesseg-franciaorszagrol\/#breadcrumb\",\"itemListElement\":[{\"@type\":\"ListItem\",\"position\":1,\"name\":\"Accueil\",\"item\":\"https:\/\/www.ab2pro.com\/hu\/\"},{\"@type\":\"ListItem\",\"position\":2,\"name\":\"10 \u00e9rdekess\u00e9g Franciaorsz\u00e1gr\u00f3l\"}]},{\"@type\":\"WebSite\",\"@id\":\"https:\/\/www.ab2pro.com\/hu\/#website\",\"url\":\"https:\/\/www.ab2pro.com\/hu\/\",\"name\":\"AB2PRO\",\"description\":\"Agence d&#039;emploi sp\u00e9cialis\u00e9e dans le recrutement de travailleurs europ\u00e9ens\",\"publisher\":{\"@id\":\"https:\/\/www.ab2pro.com\/hu\/#organization\"},\"potentialAction\":[{\"@type\":\"SearchAction\",\"target\":{\"@type\":\"EntryPoint\",\"urlTemplate\":\"https:\/\/www.ab2pro.com\/hu\/?s={search_term_string}\"},\"query-input\":{\"@type\":\"PropertyValueSpecification\",\"valueRequired\":true,\"valueName\":\"search_term_string\"}}],\"inLanguage\":\"hu\"},{\"@type\":\"Organization\",\"@id\":\"https:\/\/www.ab2pro.com\/hu\/#organization\",\"name\":\"AB2PRO\",\"url\":\"https:\/\/www.ab2pro.com\/hu\/\",\"logo\":{\"@type\":\"ImageObject\",\"inLanguage\":\"hu\",\"@id\":\"https:\/\/www.ab2pro.com\/hu\/#\/schema\/logo\/image\/\",\"url\":\"https:\/\/www.ab2pro.com\/wp-content\/uploads\/2020\/11\/logo-profil.png\",\"contentUrl\":\"https:\/\/www.ab2pro.com\/wp-content\/uploads\/2020\/11\/logo-profil.png\",\"width\":230,\"height\":47,\"caption\":\"AB2PRO\"},\"image\":{\"@id\":\"https:\/\/www.ab2pro.com\/hu\/#\/schema\/logo\/image\/\"}},{\"@type\":\"Person\",\"@id\":\"https:\/\/www.ab2pro.com\/hu\/#\/schema\/person\/36383d5c06ef2b01ccd75a541a8af27a\",\"name\":\"AB2ProTradRoumain\",\"image\":{\"@type\":\"ImageObject\",\"inLanguage\":\"hu\",\"@id\":\"https:\/\/www.ab2pro.com\/hu\/#\/schema\/person\/image\/\",\"url\":\"https:\/\/secure.gravatar.com\/avatar\/dec97dbf02524b974da41dadadc61092?s=96&d=mm&r=g\",\"contentUrl\":\"https:\/\/secure.gravatar.com\/avatar\/dec97dbf02524b974da41dadadc61092?s=96&d=mm&r=g\",\"caption\":\"AB2ProTradRoumain\"}}]}<\/script>\n<!-- \/ Yoast SEO plugin. -->","yoast_head_json":{"title":"10 \u00e9rdekess\u00e9g Franciaorsz\u00e1gr\u00f3l - AB2PRO","description":"10 \u00e9rdekess\u00e9g Franciaorsz\u00e1gr\u00f3l 10-erdekesseg-franciaorszagrol","robots":{"index":"index","follow":"follow","max-snippet":"max-snippet:-1","max-image-preview":"max-image-preview:large","max-video-preview":"max-video-preview:-1"},"canonical":"https:\/\/www.ab2pro.com\/hu\/10-erdekesseg-franciaorszagrol\/","og_locale":"hu_HU","og_type":"article","og_title":"10 \u00e9rdekess\u00e9g Franciaorsz\u00e1gr\u00f3l - AB2PRO","og_description":"10 \u00e9rdekess\u00e9g Franciaorsz\u00e1gr\u00f3l 10-erdekesseg-franciaorszagrol","og_url":"https:\/\/www.ab2pro.com\/hu\/10-erdekesseg-franciaorszagrol\/","og_site_name":"AB2PRO","article_published_time":"2022-09-22T14:44:44+00:00","article_modified_time":"2026-01-05T02:44:25+00:00","og_image":[{"width":1600,"height":1066,"url":"https:\/\/www.ab2pro.com\/wp-content\/uploads\/2022\/09\/pexels-photo-338515.jpeg","type":"image\/jpeg"}],"author":"AB2ProTradRoumain","twitter_card":"summary_large_image","twitter_misc":{"Szerz\u0151:":"AB2ProTradRoumain","Becs\u00fclt olvas\u00e1si id\u0151":"6 perc"},"schema":{"@context":"https:\/\/schema.org","@graph":[{"@type":"Article","@id":"https:\/\/www.ab2pro.com\/hu\/10-erdekesseg-franciaorszagrol\/#article","isPartOf":{"@id":"https:\/\/www.ab2pro.com\/hu\/10-erdekesseg-franciaorszagrol\/"},"author":{"name":"AB2ProTradRoumain","@id":"https:\/\/www.ab2pro.com\/hu\/#\/schema\/person\/36383d5c06ef2b01ccd75a541a8af27a"},"headline":"10 \u00e9rdekess\u00e9g Franciaorsz\u00e1gr\u00f3l","datePublished":"2022-09-22T14:44:44+00:00","dateModified":"2026-01-05T02:44:25+00:00","mainEntityOfPage":{"@id":"https:\/\/www.ab2pro.com\/hu\/10-erdekesseg-franciaorszagrol\/"},"wordCount":1283,"publisher":{"@id":"https:\/\/www.ab2pro.com\/hu\/#organization"},"image":{"@id":"https:\/\/www.ab2pro.com\/hu\/10-erdekesseg-franciaorszagrol\/#primaryimage"},"thumbnailUrl":"https:\/\/www.ab2pro.com\/wp-content\/uploads\/2022\/09\/pexels-photo-338515.jpeg","articleSection":["Fedezze fel Franciaorsz\u00e1got"],"inLanguage":"hu"},{"@type":"WebPage","@id":"https:\/\/www.ab2pro.com\/hu\/10-erdekesseg-franciaorszagrol\/","url":"https:\/\/www.ab2pro.com\/hu\/10-erdekesseg-franciaorszagrol\/","name":"10 \u00e9rdekess\u00e9g Franciaorsz\u00e1gr\u00f3l - AB2PRO","isPartOf":{"@id":"https:\/\/www.ab2pro.com\/hu\/#website"},"primaryImageOfPage":{"@id":"https:\/\/www.ab2pro.com\/hu\/10-erdekesseg-franciaorszagrol\/#primaryimage"},"image":{"@id":"https:\/\/www.ab2pro.com\/hu\/10-erdekesseg-franciaorszagrol\/#primaryimage"},"thumbnailUrl":"https:\/\/www.ab2pro.com\/wp-content\/uploads\/2022\/09\/pexels-photo-338515.jpeg","datePublished":"2022-09-22T14:44:44+00:00","dateModified":"2026-01-05T02:44:25+00:00","description":"10 \u00e9rdekess\u00e9g Franciaorsz\u00e1gr\u00f3l 10-erdekesseg-franciaorszagrol","breadcrumb":{"@id":"https:\/\/www.ab2pro.com\/hu\/10-erdekesseg-franciaorszagrol\/#breadcrumb"},"inLanguage":"hu","potentialAction":[{"@type":"ReadAction","target":["https:\/\/www.ab2pro.com\/hu\/10-erdekesseg-franciaorszagrol\/"]}]},{"@type":"ImageObject","inLanguage":"hu","@id":"https:\/\/www.ab2pro.com\/hu\/10-erdekesseg-franciaorszagrol\/#primaryimage","url":"https:\/\/www.ab2pro.com\/wp-content\/uploads\/2022\/09\/pexels-photo-338515.jpeg","contentUrl":"https:\/\/www.ab2pro.com\/wp-content\/uploads\/2022\/09\/pexels-photo-338515.jpeg","width":1600,"height":1066},{"@type":"BreadcrumbList","@id":"https:\/\/www.ab2pro.com\/hu\/10-erdekesseg-franciaorszagrol\/#breadcrumb","itemListElement":[{"@type":"ListItem","position":1,"name":"Accueil","item":"https:\/\/www.ab2pro.com\/hu\/"},{"@type":"ListItem","position":2,"name":"10 \u00e9rdekess\u00e9g Franciaorsz\u00e1gr\u00f3l"}]},{"@type":"WebSite","@id":"https:\/\/www.ab2pro.com\/hu\/#website","url":"https:\/\/www.ab2pro.com\/hu\/","name":"AB2PRO","description":"Agence d&#039;emploi sp\u00e9cialis\u00e9e dans le recrutement de travailleurs europ\u00e9ens","publisher":{"@id":"https:\/\/www.ab2pro.com\/hu\/#organization"},"potentialAction":[{"@type":"SearchAction","target":{"@type":"EntryPoint","urlTemplate":"https:\/\/www.ab2pro.com\/hu\/?s={search_term_string}"},"query-input":{"@type":"PropertyValueSpecification","valueRequired":true,"valueName":"search_term_string"}}],"inLanguage":"hu"},{"@type":"Organization","@id":"https:\/\/www.ab2pro.com\/hu\/#organization","name":"AB2PRO","url":"https:\/\/www.ab2pro.com\/hu\/","logo":{"@type":"ImageObject","inLanguage":"hu","@id":"https:\/\/www.ab2pro.com\/hu\/#\/schema\/logo\/image\/","url":"https:\/\/www.ab2pro.com\/wp-content\/uploads\/2020\/11\/logo-profil.png","contentUrl":"https:\/\/www.ab2pro.com\/wp-content\/uploads\/2020\/11\/logo-profil.png","width":230,"height":47,"caption":"AB2PRO"},"image":{"@id":"https:\/\/www.ab2pro.com\/hu\/#\/schema\/logo\/image\/"}},{"@type":"Person","@id":"https:\/\/www.ab2pro.com\/hu\/#\/schema\/person\/36383d5c06ef2b01ccd75a541a8af27a","name":"AB2ProTradRoumain","image":{"@type":"ImageObject","inLanguage":"hu","@id":"https:\/\/www.ab2pro.com\/hu\/#\/schema\/person\/image\/","url":"https:\/\/secure.gravatar.com\/avatar\/dec97dbf02524b974da41dadadc61092?s=96&d=mm&r=g","contentUrl":"https:\/\/secure.gravatar.com\/avatar\/dec97dbf02524b974da41dadadc61092?s=96&d=mm&r=g","caption":"AB2ProTradRoumain"}}]}},"_links":{"self":[{"href":"https:\/\/www.ab2pro.com\/hu\/wp-json\/wp\/v2\/posts\/36902","targetHints":{"allow":["GET"]}}],"collection":[{"href":"https:\/\/www.ab2pro.com\/hu\/wp-json\/wp\/v2\/posts"}],"about":[{"href":"https:\/\/www.ab2pro.com\/hu\/wp-json\/wp\/v2\/types\/post"}],"author":[{"embeddable":true,"href":"https:\/\/www.ab2pro.com\/hu\/wp-json\/wp\/v2\/users\/18"}],"replies":[{"embeddable":true,"href":"https:\/\/www.ab2pro.com\/hu\/wp-json\/wp\/v2\/comments?post=36902"}],"version-history":[{"count":0,"href":"https:\/\/www.ab2pro.com\/hu\/wp-json\/wp\/v2\/posts\/36902\/revisions"}],"wp:featuredmedia":[{"embeddable":true,"href":"https:\/\/www.ab2pro.com\/hu\/wp-json\/wp\/v2\/media\/36809"}],"wp:attachment":[{"href":"https:\/\/www.ab2pro.com\/hu\/wp-json\/wp\/v2\/media?parent=36902"}],"wp:term":[{"taxonomy":"category","embeddable":true,"href":"https:\/\/www.ab2pro.com\/hu\/wp-json\/wp\/v2\/categories?post=36902"},{"taxonomy":"post_tag","embeddable":true,"href":"https:\/\/www.ab2pro.com\/hu\/wp-json\/wp\/v2\/tags?post=36902"}],"curies":[{"name":"wp","href":"https:\/\/api.w.org\/{rel}","templated":true}]}}