
{"id":39512,"date":"2023-03-08T11:51:32","date_gmt":"2023-03-08T10:51:32","guid":{"rendered":"https:\/\/www.ab2pro.com\/munkero-kolcsonzes-vegul-ez-egy-noi-szakma-az-ab2pro-nal\/"},"modified":"2026-01-05T03:43:00","modified_gmt":"2026-01-05T02:43:00","slug":"munkero-kolcsonzes-vegul-ez-egy-noi-szakma-az-ab2pro-nal","status":"publish","type":"post","link":"https:\/\/www.ab2pro.com\/hu\/munkero-kolcsonzes-vegul-ez-egy-noi-szakma-az-ab2pro-nal\/","title":{"rendered":"Munker\u0151-k\u00f6lcs\u00f6nz\u00e9s: v\u00e9g\u00fcl ez egy n\u0151i szakma az AB2PRO-n\u00e1l !"},"content":{"rendered":"<p>[vc_row][vc_column][vc_column_text css_animation=&#8221;fadeInDown&#8221;]Le 8 mars, ce n&#8217;est pas seulement la journ\u00e9e d\u00e9di\u00e9e aux femmes mais c&#8217;est surtout la journ\u00e9e internationale des droits des femmes. Une journ\u00e9e qui a pour but de mettre en lumi\u00e8re, les combats men\u00e9s et qui sont encore \u00e0 mener ainsi que les disparit\u00e9s encore pr\u00e9sentes. Cette journ\u00e9e est un rappel pour lutter tous ensemble en faveur de l&#8217;\u00e9galit\u00e9 des femmes et des hommes.[\/vc_column_text][\/vc_column][\/vc_row][vc_row][vc_column width=&#8221;1\/2&#8243;][vc_column_text css_animation=&#8221;fadeIn&#8221;]<\/p>\n<h2>Quelques chiffres sur la place des femmes dans le monde de l&#8217;int\u00e9rim.<\/h2>\n<p>Le statut d&#8217;int\u00e9rimaire \u00e0 une consonance masculine et est tr\u00e8s souvent associ\u00e9 au travail masculin mais qu&#8217;en est-il de la place de la femme dans ce monde tr\u00e8s masculin ? Selon l&#8217;\u00e9tude de l&#8217;Observatoire Int\u00e9rim Recrutement (OIR), les femmes repr\u00e9sentent :<\/p>\n<ul>\n<li><strong>35% des int\u00e9rimaires<\/strong> actuellement sur le march\u00e9 de l&#8217;emploi <strong>contre 25% en 2014<\/strong>.<\/li>\n<li><strong>34% d&#8217;entre elles<\/strong> sont \u00e2g\u00e9es de <strong>moins de 25 ans<\/strong>, <strong>28%<\/strong> sont \u00e2g\u00e9es <strong>entre 25 et 34 ans<\/strong>, <strong>18%<\/strong> sont \u00e2g\u00e9es <strong>entre 35 et 44 ans<\/strong> et <strong>20%<\/strong> d&#8217;entre elles sont \u00e2g\u00e9es <strong>entre 45 ans et plus.<\/strong><\/li>\n<li>Le premier secteur d&#8217;activit\u00e9 ayant le plus de femmes int\u00e9rimaires, est le s<strong>ecteur de la construction<\/strong> ainsi que du<strong> BTP. <\/strong><\/li>\n<li><strong>359 heures de missions<\/strong> d&#8217;int\u00e9rim contre <strong>540 heures<\/strong> pour les hommes.<\/li>\n<li><strong>78% sont employ\u00e9es<\/strong> permanentes dans les agences d&#8217;int\u00e9rim.<\/li>\n<\/ul>\n<p>[\/vc_column_text][\/vc_column][vc_column width=&#8221;1\/2&#8243;][vc_single_image image=&#8221;39484&#8243; img_size=&#8221;full&#8221; css_animation=&#8221;fadeIn&#8221;][\/vc_column][\/vc_row][vc_row][vc_column][vc_column_text css_animation=&#8221;fadeIn&#8221;]De nombreux secteurs recrutent tels que dans le domaine du BTP ou bien de l&#8217;agroalimentaire mais ce sont encore des secteurs d&#8217;activit\u00e9 qui recrutent majoritairement des hommes. Cependant, la part des femmes dans le b\u00e2timent ne cesse d&#8217;augmenter. Elle \u00e9tait de <strong>12.3% en 2020<\/strong> selon les derniers chiffres de FFB, cela repr\u00e9sente presque le double<strong> compar\u00e9 aux ann\u00e9es 2000.<\/strong>[\/vc_column_text][\/vc_column][\/vc_row][vc_row][vc_column][vc_column_text css_animation=&#8221;fadeIn&#8221;]<\/p>\n<h2>Chez AB2PRO, \u00e7a donne quoi ?<\/h2>\n<p>Actuellement, l&#8217;entreprise peut compter sur le travail de 77 collaborateurs partout en France mais \u00e9galement en Roumanie, en Bulgarie ainsi qu&#8217;en Hongrie. Sur les 77 collaborateurs, 51 sont des femmes donc finalement ne serait-ce pas une affaire de femmes chez AB2PRO ?<\/p>\n<p>En cette journ\u00e9e internationale des droits des femmes, les collaboratrices de chez AB2PRO vous ouvrent les portes du si\u00e8ge social, \u00e0 Bouaye. Elles sont plus d&#8217;une quinzaine \u00e0 intervenir, au si\u00e8ge social, sur des postes supports comme la comptabilit\u00e9, l&#8217;administration des ventes, la paie et la facturation, la communication mais \u00e9galement au niveau des logements des int\u00e9rimaires ainsi que sur la partie juridique.[\/vc_column_text][\/vc_column][\/vc_row][vc_row][vc_column][vc_single_image image=&#8221;39473&#8243; img_size=&#8221;full&#8221; css_animation=&#8221;fadeIn&#8221;][\/vc_column][\/vc_row][vc_row][vc_column][vc_column_text css_animation=&#8221;fadeIn&#8221;]Qu&#8217;elles soient charg\u00e9es de recrutement, charg\u00e9es d&#8217;affaires, au niveau des services supports comme la comptabilit\u00e9, la communication, le juridique ainsi qu&#8217;\u00e0 AB Services, les femmes chez AB2PRO sont sur tous les fronts pour accompagner chaque jour tous nos clients et int\u00e9rimaires et ainsi contribuer \u00e0 la r\u00e9ussite de l&#8217;entreprise.<\/p>\n<p>Nous pouvons donc affirmer que chez AB2PRO les femmes comptent et que le travail en int\u00e9rim c&#8217;est aussi une affaire de femmes ! Si vous souhaitez nous rejoindre rendez-vous sur www.ab2pro.com dans la rubrique AB2PRO recrute pour AB2PRO #ChaqueFemmeCompte[\/vc_column_text][\/vc_column][\/vc_row][vc_row][vc_column][vc_single_image image=&#8221;39465&#8243; img_size=&#8221;full&#8221; css_animation=&#8221;fadeIn&#8221;][\/vc_column][\/vc_row]<\/p>\n","protected":false},"excerpt":{"rendered":"<p>[vc_row][vc_column][vc_column_text css_animation=&#8221;fadeInDown&#8221;]Le 8 mars, ce n&#8217;est pas seulement la journ\u00e9e d\u00e9di\u00e9e aux femmes mais c&#8217;est surtout la journ\u00e9e internationale des [&hellip;]<\/p>\n","protected":false},"author":1772,"featured_media":39494,"comment_status":"closed","ping_status":"closed","sticky":false,"template":"","format":"standard","meta":{"_acf_changed":false,"footnotes":""},"categories":[687,688],"tags":[],"class_list":["post-39512","post","type-post","status-publish","format-standard","has-post-thumbnail","hentry","category-kezdolap-kiemelese","category-tudta-e"],"acf":[],"yoast_head":"<!-- This site is optimized with the Yoast SEO plugin v26.8 - https:\/\/yoast.com\/product\/yoast-seo-wordpress\/ -->\n<title>Munker\u0151-k\u00f6lcs\u00f6nz\u00e9s: v\u00e9g\u00fcl ez egy n\u0151i szakma az AB2PRO-n\u00e1l ! - AB2PRO<\/title>\n<meta name=\"description\" content=\"Munker\u0151-k\u00f6lcs\u00f6nz\u00e9s: v\u00e9g\u00fcl ez egy n\u0151i szakma az AB2PRO-n\u00e1l !\" \/>\n<meta name=\"robots\" content=\"index, follow, max-snippet:-1, max-image-preview:large, max-video-preview:-1\" \/>\n<link rel=\"canonical\" href=\"https:\/\/www.ab2pro.com\/hu\/munkero-kolcsonzes-vegul-ez-egy-noi-szakma-az-ab2pro-nal\/\" \/>\n<meta property=\"og:locale\" content=\"hu_HU\" \/>\n<meta property=\"og:type\" content=\"article\" \/>\n<meta property=\"og:title\" content=\"Munker\u0151-k\u00f6lcs\u00f6nz\u00e9s: v\u00e9g\u00fcl ez egy n\u0151i szakma az AB2PRO-n\u00e1l ! - AB2PRO\" \/>\n<meta property=\"og:description\" content=\"Munker\u0151-k\u00f6lcs\u00f6nz\u00e9s: v\u00e9g\u00fcl ez egy n\u0151i szakma az AB2PRO-n\u00e1l !\" \/>\n<meta property=\"og:url\" content=\"https:\/\/www.ab2pro.com\/hu\/munkero-kolcsonzes-vegul-ez-egy-noi-szakma-az-ab2pro-nal\/\" \/>\n<meta property=\"og:site_name\" content=\"AB2PRO\" \/>\n<meta property=\"article:published_time\" content=\"2023-03-08T10:51:32+00:00\" \/>\n<meta property=\"article:modified_time\" content=\"2026-01-05T02:43:00+00:00\" \/>\n<meta property=\"og:image\" content=\"https:\/\/www.ab2pro.com\/wp-content\/uploads\/2023\/03\/photosab2pro2-scaled.jpg\" \/>\n\t<meta property=\"og:image:width\" content=\"2048\" \/>\n\t<meta property=\"og:image:height\" content=\"1152\" \/>\n\t<meta property=\"og:image:type\" content=\"image\/jpeg\" \/>\n<meta name=\"author\" content=\"Maureen Bertrand\" \/>\n<meta name=\"twitter:card\" content=\"summary_large_image\" \/>\n<meta name=\"twitter:label1\" content=\"Szerz\u0151:\" \/>\n\t<meta name=\"twitter:data1\" content=\"Maureen Bertrand\" \/>\n\t<meta name=\"twitter:label2\" content=\"Becs\u00fclt olvas\u00e1si id\u0151\" \/>\n\t<meta name=\"twitter:data2\" content=\"3 perc\" \/>\n<script type=\"application\/ld+json\" class=\"yoast-schema-graph\">{\"@context\":\"https:\/\/schema.org\",\"@graph\":[{\"@type\":\"Article\",\"@id\":\"https:\/\/www.ab2pro.com\/hu\/munkero-kolcsonzes-vegul-ez-egy-noi-szakma-az-ab2pro-nal\/#article\",\"isPartOf\":{\"@id\":\"https:\/\/www.ab2pro.com\/hu\/munkero-kolcsonzes-vegul-ez-egy-noi-szakma-az-ab2pro-nal\/\"},\"author\":{\"name\":\"Maureen Bertrand\",\"@id\":\"https:\/\/www.ab2pro.com\/hu\/#\/schema\/person\/999b8bcb57f23c55d9c1ea694b31abca\"},\"headline\":\"Munker\u0151-k\u00f6lcs\u00f6nz\u00e9s: v\u00e9g\u00fcl ez egy n\u0151i szakma az AB2PRO-n\u00e1l !\",\"datePublished\":\"2023-03-08T10:51:32+00:00\",\"dateModified\":\"2026-01-05T02:43:00+00:00\",\"mainEntityOfPage\":{\"@id\":\"https:\/\/www.ab2pro.com\/hu\/munkero-kolcsonzes-vegul-ez-egy-noi-szakma-az-ab2pro-nal\/\"},\"wordCount\":635,\"publisher\":{\"@id\":\"https:\/\/www.ab2pro.com\/hu\/#organization\"},\"image\":{\"@id\":\"https:\/\/www.ab2pro.com\/hu\/munkero-kolcsonzes-vegul-ez-egy-noi-szakma-az-ab2pro-nal\/#primaryimage\"},\"thumbnailUrl\":\"https:\/\/www.ab2pro.com\/wp-content\/uploads\/2023\/03\/photosab2pro2-scaled.jpg\",\"articleSection\":[\"Kezd\u0151lap kiemel\u00e9se\",\"Tudta-e?\"],\"inLanguage\":\"hu\"},{\"@type\":\"WebPage\",\"@id\":\"https:\/\/www.ab2pro.com\/hu\/munkero-kolcsonzes-vegul-ez-egy-noi-szakma-az-ab2pro-nal\/\",\"url\":\"https:\/\/www.ab2pro.com\/hu\/munkero-kolcsonzes-vegul-ez-egy-noi-szakma-az-ab2pro-nal\/\",\"name\":\"Munker\u0151-k\u00f6lcs\u00f6nz\u00e9s: v\u00e9g\u00fcl ez egy n\u0151i szakma az AB2PRO-n\u00e1l ! - AB2PRO\",\"isPartOf\":{\"@id\":\"https:\/\/www.ab2pro.com\/hu\/#website\"},\"primaryImageOfPage\":{\"@id\":\"https:\/\/www.ab2pro.com\/hu\/munkero-kolcsonzes-vegul-ez-egy-noi-szakma-az-ab2pro-nal\/#primaryimage\"},\"image\":{\"@id\":\"https:\/\/www.ab2pro.com\/hu\/munkero-kolcsonzes-vegul-ez-egy-noi-szakma-az-ab2pro-nal\/#primaryimage\"},\"thumbnailUrl\":\"https:\/\/www.ab2pro.com\/wp-content\/uploads\/2023\/03\/photosab2pro2-scaled.jpg\",\"datePublished\":\"2023-03-08T10:51:32+00:00\",\"dateModified\":\"2026-01-05T02:43:00+00:00\",\"description\":\"Munker\u0151-k\u00f6lcs\u00f6nz\u00e9s: v\u00e9g\u00fcl ez egy n\u0151i szakma az AB2PRO-n\u00e1l !\",\"breadcrumb\":{\"@id\":\"https:\/\/www.ab2pro.com\/hu\/munkero-kolcsonzes-vegul-ez-egy-noi-szakma-az-ab2pro-nal\/#breadcrumb\"},\"inLanguage\":\"hu\",\"potentialAction\":[{\"@type\":\"ReadAction\",\"target\":[\"https:\/\/www.ab2pro.com\/hu\/munkero-kolcsonzes-vegul-ez-egy-noi-szakma-az-ab2pro-nal\/\"]}]},{\"@type\":\"ImageObject\",\"inLanguage\":\"hu\",\"@id\":\"https:\/\/www.ab2pro.com\/hu\/munkero-kolcsonzes-vegul-ez-egy-noi-szakma-az-ab2pro-nal\/#primaryimage\",\"url\":\"https:\/\/www.ab2pro.com\/wp-content\/uploads\/2023\/03\/photosab2pro2-scaled.jpg\",\"contentUrl\":\"https:\/\/www.ab2pro.com\/wp-content\/uploads\/2023\/03\/photosab2pro2-scaled.jpg\",\"width\":2048,\"height\":1152},{\"@type\":\"BreadcrumbList\",\"@id\":\"https:\/\/www.ab2pro.com\/hu\/munkero-kolcsonzes-vegul-ez-egy-noi-szakma-az-ab2pro-nal\/#breadcrumb\",\"itemListElement\":[{\"@type\":\"ListItem\",\"position\":1,\"name\":\"Accueil\",\"item\":\"https:\/\/www.ab2pro.com\/hu\/\"},{\"@type\":\"ListItem\",\"position\":2,\"name\":\"Munker\u0151-k\u00f6lcs\u00f6nz\u00e9s: v\u00e9g\u00fcl ez egy n\u0151i szakma az AB2PRO-n\u00e1l !\"}]},{\"@type\":\"WebSite\",\"@id\":\"https:\/\/www.ab2pro.com\/hu\/#website\",\"url\":\"https:\/\/www.ab2pro.com\/hu\/\",\"name\":\"AB2PRO\",\"description\":\"Agence d&#039;emploi sp\u00e9cialis\u00e9e dans le recrutement de travailleurs europ\u00e9ens\",\"publisher\":{\"@id\":\"https:\/\/www.ab2pro.com\/hu\/#organization\"},\"potentialAction\":[{\"@type\":\"SearchAction\",\"target\":{\"@type\":\"EntryPoint\",\"urlTemplate\":\"https:\/\/www.ab2pro.com\/hu\/?s={search_term_string}\"},\"query-input\":{\"@type\":\"PropertyValueSpecification\",\"valueRequired\":true,\"valueName\":\"search_term_string\"}}],\"inLanguage\":\"hu\"},{\"@type\":\"Organization\",\"@id\":\"https:\/\/www.ab2pro.com\/hu\/#organization\",\"name\":\"AB2PRO\",\"url\":\"https:\/\/www.ab2pro.com\/hu\/\",\"logo\":{\"@type\":\"ImageObject\",\"inLanguage\":\"hu\",\"@id\":\"https:\/\/www.ab2pro.com\/hu\/#\/schema\/logo\/image\/\",\"url\":\"https:\/\/www.ab2pro.com\/wp-content\/uploads\/2020\/11\/logo-profil.png\",\"contentUrl\":\"https:\/\/www.ab2pro.com\/wp-content\/uploads\/2020\/11\/logo-profil.png\",\"width\":230,\"height\":47,\"caption\":\"AB2PRO\"},\"image\":{\"@id\":\"https:\/\/www.ab2pro.com\/hu\/#\/schema\/logo\/image\/\"}},{\"@type\":\"Person\",\"@id\":\"https:\/\/www.ab2pro.com\/hu\/#\/schema\/person\/999b8bcb57f23c55d9c1ea694b31abca\",\"name\":\"Maureen Bertrand\",\"image\":{\"@type\":\"ImageObject\",\"inLanguage\":\"hu\",\"@id\":\"https:\/\/www.ab2pro.com\/hu\/#\/schema\/person\/image\/\",\"url\":\"https:\/\/secure.gravatar.com\/avatar\/574896d5b43bc09a0f0a13dff3933dfc?s=96&d=mm&r=g\",\"contentUrl\":\"https:\/\/secure.gravatar.com\/avatar\/574896d5b43bc09a0f0a13dff3933dfc?s=96&d=mm&r=g\",\"caption\":\"Maureen Bertrand\"}}]}<\/script>\n<!-- \/ Yoast SEO plugin. -->","yoast_head_json":{"title":"Munker\u0151-k\u00f6lcs\u00f6nz\u00e9s: v\u00e9g\u00fcl ez egy n\u0151i szakma az AB2PRO-n\u00e1l ! - AB2PRO","description":"Munker\u0151-k\u00f6lcs\u00f6nz\u00e9s: v\u00e9g\u00fcl ez egy n\u0151i szakma az AB2PRO-n\u00e1l !","robots":{"index":"index","follow":"follow","max-snippet":"max-snippet:-1","max-image-preview":"max-image-preview:large","max-video-preview":"max-video-preview:-1"},"canonical":"https:\/\/www.ab2pro.com\/hu\/munkero-kolcsonzes-vegul-ez-egy-noi-szakma-az-ab2pro-nal\/","og_locale":"hu_HU","og_type":"article","og_title":"Munker\u0151-k\u00f6lcs\u00f6nz\u00e9s: v\u00e9g\u00fcl ez egy n\u0151i szakma az AB2PRO-n\u00e1l ! - AB2PRO","og_description":"Munker\u0151-k\u00f6lcs\u00f6nz\u00e9s: v\u00e9g\u00fcl ez egy n\u0151i szakma az AB2PRO-n\u00e1l !","og_url":"https:\/\/www.ab2pro.com\/hu\/munkero-kolcsonzes-vegul-ez-egy-noi-szakma-az-ab2pro-nal\/","og_site_name":"AB2PRO","article_published_time":"2023-03-08T10:51:32+00:00","article_modified_time":"2026-01-05T02:43:00+00:00","og_image":[{"width":2048,"height":1152,"url":"https:\/\/www.ab2pro.com\/wp-content\/uploads\/2023\/03\/photosab2pro2-scaled.jpg","type":"image\/jpeg"}],"author":"Maureen Bertrand","twitter_card":"summary_large_image","twitter_misc":{"Szerz\u0151:":"Maureen Bertrand","Becs\u00fclt olvas\u00e1si id\u0151":"3 perc"},"schema":{"@context":"https:\/\/schema.org","@graph":[{"@type":"Article","@id":"https:\/\/www.ab2pro.com\/hu\/munkero-kolcsonzes-vegul-ez-egy-noi-szakma-az-ab2pro-nal\/#article","isPartOf":{"@id":"https:\/\/www.ab2pro.com\/hu\/munkero-kolcsonzes-vegul-ez-egy-noi-szakma-az-ab2pro-nal\/"},"author":{"name":"Maureen Bertrand","@id":"https:\/\/www.ab2pro.com\/hu\/#\/schema\/person\/999b8bcb57f23c55d9c1ea694b31abca"},"headline":"Munker\u0151-k\u00f6lcs\u00f6nz\u00e9s: v\u00e9g\u00fcl ez egy n\u0151i szakma az AB2PRO-n\u00e1l !","datePublished":"2023-03-08T10:51:32+00:00","dateModified":"2026-01-05T02:43:00+00:00","mainEntityOfPage":{"@id":"https:\/\/www.ab2pro.com\/hu\/munkero-kolcsonzes-vegul-ez-egy-noi-szakma-az-ab2pro-nal\/"},"wordCount":635,"publisher":{"@id":"https:\/\/www.ab2pro.com\/hu\/#organization"},"image":{"@id":"https:\/\/www.ab2pro.com\/hu\/munkero-kolcsonzes-vegul-ez-egy-noi-szakma-az-ab2pro-nal\/#primaryimage"},"thumbnailUrl":"https:\/\/www.ab2pro.com\/wp-content\/uploads\/2023\/03\/photosab2pro2-scaled.jpg","articleSection":["Kezd\u0151lap kiemel\u00e9se","Tudta-e?"],"inLanguage":"hu"},{"@type":"WebPage","@id":"https:\/\/www.ab2pro.com\/hu\/munkero-kolcsonzes-vegul-ez-egy-noi-szakma-az-ab2pro-nal\/","url":"https:\/\/www.ab2pro.com\/hu\/munkero-kolcsonzes-vegul-ez-egy-noi-szakma-az-ab2pro-nal\/","name":"Munker\u0151-k\u00f6lcs\u00f6nz\u00e9s: v\u00e9g\u00fcl ez egy n\u0151i szakma az AB2PRO-n\u00e1l ! - AB2PRO","isPartOf":{"@id":"https:\/\/www.ab2pro.com\/hu\/#website"},"primaryImageOfPage":{"@id":"https:\/\/www.ab2pro.com\/hu\/munkero-kolcsonzes-vegul-ez-egy-noi-szakma-az-ab2pro-nal\/#primaryimage"},"image":{"@id":"https:\/\/www.ab2pro.com\/hu\/munkero-kolcsonzes-vegul-ez-egy-noi-szakma-az-ab2pro-nal\/#primaryimage"},"thumbnailUrl":"https:\/\/www.ab2pro.com\/wp-content\/uploads\/2023\/03\/photosab2pro2-scaled.jpg","datePublished":"2023-03-08T10:51:32+00:00","dateModified":"2026-01-05T02:43:00+00:00","description":"Munker\u0151-k\u00f6lcs\u00f6nz\u00e9s: v\u00e9g\u00fcl ez egy n\u0151i szakma az AB2PRO-n\u00e1l !","breadcrumb":{"@id":"https:\/\/www.ab2pro.com\/hu\/munkero-kolcsonzes-vegul-ez-egy-noi-szakma-az-ab2pro-nal\/#breadcrumb"},"inLanguage":"hu","potentialAction":[{"@type":"ReadAction","target":["https:\/\/www.ab2pro.com\/hu\/munkero-kolcsonzes-vegul-ez-egy-noi-szakma-az-ab2pro-nal\/"]}]},{"@type":"ImageObject","inLanguage":"hu","@id":"https:\/\/www.ab2pro.com\/hu\/munkero-kolcsonzes-vegul-ez-egy-noi-szakma-az-ab2pro-nal\/#primaryimage","url":"https:\/\/www.ab2pro.com\/wp-content\/uploads\/2023\/03\/photosab2pro2-scaled.jpg","contentUrl":"https:\/\/www.ab2pro.com\/wp-content\/uploads\/2023\/03\/photosab2pro2-scaled.jpg","width":2048,"height":1152},{"@type":"BreadcrumbList","@id":"https:\/\/www.ab2pro.com\/hu\/munkero-kolcsonzes-vegul-ez-egy-noi-szakma-az-ab2pro-nal\/#breadcrumb","itemListElement":[{"@type":"ListItem","position":1,"name":"Accueil","item":"https:\/\/www.ab2pro.com\/hu\/"},{"@type":"ListItem","position":2,"name":"Munker\u0151-k\u00f6lcs\u00f6nz\u00e9s: v\u00e9g\u00fcl ez egy n\u0151i szakma az AB2PRO-n\u00e1l !"}]},{"@type":"WebSite","@id":"https:\/\/www.ab2pro.com\/hu\/#website","url":"https:\/\/www.ab2pro.com\/hu\/","name":"AB2PRO","description":"Agence d&#039;emploi sp\u00e9cialis\u00e9e dans le recrutement de travailleurs europ\u00e9ens","publisher":{"@id":"https:\/\/www.ab2pro.com\/hu\/#organization"},"potentialAction":[{"@type":"SearchAction","target":{"@type":"EntryPoint","urlTemplate":"https:\/\/www.ab2pro.com\/hu\/?s={search_term_string}"},"query-input":{"@type":"PropertyValueSpecification","valueRequired":true,"valueName":"search_term_string"}}],"inLanguage":"hu"},{"@type":"Organization","@id":"https:\/\/www.ab2pro.com\/hu\/#organization","name":"AB2PRO","url":"https:\/\/www.ab2pro.com\/hu\/","logo":{"@type":"ImageObject","inLanguage":"hu","@id":"https:\/\/www.ab2pro.com\/hu\/#\/schema\/logo\/image\/","url":"https:\/\/www.ab2pro.com\/wp-content\/uploads\/2020\/11\/logo-profil.png","contentUrl":"https:\/\/www.ab2pro.com\/wp-content\/uploads\/2020\/11\/logo-profil.png","width":230,"height":47,"caption":"AB2PRO"},"image":{"@id":"https:\/\/www.ab2pro.com\/hu\/#\/schema\/logo\/image\/"}},{"@type":"Person","@id":"https:\/\/www.ab2pro.com\/hu\/#\/schema\/person\/999b8bcb57f23c55d9c1ea694b31abca","name":"Maureen Bertrand","image":{"@type":"ImageObject","inLanguage":"hu","@id":"https:\/\/www.ab2pro.com\/hu\/#\/schema\/person\/image\/","url":"https:\/\/secure.gravatar.com\/avatar\/574896d5b43bc09a0f0a13dff3933dfc?s=96&d=mm&r=g","contentUrl":"https:\/\/secure.gravatar.com\/avatar\/574896d5b43bc09a0f0a13dff3933dfc?s=96&d=mm&r=g","caption":"Maureen Bertrand"}}]}},"_links":{"self":[{"href":"https:\/\/www.ab2pro.com\/hu\/wp-json\/wp\/v2\/posts\/39512","targetHints":{"allow":["GET"]}}],"collection":[{"href":"https:\/\/www.ab2pro.com\/hu\/wp-json\/wp\/v2\/posts"}],"about":[{"href":"https:\/\/www.ab2pro.com\/hu\/wp-json\/wp\/v2\/types\/post"}],"author":[{"embeddable":true,"href":"https:\/\/www.ab2pro.com\/hu\/wp-json\/wp\/v2\/users\/1772"}],"replies":[{"embeddable":true,"href":"https:\/\/www.ab2pro.com\/hu\/wp-json\/wp\/v2\/comments?post=39512"}],"version-history":[{"count":0,"href":"https:\/\/www.ab2pro.com\/hu\/wp-json\/wp\/v2\/posts\/39512\/revisions"}],"wp:featuredmedia":[{"embeddable":true,"href":"https:\/\/www.ab2pro.com\/hu\/wp-json\/wp\/v2\/media\/39494"}],"wp:attachment":[{"href":"https:\/\/www.ab2pro.com\/hu\/wp-json\/wp\/v2\/media?parent=39512"}],"wp:term":[{"taxonomy":"category","embeddable":true,"href":"https:\/\/www.ab2pro.com\/hu\/wp-json\/wp\/v2\/categories?post=39512"},{"taxonomy":"post_tag","embeddable":true,"href":"https:\/\/www.ab2pro.com\/hu\/wp-json\/wp\/v2\/tags?post=39512"}],"curies":[{"name":"wp","href":"https:\/\/api.w.org\/{rel}","templated":true}]}}