
{"id":65340,"date":"2024-05-24T15:30:00","date_gmt":"2024-05-24T13:30:00","guid":{"rendered":"https:\/\/www.ab2pro.com\/nantes-egy-emlekezetes-utazas-azok-szamara-akik-szeretnek-felfedezni-a-varos-tortenelmi-es-gasztronomiai-oroksegeit\/"},"modified":"2025-12-24T10:13:39","modified_gmt":"2025-12-24T09:13:39","slug":"nantes-egy-emlekezetes-utazas-azok-szamara-akik-szeretnek-felfedezni-a-varos-tortenelmi-es-gasztronomiai-oroksegeit","status":"publish","type":"post","link":"https:\/\/www.ab2pro.com\/hu\/nantes-egy-emlekezetes-utazas-azok-szamara-akik-szeretnek-felfedezni-a-varos-tortenelmi-es-gasztronomiai-oroksegeit\/","title":{"rendered":"Nantes, egy eml\u00e9kezetes utaz\u00e1s azok sz\u00e1m\u00e1ra, akik szeretn\u00e9k felfedezni a v\u00e1ros t\u00f6rt\u00e9nelmi- \u00e9s gasztron\u00f3miai \u00f6r\u00f6ks\u00e9geit."},"content":{"rendered":"<p>[vc_row][vc_column][vc_column_text]Isten hozott h\u00e1t Nantes-ban ! Gyere vel\u00fcnk egy \u00fatra tele t\u00f6rt\u00e9nelmi, m\u0171v\u00e9szeti \u00e9s kulin\u00e1ris kincsekkel, amelyek arra v\u00e1rnak, hogy felfedezd \u0151ket! Haszn\u00e1ld \u00fatvonalterv\u00fcnket, hogy szabadid\u0151d egy felejthetetlen kalandd\u00e1 v\u00e1lhasson! [\/vc_column_text][vc_column_text]\u00c1ll\u00e1slehet\u0151s\u00e9geink messze visznek az otthonodt\u00f3l, de haszn\u00e1ld ki a Nantes-ban t\u00f6lt\u00f6tt id\u0151d minden pillanat\u00e1t! Ezt az \u00fatvonalat munkav\u00e1llal\u00f3ink sz\u00e1m\u00e1ra \u00e1ll\u00edtottuk \u00f6ssze, hogy v\u00e9gigvezessen titeket ennek a vibr\u00e1l\u00f3 v\u00e1rosnak fest\u0151i utc\u00e1in \u00e9s nevezetess\u00e9gein. [\/vc_column_text][\/vc_column][\/vc_row][vc_row][vc_column][vc_separator color=&#8221;white&#8221;][\/vc_column][\/vc_row][vc_row][vc_column][vc_column_text]<\/p>\n<h2>\u00datvonalterv<\/h2>\n<p>[\/vc_column_text][\/vc_column][\/vc_row][vc_row][vc_column width=&#8221;1\/2&#8243;][vc_column_text]<\/p>\n<h3>1. Le Ch\u00e2teau des Ducs de Bretagne (Bretagne-i hercegek kast\u00e9lya)<\/h3>\n<p>Kezdj\u00fck is a napot egy impoz\u00e1ns, t\u00f6rt\u00e9nelmi eml\u00e9km\u0171, a bretagne-i hercegek kast\u00e9ly\u00e1nak felfedez\u00e9s\u00e9vel! Fedezd fel a b\u00e1sty\u00e1kat, \u00e9s \u00e9lvezd ki a hely pomp\u00e1j\u00e1t![\/vc_column_text][vc_column_text]<\/p>\n<h3>2. Passage Pommeraye \u00e9s C\u0153ur de Nantes<\/h3>\n<p>S\u00e9t\u00e1lj v\u00e9gig a h\u00edres Passage Pommeraye-n, egy 19. sz\u00e1zadi fedett \u00e1tj\u00e1r\u00f3n, \u00e9s mer\u00fclj el Nantes sz\u00edv\u00e9ben! Fedezd fel a Place Royale \u00e9s a Place Graslin tereket, amelyek a v\u00e1ros \u00e9p\u00edt\u00e9szeti eleganci\u00e1j\u00e1nak megtestes\u00edt\u0151i! [\/vc_column_text][\/vc_column][vc_column width=&#8221;1\/2&#8243;][vc_single_image image=&#8221;55617&#8243; img_size=&#8221;960&#215;960&#8243;][\/vc_column][\/vc_row][vc_row][vc_column][vc_separator color=&#8221;white&#8221;][\/vc_column][\/vc_row][vc_row][vc_column width=&#8221;1\/2&#8243;][vc_images_carousel images=&#8221;55649,55609,55633&#8243; img_size=&#8221;960&#215;960&#8243;][\/vc_column][vc_column width=&#8221;1\/2&#8243;][vc_column_text]<\/p>\n<h3>3. \u00cele de Nantes : A sziget masin\u00e1i<\/h3>\n<p>Kelj\u00fcnk \u00e1t a Loire foly\u00f3n, eg\u00e9szen a l&#8217; \u00cele de Nantes-ig (Nantes-i sziget), ahol a sziget masin\u00e1i a m\u0171v\u00e9szet \u00e9s a mechanika fantasztikus vil\u00e1g\u00e1ba rep\u00edtenek benn\u00fcnket. [\/vc_column_text][vc_column_text]<\/p>\n<h3>4. Bouffay ker\u00fclet: T\u00f6rt\u00e9nelmi \u00e9s hangulatos<\/h3>\n<p>K\u00f6vetkez\u0151 \u00e1llom\u00e1sunk Nantes legr\u00e9gebbi ker\u00fclete, a Bouffay negyed. A macskak\u00f6ves utc\u00e1k, a fav\u00e1zas h\u00e1zak \u00e9s \u00e9lettel teli teraszai meleg hangulatot var\u00e1zsolnak. [\/vc_column_text][\/vc_column][vc_column][\/vc_column][\/vc_row][vc_row][vc_column][vc_separator color=&#8221;white&#8221;][\/vc_column][\/vc_row][vc_row][vc_column width=&#8221;1\/2&#8243;][vc_column_text]<\/p>\n<h3>5. Vacsora a Radisson Blu Hotelben<\/h3>\n<p>Vacsor\u00e1ra egy kis gasztron\u00f3miai \u00e9lm\u00e9nnyel k\u00e9sz\u00fclt\u00fcnk neked a Radisson Blu Hotelben, ahol eleg\u00e1ns k\u00f6rnyezetben \u00edzlelheted meg a helyi konyha finoms\u00e1gait. [\/vc_column_text][vc_column_text]<\/p>\n<h3>6. \u00eele de Nantes masin\u00e1i \u00e9jszaka<\/h3>\n<p>Ha \u00cele de Nantes leny\u0171g\u00f6z\u00f6tt t\u00e9ged nappal, t\u00e9rj vissza \u00e9jszaka is! A kivil\u00e1g\u00edtott masin\u00e1k egy teljesen m\u00e1s, var\u00e1zslatos \u00e9lm\u00e9nyt ny\u00fajtanak \u00e9jszaka. [\/vc_column_text][\/vc_column][vc_column width=&#8221;1\/2&#8243;][vc_single_image image=&#8221;55641&#8243; img_size=&#8221;960&#215;960&#8243;][\/vc_column][\/vc_row][vc_row][vc_column][vc_separator color=&#8221;white&#8221;][\/vc_column][\/vc_row][vc_row][vc_column][vc_column_text]<\/p>\n<h3>7. \u00c9des napz\u00e1r\u00e1s a La Cigale-ban<\/h3>\n<p>A napot Nantes egyik ikonikus k\u00e1v\u00e9z\u00f3j\u00e1ban, a La Cigale-ban z\u00e1rjuk. \u00c9lvezz ki egy forr\u00f3 italt vagy valami apr\u00f3 \u00e9dess\u00e9get ezen a t\u00f6rt\u00e9nelmi m\u00faltra visszatekint\u0151 helyen! [\/vc_column_text][\/vc_column][\/vc_row][vc_row][vc_column][vc_separator color=&#8221;white&#8221;][\/vc_column][\/vc_row][vc_row][vc_column][vc_column_text]Kedves munkav\u00e1llal\u00f3nk, rem\u00e9lj\u00fck, hogy \u00fatvonalunk seg\u00edts\u00e9g\u00e9vel siker\u00fclt felfedezned Nantes gazdags\u00e1g\u00e1t! Minden utca, minden t\u00e9r \u00e9s minden falat \u00e9tel egy \u00faj n\u00e9z\u0151pontb\u00f3l mutat egy szeletet ebb\u0151l a gy\u00f6ny\u00f6r\u0171, dinamikus v\u00e1rosb\u00f3l. Hozd ki a legt\u00f6bbet a Nantes-ban t\u00f6lt\u00f6tt id\u0151b\u0151l \u00e9s hagyd, hogy minden felfedez\u00e9s eml\u00e9kezetes kalandd\u00e1 v\u00e1ljon! J\u00f3 utat!<br \/>\nAmennyiben m\u00e9g nem vagy az #AB2PROCSAPAT tagja, de szeretn\u00e9l csatlakozni hozz\u00e1nk \u00e9s \u00e1ll\u00e1st tal\u00e1lni Nantes k\u00f6rny\u00e9k\u00e9n, <a href=\"https:\/\/www.ab2pro.com\/hu\/allaslehetoseg\/\">itt <\/a> tudsz jelentkezni ![\/vc_column_text][\/vc_column][\/vc_row]<\/p>\n","protected":false},"excerpt":{"rendered":"<p>A ny\u00fczsg\u0151 rakpartok, a vibr\u00e1l\u00f3 utcai m\u0171v\u00e9szet \u00e9s a sziget g\u00e9pei egy\u00fctt olyan eklektikus b\u00e1jt \u00e1rasztanak, amelyek garant\u00e1ltan elvar\u00e1zsolnak majd. Engedd, hogy mag\u00e1val ragadjon a pezsg\u00e9s, a b\u00e9k\u00e9s v\u00edzpartok \u00e9s az innovat\u00edv szellem, amely Nentes-ot egy mag\u00e1val ragad\u00f3, dinamikus \u00fati c\u00e9ll\u00e1 teszi!<\/p>\n","protected":false},"author":5391,"featured_media":55617,"comment_status":"closed","ping_status":"closed","sticky":false,"template":"","format":"standard","meta":{"_acf_changed":false,"footnotes":""},"categories":[646,687,688],"tags":[],"class_list":["post-65340","post","type-post","status-publish","format-standard","has-post-thumbnail","hentry","category-fedezze-fel-franciaorszagot","category-kezdolap-kiemelese","category-tudta-e"],"acf":[],"yoast_head":"<!-- This site is optimized with the Yoast SEO plugin v26.8 - https:\/\/yoast.com\/product\/yoast-seo-wordpress\/ -->\n<title>Nantes Egy Emlekezetes Utazas Azok Szamara Akik | AB2PRO<\/title>\n<meta name=\"description\" content=\"Nantes, egy eml\u00e9kezetes utaz\u00e1s azok sz\u00e1m\u00e1ra, akik szeretn\u00e9k felfedezni a v\u00e1ros t\u00f6rt\u00e9nelmi- \u00e9s gasztron\u00f3miai \u00f6r\u00f6ks\u00e9geit.\" \/>\n<meta name=\"robots\" content=\"index, follow, max-snippet:-1, max-image-preview:large, max-video-preview:-1\" \/>\n<link rel=\"canonical\" href=\"https:\/\/www.ab2pro.com\/hu\/nantes-egy-emlekezetes-utazas-azok-szamara-akik-szeretnek-felfedezni-a-varos-tortenelmi-es-gasztronomiai-oroksegeit\/\" \/>\n<meta property=\"og:locale\" content=\"hu_HU\" \/>\n<meta property=\"og:type\" content=\"article\" \/>\n<meta property=\"og:title\" content=\"Nantes Egy Emlekezetes Utazas Azok Szamara Akik | AB2PRO\" \/>\n<meta property=\"og:description\" content=\"Nantes, egy eml\u00e9kezetes utaz\u00e1s azok sz\u00e1m\u00e1ra, akik szeretn\u00e9k felfedezni a v\u00e1ros t\u00f6rt\u00e9nelmi- \u00e9s gasztron\u00f3miai \u00f6r\u00f6ks\u00e9geit.\" \/>\n<meta property=\"og:url\" content=\"https:\/\/www.ab2pro.com\/hu\/nantes-egy-emlekezetes-utazas-azok-szamara-akik-szeretnek-felfedezni-a-varos-tortenelmi-es-gasztronomiai-oroksegeit\/\" \/>\n<meta property=\"og:site_name\" content=\"AB2PRO\" \/>\n<meta property=\"article:published_time\" content=\"2024-05-24T13:30:00+00:00\" \/>\n<meta property=\"article:modified_time\" content=\"2025-12-24T09:13:39+00:00\" \/>\n<meta property=\"og:image\" content=\"https:\/\/www.ab2pro.com\/wp-content\/uploads\/2023\/12\/nantes-passage-pommeraye.jpg\" \/>\n\t<meta property=\"og:image:width\" content=\"1280\" \/>\n\t<meta property=\"og:image:height\" content=\"853\" \/>\n\t<meta property=\"og:image:type\" content=\"image\/jpeg\" \/>\n<meta name=\"author\" content=\"Rossil\u00e8ne DOMOISON-SICARD\" \/>\n<meta name=\"twitter:card\" content=\"summary_large_image\" \/>\n<meta name=\"twitter:label1\" content=\"Szerz\u0151:\" \/>\n\t<meta name=\"twitter:data1\" content=\"Rossil\u00e8ne DOMOISON-SICARD\" \/>\n\t<meta name=\"twitter:label2\" content=\"Becs\u00fclt olvas\u00e1si id\u0151\" \/>\n\t<meta name=\"twitter:data2\" content=\"3 perc\" \/>\n<script type=\"application\/ld+json\" class=\"yoast-schema-graph\">{\"@context\":\"https:\/\/schema.org\",\"@graph\":[{\"@type\":\"Article\",\"@id\":\"https:\/\/www.ab2pro.com\/hu\/nantes-egy-emlekezetes-utazas-azok-szamara-akik-szeretnek-felfedezni-a-varos-tortenelmi-es-gasztronomiai-oroksegeit\/#article\",\"isPartOf\":{\"@id\":\"https:\/\/www.ab2pro.com\/hu\/nantes-egy-emlekezetes-utazas-azok-szamara-akik-szeretnek-felfedezni-a-varos-tortenelmi-es-gasztronomiai-oroksegeit\/\"},\"author\":{\"name\":\"Rossil\u00e8ne DOMOISON-SICARD\",\"@id\":\"https:\/\/www.ab2pro.com\/hu\/#\/schema\/person\/54c8bff9be55097e2298932a5903940e\"},\"headline\":\"Nantes, egy eml\u00e9kezetes utaz\u00e1s azok sz\u00e1m\u00e1ra, akik szeretn\u00e9k felfedezni a v\u00e1ros t\u00f6rt\u00e9nelmi- \u00e9s gasztron\u00f3miai \u00f6r\u00f6ks\u00e9geit.\",\"datePublished\":\"2024-05-24T13:30:00+00:00\",\"dateModified\":\"2025-12-24T09:13:39+00:00\",\"mainEntityOfPage\":{\"@id\":\"https:\/\/www.ab2pro.com\/hu\/nantes-egy-emlekezetes-utazas-azok-szamara-akik-szeretnek-felfedezni-a-varos-tortenelmi-es-gasztronomiai-oroksegeit\/\"},\"wordCount\":743,\"publisher\":{\"@id\":\"https:\/\/www.ab2pro.com\/hu\/#organization\"},\"image\":{\"@id\":\"https:\/\/www.ab2pro.com\/hu\/nantes-egy-emlekezetes-utazas-azok-szamara-akik-szeretnek-felfedezni-a-varos-tortenelmi-es-gasztronomiai-oroksegeit\/#primaryimage\"},\"thumbnailUrl\":\"https:\/\/www.ab2pro.com\/wp-content\/uploads\/2023\/12\/nantes-passage-pommeraye.jpg\",\"articleSection\":[\"Fedezze fel Franciaorsz\u00e1got\",\"Kezd\u0151lap kiemel\u00e9se\",\"Tudta-e?\"],\"inLanguage\":\"hu\"},{\"@type\":\"WebPage\",\"@id\":\"https:\/\/www.ab2pro.com\/hu\/nantes-egy-emlekezetes-utazas-azok-szamara-akik-szeretnek-felfedezni-a-varos-tortenelmi-es-gasztronomiai-oroksegeit\/\",\"url\":\"https:\/\/www.ab2pro.com\/hu\/nantes-egy-emlekezetes-utazas-azok-szamara-akik-szeretnek-felfedezni-a-varos-tortenelmi-es-gasztronomiai-oroksegeit\/\",\"name\":\"Nantes Egy Emlekezetes Utazas Azok Szamara Akik | AB2PRO\",\"isPartOf\":{\"@id\":\"https:\/\/www.ab2pro.com\/hu\/#website\"},\"primaryImageOfPage\":{\"@id\":\"https:\/\/www.ab2pro.com\/hu\/nantes-egy-emlekezetes-utazas-azok-szamara-akik-szeretnek-felfedezni-a-varos-tortenelmi-es-gasztronomiai-oroksegeit\/#primaryimage\"},\"image\":{\"@id\":\"https:\/\/www.ab2pro.com\/hu\/nantes-egy-emlekezetes-utazas-azok-szamara-akik-szeretnek-felfedezni-a-varos-tortenelmi-es-gasztronomiai-oroksegeit\/#primaryimage\"},\"thumbnailUrl\":\"https:\/\/www.ab2pro.com\/wp-content\/uploads\/2023\/12\/nantes-passage-pommeraye.jpg\",\"datePublished\":\"2024-05-24T13:30:00+00:00\",\"dateModified\":\"2025-12-24T09:13:39+00:00\",\"description\":\"Nantes, egy eml\u00e9kezetes utaz\u00e1s azok sz\u00e1m\u00e1ra, akik szeretn\u00e9k felfedezni a v\u00e1ros t\u00f6rt\u00e9nelmi- \u00e9s gasztron\u00f3miai \u00f6r\u00f6ks\u00e9geit.\",\"breadcrumb\":{\"@id\":\"https:\/\/www.ab2pro.com\/hu\/nantes-egy-emlekezetes-utazas-azok-szamara-akik-szeretnek-felfedezni-a-varos-tortenelmi-es-gasztronomiai-oroksegeit\/#breadcrumb\"},\"inLanguage\":\"hu\",\"potentialAction\":[{\"@type\":\"ReadAction\",\"target\":[\"https:\/\/www.ab2pro.com\/hu\/nantes-egy-emlekezetes-utazas-azok-szamara-akik-szeretnek-felfedezni-a-varos-tortenelmi-es-gasztronomiai-oroksegeit\/\"]}]},{\"@type\":\"ImageObject\",\"inLanguage\":\"hu\",\"@id\":\"https:\/\/www.ab2pro.com\/hu\/nantes-egy-emlekezetes-utazas-azok-szamara-akik-szeretnek-felfedezni-a-varos-tortenelmi-es-gasztronomiai-oroksegeit\/#primaryimage\",\"url\":\"https:\/\/www.ab2pro.com\/wp-content\/uploads\/2023\/12\/nantes-passage-pommeraye.jpg\",\"contentUrl\":\"https:\/\/www.ab2pro.com\/wp-content\/uploads\/2023\/12\/nantes-passage-pommeraye.jpg\",\"width\":1280,\"height\":853},{\"@type\":\"BreadcrumbList\",\"@id\":\"https:\/\/www.ab2pro.com\/hu\/nantes-egy-emlekezetes-utazas-azok-szamara-akik-szeretnek-felfedezni-a-varos-tortenelmi-es-gasztronomiai-oroksegeit\/#breadcrumb\",\"itemListElement\":[{\"@type\":\"ListItem\",\"position\":1,\"name\":\"Accueil\",\"item\":\"https:\/\/www.ab2pro.com\/hu\/\"},{\"@type\":\"ListItem\",\"position\":2,\"name\":\"Nantes, egy eml\u00e9kezetes utaz\u00e1s azok sz\u00e1m\u00e1ra, akik szeretn\u00e9k felfedezni a v\u00e1ros t\u00f6rt\u00e9nelmi- \u00e9s gasztron\u00f3miai \u00f6r\u00f6ks\u00e9geit.\"}]},{\"@type\":\"WebSite\",\"@id\":\"https:\/\/www.ab2pro.com\/hu\/#website\",\"url\":\"https:\/\/www.ab2pro.com\/hu\/\",\"name\":\"AB2PRO\",\"description\":\"Agence d&#039;emploi sp\u00e9cialis\u00e9e dans le recrutement de travailleurs europ\u00e9ens\",\"publisher\":{\"@id\":\"https:\/\/www.ab2pro.com\/hu\/#organization\"},\"potentialAction\":[{\"@type\":\"SearchAction\",\"target\":{\"@type\":\"EntryPoint\",\"urlTemplate\":\"https:\/\/www.ab2pro.com\/hu\/?s={search_term_string}\"},\"query-input\":{\"@type\":\"PropertyValueSpecification\",\"valueRequired\":true,\"valueName\":\"search_term_string\"}}],\"inLanguage\":\"hu\"},{\"@type\":\"Organization\",\"@id\":\"https:\/\/www.ab2pro.com\/hu\/#organization\",\"name\":\"AB2PRO\",\"url\":\"https:\/\/www.ab2pro.com\/hu\/\",\"logo\":{\"@type\":\"ImageObject\",\"inLanguage\":\"hu\",\"@id\":\"https:\/\/www.ab2pro.com\/hu\/#\/schema\/logo\/image\/\",\"url\":\"https:\/\/www.ab2pro.com\/wp-content\/uploads\/2020\/11\/logo-profil.png\",\"contentUrl\":\"https:\/\/www.ab2pro.com\/wp-content\/uploads\/2020\/11\/logo-profil.png\",\"width\":230,\"height\":47,\"caption\":\"AB2PRO\"},\"image\":{\"@id\":\"https:\/\/www.ab2pro.com\/hu\/#\/schema\/logo\/image\/\"}},{\"@type\":\"Person\",\"@id\":\"https:\/\/www.ab2pro.com\/hu\/#\/schema\/person\/54c8bff9be55097e2298932a5903940e\",\"name\":\"Rossil\u00e8ne DOMOISON-SICARD\",\"image\":{\"@type\":\"ImageObject\",\"inLanguage\":\"hu\",\"@id\":\"https:\/\/www.ab2pro.com\/hu\/#\/schema\/person\/image\/\",\"url\":\"https:\/\/secure.gravatar.com\/avatar\/e33b91d9b8fa9fa2306743f1fb62f11c?s=96&d=mm&r=g\",\"contentUrl\":\"https:\/\/secure.gravatar.com\/avatar\/e33b91d9b8fa9fa2306743f1fb62f11c?s=96&d=mm&r=g\",\"caption\":\"Rossil\u00e8ne DOMOISON-SICARD\"}}]}<\/script>\n<!-- \/ Yoast SEO plugin. -->","yoast_head_json":{"title":"Nantes Egy Emlekezetes Utazas Azok Szamara Akik | AB2PRO","description":"Nantes, egy eml\u00e9kezetes utaz\u00e1s azok sz\u00e1m\u00e1ra, akik szeretn\u00e9k felfedezni a v\u00e1ros t\u00f6rt\u00e9nelmi- \u00e9s gasztron\u00f3miai \u00f6r\u00f6ks\u00e9geit.","robots":{"index":"index","follow":"follow","max-snippet":"max-snippet:-1","max-image-preview":"max-image-preview:large","max-video-preview":"max-video-preview:-1"},"canonical":"https:\/\/www.ab2pro.com\/hu\/nantes-egy-emlekezetes-utazas-azok-szamara-akik-szeretnek-felfedezni-a-varos-tortenelmi-es-gasztronomiai-oroksegeit\/","og_locale":"hu_HU","og_type":"article","og_title":"Nantes Egy Emlekezetes Utazas Azok Szamara Akik | AB2PRO","og_description":"Nantes, egy eml\u00e9kezetes utaz\u00e1s azok sz\u00e1m\u00e1ra, akik szeretn\u00e9k felfedezni a v\u00e1ros t\u00f6rt\u00e9nelmi- \u00e9s gasztron\u00f3miai \u00f6r\u00f6ks\u00e9geit.","og_url":"https:\/\/www.ab2pro.com\/hu\/nantes-egy-emlekezetes-utazas-azok-szamara-akik-szeretnek-felfedezni-a-varos-tortenelmi-es-gasztronomiai-oroksegeit\/","og_site_name":"AB2PRO","article_published_time":"2024-05-24T13:30:00+00:00","article_modified_time":"2025-12-24T09:13:39+00:00","og_image":[{"width":1280,"height":853,"url":"https:\/\/www.ab2pro.com\/wp-content\/uploads\/2023\/12\/nantes-passage-pommeraye.jpg","type":"image\/jpeg"}],"author":"Rossil\u00e8ne DOMOISON-SICARD","twitter_card":"summary_large_image","twitter_misc":{"Szerz\u0151:":"Rossil\u00e8ne DOMOISON-SICARD","Becs\u00fclt olvas\u00e1si id\u0151":"3 perc"},"schema":{"@context":"https:\/\/schema.org","@graph":[{"@type":"Article","@id":"https:\/\/www.ab2pro.com\/hu\/nantes-egy-emlekezetes-utazas-azok-szamara-akik-szeretnek-felfedezni-a-varos-tortenelmi-es-gasztronomiai-oroksegeit\/#article","isPartOf":{"@id":"https:\/\/www.ab2pro.com\/hu\/nantes-egy-emlekezetes-utazas-azok-szamara-akik-szeretnek-felfedezni-a-varos-tortenelmi-es-gasztronomiai-oroksegeit\/"},"author":{"name":"Rossil\u00e8ne DOMOISON-SICARD","@id":"https:\/\/www.ab2pro.com\/hu\/#\/schema\/person\/54c8bff9be55097e2298932a5903940e"},"headline":"Nantes, egy eml\u00e9kezetes utaz\u00e1s azok sz\u00e1m\u00e1ra, akik szeretn\u00e9k felfedezni a v\u00e1ros t\u00f6rt\u00e9nelmi- \u00e9s gasztron\u00f3miai \u00f6r\u00f6ks\u00e9geit.","datePublished":"2024-05-24T13:30:00+00:00","dateModified":"2025-12-24T09:13:39+00:00","mainEntityOfPage":{"@id":"https:\/\/www.ab2pro.com\/hu\/nantes-egy-emlekezetes-utazas-azok-szamara-akik-szeretnek-felfedezni-a-varos-tortenelmi-es-gasztronomiai-oroksegeit\/"},"wordCount":743,"publisher":{"@id":"https:\/\/www.ab2pro.com\/hu\/#organization"},"image":{"@id":"https:\/\/www.ab2pro.com\/hu\/nantes-egy-emlekezetes-utazas-azok-szamara-akik-szeretnek-felfedezni-a-varos-tortenelmi-es-gasztronomiai-oroksegeit\/#primaryimage"},"thumbnailUrl":"https:\/\/www.ab2pro.com\/wp-content\/uploads\/2023\/12\/nantes-passage-pommeraye.jpg","articleSection":["Fedezze fel Franciaorsz\u00e1got","Kezd\u0151lap kiemel\u00e9se","Tudta-e?"],"inLanguage":"hu"},{"@type":"WebPage","@id":"https:\/\/www.ab2pro.com\/hu\/nantes-egy-emlekezetes-utazas-azok-szamara-akik-szeretnek-felfedezni-a-varos-tortenelmi-es-gasztronomiai-oroksegeit\/","url":"https:\/\/www.ab2pro.com\/hu\/nantes-egy-emlekezetes-utazas-azok-szamara-akik-szeretnek-felfedezni-a-varos-tortenelmi-es-gasztronomiai-oroksegeit\/","name":"Nantes Egy Emlekezetes Utazas Azok Szamara Akik | AB2PRO","isPartOf":{"@id":"https:\/\/www.ab2pro.com\/hu\/#website"},"primaryImageOfPage":{"@id":"https:\/\/www.ab2pro.com\/hu\/nantes-egy-emlekezetes-utazas-azok-szamara-akik-szeretnek-felfedezni-a-varos-tortenelmi-es-gasztronomiai-oroksegeit\/#primaryimage"},"image":{"@id":"https:\/\/www.ab2pro.com\/hu\/nantes-egy-emlekezetes-utazas-azok-szamara-akik-szeretnek-felfedezni-a-varos-tortenelmi-es-gasztronomiai-oroksegeit\/#primaryimage"},"thumbnailUrl":"https:\/\/www.ab2pro.com\/wp-content\/uploads\/2023\/12\/nantes-passage-pommeraye.jpg","datePublished":"2024-05-24T13:30:00+00:00","dateModified":"2025-12-24T09:13:39+00:00","description":"Nantes, egy eml\u00e9kezetes utaz\u00e1s azok sz\u00e1m\u00e1ra, akik szeretn\u00e9k felfedezni a v\u00e1ros t\u00f6rt\u00e9nelmi- \u00e9s gasztron\u00f3miai \u00f6r\u00f6ks\u00e9geit.","breadcrumb":{"@id":"https:\/\/www.ab2pro.com\/hu\/nantes-egy-emlekezetes-utazas-azok-szamara-akik-szeretnek-felfedezni-a-varos-tortenelmi-es-gasztronomiai-oroksegeit\/#breadcrumb"},"inLanguage":"hu","potentialAction":[{"@type":"ReadAction","target":["https:\/\/www.ab2pro.com\/hu\/nantes-egy-emlekezetes-utazas-azok-szamara-akik-szeretnek-felfedezni-a-varos-tortenelmi-es-gasztronomiai-oroksegeit\/"]}]},{"@type":"ImageObject","inLanguage":"hu","@id":"https:\/\/www.ab2pro.com\/hu\/nantes-egy-emlekezetes-utazas-azok-szamara-akik-szeretnek-felfedezni-a-varos-tortenelmi-es-gasztronomiai-oroksegeit\/#primaryimage","url":"https:\/\/www.ab2pro.com\/wp-content\/uploads\/2023\/12\/nantes-passage-pommeraye.jpg","contentUrl":"https:\/\/www.ab2pro.com\/wp-content\/uploads\/2023\/12\/nantes-passage-pommeraye.jpg","width":1280,"height":853},{"@type":"BreadcrumbList","@id":"https:\/\/www.ab2pro.com\/hu\/nantes-egy-emlekezetes-utazas-azok-szamara-akik-szeretnek-felfedezni-a-varos-tortenelmi-es-gasztronomiai-oroksegeit\/#breadcrumb","itemListElement":[{"@type":"ListItem","position":1,"name":"Accueil","item":"https:\/\/www.ab2pro.com\/hu\/"},{"@type":"ListItem","position":2,"name":"Nantes, egy eml\u00e9kezetes utaz\u00e1s azok sz\u00e1m\u00e1ra, akik szeretn\u00e9k felfedezni a v\u00e1ros t\u00f6rt\u00e9nelmi- \u00e9s gasztron\u00f3miai \u00f6r\u00f6ks\u00e9geit."}]},{"@type":"WebSite","@id":"https:\/\/www.ab2pro.com\/hu\/#website","url":"https:\/\/www.ab2pro.com\/hu\/","name":"AB2PRO","description":"Agence d&#039;emploi sp\u00e9cialis\u00e9e dans le recrutement de travailleurs europ\u00e9ens","publisher":{"@id":"https:\/\/www.ab2pro.com\/hu\/#organization"},"potentialAction":[{"@type":"SearchAction","target":{"@type":"EntryPoint","urlTemplate":"https:\/\/www.ab2pro.com\/hu\/?s={search_term_string}"},"query-input":{"@type":"PropertyValueSpecification","valueRequired":true,"valueName":"search_term_string"}}],"inLanguage":"hu"},{"@type":"Organization","@id":"https:\/\/www.ab2pro.com\/hu\/#organization","name":"AB2PRO","url":"https:\/\/www.ab2pro.com\/hu\/","logo":{"@type":"ImageObject","inLanguage":"hu","@id":"https:\/\/www.ab2pro.com\/hu\/#\/schema\/logo\/image\/","url":"https:\/\/www.ab2pro.com\/wp-content\/uploads\/2020\/11\/logo-profil.png","contentUrl":"https:\/\/www.ab2pro.com\/wp-content\/uploads\/2020\/11\/logo-profil.png","width":230,"height":47,"caption":"AB2PRO"},"image":{"@id":"https:\/\/www.ab2pro.com\/hu\/#\/schema\/logo\/image\/"}},{"@type":"Person","@id":"https:\/\/www.ab2pro.com\/hu\/#\/schema\/person\/54c8bff9be55097e2298932a5903940e","name":"Rossil\u00e8ne DOMOISON-SICARD","image":{"@type":"ImageObject","inLanguage":"hu","@id":"https:\/\/www.ab2pro.com\/hu\/#\/schema\/person\/image\/","url":"https:\/\/secure.gravatar.com\/avatar\/e33b91d9b8fa9fa2306743f1fb62f11c?s=96&d=mm&r=g","contentUrl":"https:\/\/secure.gravatar.com\/avatar\/e33b91d9b8fa9fa2306743f1fb62f11c?s=96&d=mm&r=g","caption":"Rossil\u00e8ne DOMOISON-SICARD"}}]}},"_links":{"self":[{"href":"https:\/\/www.ab2pro.com\/hu\/wp-json\/wp\/v2\/posts\/65340","targetHints":{"allow":["GET"]}}],"collection":[{"href":"https:\/\/www.ab2pro.com\/hu\/wp-json\/wp\/v2\/posts"}],"about":[{"href":"https:\/\/www.ab2pro.com\/hu\/wp-json\/wp\/v2\/types\/post"}],"author":[{"embeddable":true,"href":"https:\/\/www.ab2pro.com\/hu\/wp-json\/wp\/v2\/users\/5391"}],"replies":[{"embeddable":true,"href":"https:\/\/www.ab2pro.com\/hu\/wp-json\/wp\/v2\/comments?post=65340"}],"version-history":[{"count":0,"href":"https:\/\/www.ab2pro.com\/hu\/wp-json\/wp\/v2\/posts\/65340\/revisions"}],"wp:featuredmedia":[{"embeddable":true,"href":"https:\/\/www.ab2pro.com\/hu\/wp-json\/wp\/v2\/media\/55617"}],"wp:attachment":[{"href":"https:\/\/www.ab2pro.com\/hu\/wp-json\/wp\/v2\/media?parent=65340"}],"wp:term":[{"taxonomy":"category","embeddable":true,"href":"https:\/\/www.ab2pro.com\/hu\/wp-json\/wp\/v2\/categories?post=65340"},{"taxonomy":"post_tag","embeddable":true,"href":"https:\/\/www.ab2pro.com\/hu\/wp-json\/wp\/v2\/tags?post=65340"}],"curies":[{"name":"wp","href":"https:\/\/api.w.org\/{rel}","templated":true}]}}