
{"id":65590,"date":"2024-06-24T10:16:23","date_gmt":"2024-06-24T08:16:23","guid":{"rendered":"https:\/\/www.ab2pro.com\/?p=65590"},"modified":"2025-12-24T10:24:12","modified_gmt":"2025-12-24T09:24:12","slug":"nizza-egy-felejthetetlen-muveszetekkel-teli-utvonal-az-ab2procsapat-tagjai-szamara-a-foldkozi-tenger-partjan","status":"publish","type":"post","link":"https:\/\/www.ab2pro.com\/hu\/nizza-egy-felejthetetlen-muveszetekkel-teli-utvonal-az-ab2procsapat-tagjai-szamara-a-foldkozi-tenger-partjan\/","title":{"rendered":"Nizza, egy felejthetetlen, m\u0171v\u00e9szetekkel teli \u00fatvonal az AB2PROCSAPAT tagjai sz\u00e1m\u00e1ra a F\u00f6ldk\u00f6zi-tenger partj\u00e1n."},"content":{"rendered":"<p>[vc_row][vc_column][vc_column_text css_animation=&#8221;fadeInDown&#8221;]\u00dcdv\u00f6zl\u00fcnk h\u00e1t Nizz\u00e1ban ! Barangold be a v\u00e1ros legszebb r\u00e9szeit \u00fatvonalunk seg\u00edts\u00e9g\u00e9vel ! Napunk sor\u00e1n megismerkedhetsz a k\u00f6rny\u00e9k m\u0171v\u00e9szeti-, gasztron\u00f3miai- \u00e9s kultur\u00e1lis \u00f6r\u00f6ks\u00e9g\u00e9vel. Minden utcasarok, m\u00fazeum \u00e9s minden \u00edz egyed\u00fcl\u00e1ll\u00f3 \u00e9lm\u00e9nyt ny\u00fajt majd. \u00c9lvezd ki, \u00e9s tedd eml\u00e9kezetess\u00e9 a v\u00e1rosban t\u00f6lt\u00f6tt perceket ! J\u00f3 utat ![\/vc_column_text][\/vc_column][\/vc_row][vc_row][vc_column][vc_column_text css_animation=&#8221;fadeInDown&#8221;]<\/p>\n<h2>\u00datvonal<\/h2>\n<p>[\/vc_column_text][\/vc_column][\/vc_row][vc_row][vc_column width=&#8221;1\/2&#8243;][vc_column_text css_animation=&#8221;fadeIn&#8221;]<\/p>\n<h3>1. Promenade des Anglais (angol s\u00e9t\u00e1ny)<\/h3>\n<p>Kezdj\u00fck is a napot a Promenade des Anglais ment\u00e9n ! \u00c9lvezd a F\u00f6ldk\u00f6zi-tengerre ny\u00edl\u00f3 kil\u00e1t\u00e1st, \u00e9s l\u00e9legezd be a friss tengeri leveg\u0151t![\/vc_column_text][vc_column_text css_animation=&#8221;fadeIn&#8221;]<\/p>\n<h3>2. Nizza \u00f3v\u00e1rosa: Cours Saleya \u00e9s a vir\u00e1gpiac<\/h3>\n<p>Mer\u00fclj el Nizza \u00f3v\u00e1ros\u00e1nak a var\u00e1zs\u00e1ban \u00e9s fedezd fel a Cours Saleya var\u00e1zslatos vir\u00e1gpiac\u00e1t! A ny\u00fczsg\u0151 piac sz\u00ednei \u00e9s illatai garant\u00e1ltan elm\u00e9ly\u00edtik a mediterr\u00e1n hangulatot .[\/vc_column_text][\/vc_column][vc_column width=&#8221;1\/2&#8243;][vc_single_image image=&#8221;57547&#8243; img_size=&#8221;960&#215;960&#8243; css_animation=&#8221;fadeIn&#8221;][\/vc_column][\/vc_row][vc_row][vc_column width=&#8221;1\/2&#8243;][vc_single_image image=&#8221;57563&#8243; img_size=&#8221;960&#215;960&#8243; css_animation=&#8221;fadeIn&#8221;][\/vc_column][vc_column width=&#8221;1\/2&#8243;][vc_column_text css_animation=&#8221;fadeIn&#8221;]<\/p>\n<h3>3. A Matisse M\u00fazeum<\/h3>\n<p>T\u00e9rj be a Matisse M\u00fazeumba, \u00e9s csod\u00e1ld meg a h\u00edres fest\u0151 m\u0171veit Nizza sz\u00edv\u00e9ben ![\/vc_column_text][vc_column_text css_animation=&#8221;fadeIn&#8221;]<\/p>\n<h3>4. Colline du Ch\u00e2teau (V\u00e1rhegy)<\/h3>\n<p>M\u00e1ssz fel a V\u00e1rhegyre, de ne agg\u00f3dj, minden f\u00e1radalom meg\u00e9ri majd, hiszen innen ny\u00edlik a legszebb panor\u00e1m\u00e1s kil\u00e1t\u00e1s a v\u00e1rosra, amelyet a teraszos kertek \u00e9s a v\u00e1rromok b\u00e9k\u00e9s hangulata tet\u00e9z.[\/vc_column_text][\/vc_column][\/vc_row][vc_row][vc_column width=&#8221;1\/2&#8243;][vc_column_text css_animation=&#8221;fadeIn&#8221;]<\/p>\n<h3>5. Eb\u00e9d a Garibaldi t\u00e9ren<\/h3>\n<p>A Garibaldi t\u00e9r \u00e9ttermei \u00e9s k\u00e1v\u00e9z\u00f3i t\u00f6k\u00e9letes helyet ny\u00fajtanak a nizzai specialit\u00e1sok megk\u00f3stol\u00e1s\u00e1ra.[\/vc_column_text][vc_column_text css_animation=&#8221;fadeIn&#8221;]<\/p>\n<h3>6. A Modern \u00e9s Kort\u00e1rs M\u0171v\u00e9szeti M\u00fazeum (Le Mus\u00e9e d&#8217;Art Moderne et d&#8217;Art Contemporain \/MAMAC\/ )<\/h3>\n<p>D\u00e9lut\u00e1n l\u00e1togass el a Modern \u00e9s Kort\u00e1rs M\u0171v\u00e9szeti M\u00fazeumba ! A v\u00e1ltozatos ki\u00e1ll\u00edt\u00e1sok egyedi m\u0171v\u00e9szeti \u00e9lm\u00e9nyt ny\u00fajtanak az idel\u00e1togat\u00f3k sz\u00e1m\u00e1ra.[\/vc_column_text][\/vc_column][vc_column width=&#8221;1\/2&#8243;][vc_single_image image=&#8221;57611&#8243; img_size=&#8221;960&#215;960&#8243; css_animation=&#8221;fadeIn&#8221;][\/vc_column][\/vc_row][vc_row][vc_column width=&#8221;1\/2&#8243;][vc_single_image image=&#8221;57579&#8243; img_size=&#8221;960&#215;960&#8243; css_animation=&#8221;fadeIn&#8221;][\/vc_column][vc_column width=&#8221;1\/2&#8243;][vc_column_text css_animation=&#8221;fadeIn&#8221;]<\/p>\n<h3>7. Place Mass\u00e9na<\/h3>\n<p>Fedezd fel a Nizza sz\u00edv\u00e9ben elhelyezked\u0151 Mass\u00e9na teret, ahol a sz\u00ednes homlokzatok \u00e9s a Nap-k\u00fat \u00e9l\u00e9nk hangulatot teremtenek.[\/vc_column_text][vc_column_text css_animation=&#8221;fadeIn&#8221;]<\/p>\n<h3>8. Vacsora a kik\u00f6t\u0151i negyedben<\/h3>\n<p>Vacsor\u00e1ra ir\u00e1ny a Quartier du Port (kik\u00f6t\u0151i negyed) ! Az itteni \u00e9ttermek a tenger gy\u00fcm\u00f6lcsei sz\u00e9les k\u00edn\u00e1lat\u00e1val v\u00e1rnak \u00e9s a ny\u00fczsg\u0151 b\u00e1rok pedig meghozz\u00e1k a kedvet egy kis \u00e9jszak\u00e1ba ny\u00fal\u00f3 sz\u00f3rakoz\u00e1shoz.[\/vc_column_text][vc_column_text css_animation=&#8221;fadeIn&#8221;]<\/p>\n<h3>9. A megvil\u00e1g\u00edtott Promenade du Paillon<\/h3>\n<p>A nap lez\u00e1r\u00e1sak\u00e9nt s\u00e1t\u00e1lj egyet a kivil\u00e1g\u00edtott Promenade du Paillon s\u00e9t\u00e1nyon! A f\u00e9nyhat\u00e1sok var\u00e1zslatos hangulatot teremtenek az este kellemes befejez\u00e9s\u00e9hez.[\/vc_column_text][\/vc_column][\/vc_row][vc_row][vc_column][vc_separator color=&#8221;white&#8221;][\/vc_column][\/vc_row][vc_row][vc_column][vc_column_text css_animation=&#8221;fadeIn&#8221;]Rem\u00e9lj\u00fck, hogy \u00fatvonalunk seg\u00edts\u00e9g\u00e9vel siker\u00fcl felfedezni Nizza gazdags\u00e1g\u00e1t. Legyen sz\u00f3 a leny\u0171g\u00f6z\u0151 m\u0171v\u00e9szetr\u0151l, a mediterr\u00e1n \u00edzekr\u0151l vagy a folyamatos naps\u00fct\u00e9sr\u0151l, a v\u00e1rosban t\u00f6lt\u00f6tt minden egyes pillanat egy kicsit k\u00f6zelebb hozza a v\u00e1ros autentikus var\u00e1zs\u00e1t. \u00c9lvezz ki minden Nizz\u00e1ban t\u00f6lt\u00f6tt pillanatot \u00e9s hagyd, hogy minden felfedezett utca egy eml\u00e9kezetes oldal\u00e1v\u00e1 v\u00e1ljon a kalandodnak. J\u00f3 utat !<br \/>\nHa nem vagy az #AB2PROCSAPAT tagja, de szeretn\u00e9l hozz\u00e1nk csatlakozni \u00e9s Nizza k\u00f6rny\u00e9k\u00e9n \u00e1ll\u00e1st tal\u00e1lni, <a href=\"https:\/\/www.ab2pro.com\/hu\/allaslehetoseg\/\">itt <\/a> tudsz jelentkezni ![\/vc_column_text][\/vc_column][\/vc_row]<\/p>\n","protected":false},"excerpt":{"rendered":"<p>A C\u00f4te d&#8217;Azur gy\u00f6ngyszeme, tengerparti s\u00e9t\u00e1ny\u00e1val, a piacon leng\u0151 illatfelh\u0151vel \u00e9s mediterr\u00e1n \u00e9letst\u00edlus\u00e1val var\u00e1solja el a l\u00e1togat\u00f3kat. Az az\u00fark\u00e9k tenger \u00e9s Nizza \u00f3v\u00e1ros\u00e1nak sz\u00ednes homlokzatai k\u00f6z\u00f6tt lehet\u0151s\u00e9ged ad\u00f3dik felfedezni a v\u00e1rost, amely tele van csillog\u00e1ssal, de m\u00e9gis oly letisztult.<\/p>\n","protected":false},"author":5391,"featured_media":57547,"comment_status":"closed","ping_status":"closed","sticky":false,"template":"","format":"standard","meta":{"_acf_changed":false,"footnotes":""},"categories":[646,687,688],"tags":[],"class_list":["post-65590","post","type-post","status-publish","format-standard","has-post-thumbnail","hentry","category-fedezze-fel-franciaorszagot","category-kezdolap-kiemelese","category-tudta-e"],"acf":[],"yoast_head":"<!-- This site is optimized with the Yoast SEO plugin v26.8 - https:\/\/yoast.com\/product\/yoast-seo-wordpress\/ -->\n<title>Nizza Egy Felejthetetlen Muveszetekkel Teli | AB2PRO<\/title>\n<meta name=\"description\" content=\"Nizza, egy felejthetetlen, m\u0171v\u00e9szetekkel teli \u00fatvonal az AB2PROCSAPAT tagjai sz\u00e1m\u00e1ra a F\u00f6ldk\u00f6zi-tenger partj\u00e1n.\" \/>\n<meta name=\"robots\" content=\"index, follow, max-snippet:-1, max-image-preview:large, max-video-preview:-1\" \/>\n<link rel=\"canonical\" href=\"https:\/\/www.ab2pro.com\/hu\/nizza-egy-felejthetetlen-muveszetekkel-teli-utvonal-az-ab2procsapat-tagjai-szamara-a-foldkozi-tenger-partjan\/\" \/>\n<meta property=\"og:locale\" content=\"hu_HU\" \/>\n<meta property=\"og:type\" content=\"article\" \/>\n<meta property=\"og:title\" content=\"Nizza Egy Felejthetetlen Muveszetekkel Teli | AB2PRO\" \/>\n<meta property=\"og:description\" content=\"Nizza, egy felejthetetlen, m\u0171v\u00e9szetekkel teli \u00fatvonal az AB2PROCSAPAT tagjai sz\u00e1m\u00e1ra a F\u00f6ldk\u00f6zi-tenger partj\u00e1n.\" \/>\n<meta property=\"og:url\" content=\"https:\/\/www.ab2pro.com\/hu\/nizza-egy-felejthetetlen-muveszetekkel-teli-utvonal-az-ab2procsapat-tagjai-szamara-a-foldkozi-tenger-partjan\/\" \/>\n<meta property=\"og:site_name\" content=\"AB2PRO\" \/>\n<meta property=\"article:published_time\" content=\"2024-06-24T08:16:23+00:00\" \/>\n<meta property=\"article:modified_time\" content=\"2025-12-24T09:24:12+00:00\" \/>\n<meta property=\"og:image\" content=\"https:\/\/www.ab2pro.com\/wp-content\/uploads\/2024\/01\/promenade-des-anglais-nice-scaled.jpg\" \/>\n\t<meta property=\"og:image:width\" content=\"2048\" \/>\n\t<meta property=\"og:image:height\" content=\"1365\" \/>\n\t<meta property=\"og:image:type\" content=\"image\/jpeg\" \/>\n<meta name=\"author\" content=\"Rossil\u00e8ne DOMOISON-SICARD\" \/>\n<meta name=\"twitter:card\" content=\"summary_large_image\" \/>\n<meta name=\"twitter:label1\" content=\"Szerz\u0151:\" \/>\n\t<meta name=\"twitter:data1\" content=\"Rossil\u00e8ne DOMOISON-SICARD\" \/>\n\t<meta name=\"twitter:label2\" content=\"Becs\u00fclt olvas\u00e1si id\u0151\" \/>\n\t<meta name=\"twitter:data2\" content=\"3 perc\" \/>\n<script type=\"application\/ld+json\" class=\"yoast-schema-graph\">{\"@context\":\"https:\/\/schema.org\",\"@graph\":[{\"@type\":\"Article\",\"@id\":\"https:\/\/www.ab2pro.com\/hu\/nizza-egy-felejthetetlen-muveszetekkel-teli-utvonal-az-ab2procsapat-tagjai-szamara-a-foldkozi-tenger-partjan\/#article\",\"isPartOf\":{\"@id\":\"https:\/\/www.ab2pro.com\/hu\/nizza-egy-felejthetetlen-muveszetekkel-teli-utvonal-az-ab2procsapat-tagjai-szamara-a-foldkozi-tenger-partjan\/\"},\"author\":{\"name\":\"Rossil\u00e8ne DOMOISON-SICARD\",\"@id\":\"https:\/\/www.ab2pro.com\/hu\/#\/schema\/person\/54c8bff9be55097e2298932a5903940e\"},\"headline\":\"Nizza, egy felejthetetlen, m\u0171v\u00e9szetekkel teli \u00fatvonal az AB2PROCSAPAT tagjai sz\u00e1m\u00e1ra a F\u00f6ldk\u00f6zi-tenger partj\u00e1n.\",\"datePublished\":\"2024-06-24T08:16:23+00:00\",\"dateModified\":\"2025-12-24T09:24:12+00:00\",\"mainEntityOfPage\":{\"@id\":\"https:\/\/www.ab2pro.com\/hu\/nizza-egy-felejthetetlen-muveszetekkel-teli-utvonal-az-ab2procsapat-tagjai-szamara-a-foldkozi-tenger-partjan\/\"},\"wordCount\":813,\"publisher\":{\"@id\":\"https:\/\/www.ab2pro.com\/hu\/#organization\"},\"image\":{\"@id\":\"https:\/\/www.ab2pro.com\/hu\/nizza-egy-felejthetetlen-muveszetekkel-teli-utvonal-az-ab2procsapat-tagjai-szamara-a-foldkozi-tenger-partjan\/#primaryimage\"},\"thumbnailUrl\":\"https:\/\/www.ab2pro.com\/wp-content\/uploads\/2024\/01\/promenade-des-anglais-nice-scaled.jpg\",\"articleSection\":[\"Fedezze fel Franciaorsz\u00e1got\",\"Kezd\u0151lap kiemel\u00e9se\",\"Tudta-e?\"],\"inLanguage\":\"hu\"},{\"@type\":\"WebPage\",\"@id\":\"https:\/\/www.ab2pro.com\/hu\/nizza-egy-felejthetetlen-muveszetekkel-teli-utvonal-az-ab2procsapat-tagjai-szamara-a-foldkozi-tenger-partjan\/\",\"url\":\"https:\/\/www.ab2pro.com\/hu\/nizza-egy-felejthetetlen-muveszetekkel-teli-utvonal-az-ab2procsapat-tagjai-szamara-a-foldkozi-tenger-partjan\/\",\"name\":\"Nizza Egy Felejthetetlen Muveszetekkel Teli | AB2PRO\",\"isPartOf\":{\"@id\":\"https:\/\/www.ab2pro.com\/hu\/#website\"},\"primaryImageOfPage\":{\"@id\":\"https:\/\/www.ab2pro.com\/hu\/nizza-egy-felejthetetlen-muveszetekkel-teli-utvonal-az-ab2procsapat-tagjai-szamara-a-foldkozi-tenger-partjan\/#primaryimage\"},\"image\":{\"@id\":\"https:\/\/www.ab2pro.com\/hu\/nizza-egy-felejthetetlen-muveszetekkel-teli-utvonal-az-ab2procsapat-tagjai-szamara-a-foldkozi-tenger-partjan\/#primaryimage\"},\"thumbnailUrl\":\"https:\/\/www.ab2pro.com\/wp-content\/uploads\/2024\/01\/promenade-des-anglais-nice-scaled.jpg\",\"datePublished\":\"2024-06-24T08:16:23+00:00\",\"dateModified\":\"2025-12-24T09:24:12+00:00\",\"description\":\"Nizza, egy felejthetetlen, m\u0171v\u00e9szetekkel teli \u00fatvonal az AB2PROCSAPAT tagjai sz\u00e1m\u00e1ra a F\u00f6ldk\u00f6zi-tenger partj\u00e1n.\",\"breadcrumb\":{\"@id\":\"https:\/\/www.ab2pro.com\/hu\/nizza-egy-felejthetetlen-muveszetekkel-teli-utvonal-az-ab2procsapat-tagjai-szamara-a-foldkozi-tenger-partjan\/#breadcrumb\"},\"inLanguage\":\"hu\",\"potentialAction\":[{\"@type\":\"ReadAction\",\"target\":[\"https:\/\/www.ab2pro.com\/hu\/nizza-egy-felejthetetlen-muveszetekkel-teli-utvonal-az-ab2procsapat-tagjai-szamara-a-foldkozi-tenger-partjan\/\"]}]},{\"@type\":\"ImageObject\",\"inLanguage\":\"hu\",\"@id\":\"https:\/\/www.ab2pro.com\/hu\/nizza-egy-felejthetetlen-muveszetekkel-teli-utvonal-az-ab2procsapat-tagjai-szamara-a-foldkozi-tenger-partjan\/#primaryimage\",\"url\":\"https:\/\/www.ab2pro.com\/wp-content\/uploads\/2024\/01\/promenade-des-anglais-nice-scaled.jpg\",\"contentUrl\":\"https:\/\/www.ab2pro.com\/wp-content\/uploads\/2024\/01\/promenade-des-anglais-nice-scaled.jpg\",\"width\":2048,\"height\":1365},{\"@type\":\"BreadcrumbList\",\"@id\":\"https:\/\/www.ab2pro.com\/hu\/nizza-egy-felejthetetlen-muveszetekkel-teli-utvonal-az-ab2procsapat-tagjai-szamara-a-foldkozi-tenger-partjan\/#breadcrumb\",\"itemListElement\":[{\"@type\":\"ListItem\",\"position\":1,\"name\":\"Accueil\",\"item\":\"https:\/\/www.ab2pro.com\/hu\/\"},{\"@type\":\"ListItem\",\"position\":2,\"name\":\"Nizza, egy felejthetetlen, m\u0171v\u00e9szetekkel teli \u00fatvonal az AB2PROCSAPAT tagjai sz\u00e1m\u00e1ra a F\u00f6ldk\u00f6zi-tenger partj\u00e1n.\"}]},{\"@type\":\"WebSite\",\"@id\":\"https:\/\/www.ab2pro.com\/hu\/#website\",\"url\":\"https:\/\/www.ab2pro.com\/hu\/\",\"name\":\"AB2PRO\",\"description\":\"Agence d&#039;emploi sp\u00e9cialis\u00e9e dans le recrutement de travailleurs europ\u00e9ens\",\"publisher\":{\"@id\":\"https:\/\/www.ab2pro.com\/hu\/#organization\"},\"potentialAction\":[{\"@type\":\"SearchAction\",\"target\":{\"@type\":\"EntryPoint\",\"urlTemplate\":\"https:\/\/www.ab2pro.com\/hu\/?s={search_term_string}\"},\"query-input\":{\"@type\":\"PropertyValueSpecification\",\"valueRequired\":true,\"valueName\":\"search_term_string\"}}],\"inLanguage\":\"hu\"},{\"@type\":\"Organization\",\"@id\":\"https:\/\/www.ab2pro.com\/hu\/#organization\",\"name\":\"AB2PRO\",\"url\":\"https:\/\/www.ab2pro.com\/hu\/\",\"logo\":{\"@type\":\"ImageObject\",\"inLanguage\":\"hu\",\"@id\":\"https:\/\/www.ab2pro.com\/hu\/#\/schema\/logo\/image\/\",\"url\":\"https:\/\/www.ab2pro.com\/wp-content\/uploads\/2020\/11\/logo-profil.png\",\"contentUrl\":\"https:\/\/www.ab2pro.com\/wp-content\/uploads\/2020\/11\/logo-profil.png\",\"width\":230,\"height\":47,\"caption\":\"AB2PRO\"},\"image\":{\"@id\":\"https:\/\/www.ab2pro.com\/hu\/#\/schema\/logo\/image\/\"}},{\"@type\":\"Person\",\"@id\":\"https:\/\/www.ab2pro.com\/hu\/#\/schema\/person\/54c8bff9be55097e2298932a5903940e\",\"name\":\"Rossil\u00e8ne DOMOISON-SICARD\",\"image\":{\"@type\":\"ImageObject\",\"inLanguage\":\"hu\",\"@id\":\"https:\/\/www.ab2pro.com\/hu\/#\/schema\/person\/image\/\",\"url\":\"https:\/\/secure.gravatar.com\/avatar\/e33b91d9b8fa9fa2306743f1fb62f11c?s=96&d=mm&r=g\",\"contentUrl\":\"https:\/\/secure.gravatar.com\/avatar\/e33b91d9b8fa9fa2306743f1fb62f11c?s=96&d=mm&r=g\",\"caption\":\"Rossil\u00e8ne DOMOISON-SICARD\"}}]}<\/script>\n<!-- \/ Yoast SEO plugin. -->","yoast_head_json":{"title":"Nizza Egy Felejthetetlen Muveszetekkel Teli | AB2PRO","description":"Nizza, egy felejthetetlen, m\u0171v\u00e9szetekkel teli \u00fatvonal az AB2PROCSAPAT tagjai sz\u00e1m\u00e1ra a F\u00f6ldk\u00f6zi-tenger partj\u00e1n.","robots":{"index":"index","follow":"follow","max-snippet":"max-snippet:-1","max-image-preview":"max-image-preview:large","max-video-preview":"max-video-preview:-1"},"canonical":"https:\/\/www.ab2pro.com\/hu\/nizza-egy-felejthetetlen-muveszetekkel-teli-utvonal-az-ab2procsapat-tagjai-szamara-a-foldkozi-tenger-partjan\/","og_locale":"hu_HU","og_type":"article","og_title":"Nizza Egy Felejthetetlen Muveszetekkel Teli | AB2PRO","og_description":"Nizza, egy felejthetetlen, m\u0171v\u00e9szetekkel teli \u00fatvonal az AB2PROCSAPAT tagjai sz\u00e1m\u00e1ra a F\u00f6ldk\u00f6zi-tenger partj\u00e1n.","og_url":"https:\/\/www.ab2pro.com\/hu\/nizza-egy-felejthetetlen-muveszetekkel-teli-utvonal-az-ab2procsapat-tagjai-szamara-a-foldkozi-tenger-partjan\/","og_site_name":"AB2PRO","article_published_time":"2024-06-24T08:16:23+00:00","article_modified_time":"2025-12-24T09:24:12+00:00","og_image":[{"width":2048,"height":1365,"url":"https:\/\/www.ab2pro.com\/wp-content\/uploads\/2024\/01\/promenade-des-anglais-nice-scaled.jpg","type":"image\/jpeg"}],"author":"Rossil\u00e8ne DOMOISON-SICARD","twitter_card":"summary_large_image","twitter_misc":{"Szerz\u0151:":"Rossil\u00e8ne DOMOISON-SICARD","Becs\u00fclt olvas\u00e1si id\u0151":"3 perc"},"schema":{"@context":"https:\/\/schema.org","@graph":[{"@type":"Article","@id":"https:\/\/www.ab2pro.com\/hu\/nizza-egy-felejthetetlen-muveszetekkel-teli-utvonal-az-ab2procsapat-tagjai-szamara-a-foldkozi-tenger-partjan\/#article","isPartOf":{"@id":"https:\/\/www.ab2pro.com\/hu\/nizza-egy-felejthetetlen-muveszetekkel-teli-utvonal-az-ab2procsapat-tagjai-szamara-a-foldkozi-tenger-partjan\/"},"author":{"name":"Rossil\u00e8ne DOMOISON-SICARD","@id":"https:\/\/www.ab2pro.com\/hu\/#\/schema\/person\/54c8bff9be55097e2298932a5903940e"},"headline":"Nizza, egy felejthetetlen, m\u0171v\u00e9szetekkel teli \u00fatvonal az AB2PROCSAPAT tagjai sz\u00e1m\u00e1ra a F\u00f6ldk\u00f6zi-tenger partj\u00e1n.","datePublished":"2024-06-24T08:16:23+00:00","dateModified":"2025-12-24T09:24:12+00:00","mainEntityOfPage":{"@id":"https:\/\/www.ab2pro.com\/hu\/nizza-egy-felejthetetlen-muveszetekkel-teli-utvonal-az-ab2procsapat-tagjai-szamara-a-foldkozi-tenger-partjan\/"},"wordCount":813,"publisher":{"@id":"https:\/\/www.ab2pro.com\/hu\/#organization"},"image":{"@id":"https:\/\/www.ab2pro.com\/hu\/nizza-egy-felejthetetlen-muveszetekkel-teli-utvonal-az-ab2procsapat-tagjai-szamara-a-foldkozi-tenger-partjan\/#primaryimage"},"thumbnailUrl":"https:\/\/www.ab2pro.com\/wp-content\/uploads\/2024\/01\/promenade-des-anglais-nice-scaled.jpg","articleSection":["Fedezze fel Franciaorsz\u00e1got","Kezd\u0151lap kiemel\u00e9se","Tudta-e?"],"inLanguage":"hu"},{"@type":"WebPage","@id":"https:\/\/www.ab2pro.com\/hu\/nizza-egy-felejthetetlen-muveszetekkel-teli-utvonal-az-ab2procsapat-tagjai-szamara-a-foldkozi-tenger-partjan\/","url":"https:\/\/www.ab2pro.com\/hu\/nizza-egy-felejthetetlen-muveszetekkel-teli-utvonal-az-ab2procsapat-tagjai-szamara-a-foldkozi-tenger-partjan\/","name":"Nizza Egy Felejthetetlen Muveszetekkel Teli | AB2PRO","isPartOf":{"@id":"https:\/\/www.ab2pro.com\/hu\/#website"},"primaryImageOfPage":{"@id":"https:\/\/www.ab2pro.com\/hu\/nizza-egy-felejthetetlen-muveszetekkel-teli-utvonal-az-ab2procsapat-tagjai-szamara-a-foldkozi-tenger-partjan\/#primaryimage"},"image":{"@id":"https:\/\/www.ab2pro.com\/hu\/nizza-egy-felejthetetlen-muveszetekkel-teli-utvonal-az-ab2procsapat-tagjai-szamara-a-foldkozi-tenger-partjan\/#primaryimage"},"thumbnailUrl":"https:\/\/www.ab2pro.com\/wp-content\/uploads\/2024\/01\/promenade-des-anglais-nice-scaled.jpg","datePublished":"2024-06-24T08:16:23+00:00","dateModified":"2025-12-24T09:24:12+00:00","description":"Nizza, egy felejthetetlen, m\u0171v\u00e9szetekkel teli \u00fatvonal az AB2PROCSAPAT tagjai sz\u00e1m\u00e1ra a F\u00f6ldk\u00f6zi-tenger partj\u00e1n.","breadcrumb":{"@id":"https:\/\/www.ab2pro.com\/hu\/nizza-egy-felejthetetlen-muveszetekkel-teli-utvonal-az-ab2procsapat-tagjai-szamara-a-foldkozi-tenger-partjan\/#breadcrumb"},"inLanguage":"hu","potentialAction":[{"@type":"ReadAction","target":["https:\/\/www.ab2pro.com\/hu\/nizza-egy-felejthetetlen-muveszetekkel-teli-utvonal-az-ab2procsapat-tagjai-szamara-a-foldkozi-tenger-partjan\/"]}]},{"@type":"ImageObject","inLanguage":"hu","@id":"https:\/\/www.ab2pro.com\/hu\/nizza-egy-felejthetetlen-muveszetekkel-teli-utvonal-az-ab2procsapat-tagjai-szamara-a-foldkozi-tenger-partjan\/#primaryimage","url":"https:\/\/www.ab2pro.com\/wp-content\/uploads\/2024\/01\/promenade-des-anglais-nice-scaled.jpg","contentUrl":"https:\/\/www.ab2pro.com\/wp-content\/uploads\/2024\/01\/promenade-des-anglais-nice-scaled.jpg","width":2048,"height":1365},{"@type":"BreadcrumbList","@id":"https:\/\/www.ab2pro.com\/hu\/nizza-egy-felejthetetlen-muveszetekkel-teli-utvonal-az-ab2procsapat-tagjai-szamara-a-foldkozi-tenger-partjan\/#breadcrumb","itemListElement":[{"@type":"ListItem","position":1,"name":"Accueil","item":"https:\/\/www.ab2pro.com\/hu\/"},{"@type":"ListItem","position":2,"name":"Nizza, egy felejthetetlen, m\u0171v\u00e9szetekkel teli \u00fatvonal az AB2PROCSAPAT tagjai sz\u00e1m\u00e1ra a F\u00f6ldk\u00f6zi-tenger partj\u00e1n."}]},{"@type":"WebSite","@id":"https:\/\/www.ab2pro.com\/hu\/#website","url":"https:\/\/www.ab2pro.com\/hu\/","name":"AB2PRO","description":"Agence d&#039;emploi sp\u00e9cialis\u00e9e dans le recrutement de travailleurs europ\u00e9ens","publisher":{"@id":"https:\/\/www.ab2pro.com\/hu\/#organization"},"potentialAction":[{"@type":"SearchAction","target":{"@type":"EntryPoint","urlTemplate":"https:\/\/www.ab2pro.com\/hu\/?s={search_term_string}"},"query-input":{"@type":"PropertyValueSpecification","valueRequired":true,"valueName":"search_term_string"}}],"inLanguage":"hu"},{"@type":"Organization","@id":"https:\/\/www.ab2pro.com\/hu\/#organization","name":"AB2PRO","url":"https:\/\/www.ab2pro.com\/hu\/","logo":{"@type":"ImageObject","inLanguage":"hu","@id":"https:\/\/www.ab2pro.com\/hu\/#\/schema\/logo\/image\/","url":"https:\/\/www.ab2pro.com\/wp-content\/uploads\/2020\/11\/logo-profil.png","contentUrl":"https:\/\/www.ab2pro.com\/wp-content\/uploads\/2020\/11\/logo-profil.png","width":230,"height":47,"caption":"AB2PRO"},"image":{"@id":"https:\/\/www.ab2pro.com\/hu\/#\/schema\/logo\/image\/"}},{"@type":"Person","@id":"https:\/\/www.ab2pro.com\/hu\/#\/schema\/person\/54c8bff9be55097e2298932a5903940e","name":"Rossil\u00e8ne DOMOISON-SICARD","image":{"@type":"ImageObject","inLanguage":"hu","@id":"https:\/\/www.ab2pro.com\/hu\/#\/schema\/person\/image\/","url":"https:\/\/secure.gravatar.com\/avatar\/e33b91d9b8fa9fa2306743f1fb62f11c?s=96&d=mm&r=g","contentUrl":"https:\/\/secure.gravatar.com\/avatar\/e33b91d9b8fa9fa2306743f1fb62f11c?s=96&d=mm&r=g","caption":"Rossil\u00e8ne DOMOISON-SICARD"}}]}},"_links":{"self":[{"href":"https:\/\/www.ab2pro.com\/hu\/wp-json\/wp\/v2\/posts\/65590","targetHints":{"allow":["GET"]}}],"collection":[{"href":"https:\/\/www.ab2pro.com\/hu\/wp-json\/wp\/v2\/posts"}],"about":[{"href":"https:\/\/www.ab2pro.com\/hu\/wp-json\/wp\/v2\/types\/post"}],"author":[{"embeddable":true,"href":"https:\/\/www.ab2pro.com\/hu\/wp-json\/wp\/v2\/users\/5391"}],"replies":[{"embeddable":true,"href":"https:\/\/www.ab2pro.com\/hu\/wp-json\/wp\/v2\/comments?post=65590"}],"version-history":[{"count":0,"href":"https:\/\/www.ab2pro.com\/hu\/wp-json\/wp\/v2\/posts\/65590\/revisions"}],"wp:featuredmedia":[{"embeddable":true,"href":"https:\/\/www.ab2pro.com\/hu\/wp-json\/wp\/v2\/media\/57547"}],"wp:attachment":[{"href":"https:\/\/www.ab2pro.com\/hu\/wp-json\/wp\/v2\/media?parent=65590"}],"wp:term":[{"taxonomy":"category","embeddable":true,"href":"https:\/\/www.ab2pro.com\/hu\/wp-json\/wp\/v2\/categories?post=65590"},{"taxonomy":"post_tag","embeddable":true,"href":"https:\/\/www.ab2pro.com\/hu\/wp-json\/wp\/v2\/tags?post=65590"}],"curies":[{"name":"wp","href":"https:\/\/api.w.org\/{rel}","templated":true}]}}