
{"id":60990,"date":"2024-02-01T14:30:38","date_gmt":"2024-02-01T13:30:38","guid":{"rendered":"https:\/\/www.ab2pro.com\/strasburg-epopeja-w-czasie-i-kolorach-zaczarowana-trasa\/"},"modified":"2025-07-15T16:56:58","modified_gmt":"2025-07-15T14:56:58","slug":"strasburg-epopeja-w-czasie-i-kolorach-zaczarowana-trasa","status":"publish","type":"post","link":"https:\/\/www.ab2pro.com\/pl\/strasburg-epopeja-w-czasie-i-kolorach-zaczarowana-trasa\/","title":{"rendered":"Strasburg, epopeja w czasie i kolorach: zaczarowana trasa"},"content":{"rendered":"<p>[vc_row][vc_column][vc_column_text css_animation=&#8221;fadeInDown&#8221;]Witamy w tej epickiej podr\u00f3\u017cy ulicami Strasburga, gdzie ka\u017cda ulica i ka\u017cdy plac ods\u0142ania cz\u0119\u015b\u0107 historii tego t\u0119tni\u0105cego \u017cyciem miasta. Post\u0119puj zgodnie z tym szczeg\u00f3\u0142owym przewodnikiem, aby prze\u017cy\u0107 niezapomnian\u0105 przygod\u0119 w czasie[\/vc_column_text][\/vc_column][\/vc_row][vc_row][vc_column][vc_column_text css_animation=&#8221;fadeInDown&#8221;]<\/p>\n<h2>Plan podr\u00f3\u017cy<\/h2>\n<p>[\/vc_column_text][\/vc_column][\/vc_row][vc_row][vc_column width=&#8221;1\/2&#8243;][vc_single_image image=&#8221;55696&#8243; img_size=&#8221;960&#215;960&#8243; css_animation=&#8221;fadeIn&#8221;][\/vc_column][vc_column width=&#8221;1\/2&#8243;][vc_column_text css_animation=&#8221;fadeIn&#8221;]<\/p>\n<h3>1. Wyjazd : La Petite France<\/h3>\n<p>Rozpocznij swoj\u0105 podr\u00f3\u017c w charakterystycznej dzielnicy La Petite France, gdzie brukowane uliczki Rue des Moulins szepcz\u0105 historie z przesz\u0142o\u015bci. Spaceruj kana\u0142ami i daj si\u0119 oczarowa\u0107 fasadom z muru pruskiego, kt\u00f3re zdaj\u0105 si\u0119 skrywa\u0107 tajemnice minionych wiek\u00f3w.[\/vc_column_text][vc_column_text css_animation=&#8221;fadeIn&#8221;]<\/p>\n<h3>2. W stron\u0119 historycznego serca: Rue des Dentelles<\/h3>\n<p>Opu\u015b\u0107 La Petite France, kieruj\u0105c si\u0119 Rue des Dentelles. Ta kr\u0119ta uliczka poprowadzi Ci\u0119 przez w\u0105skie przej\u015bcia i malownicze wewn\u0119trzne dziedzi\u0144ce. Odcienie ochry i odcienie zieleni okiennic tworz\u0105 ciep\u0142\u0105 atmosfer\u0119, zach\u0119caj\u0105c do odkrywania ka\u017cdego zak\u0105tka.[\/vc_column_text][\/vc_column][\/vc_row][vc_row][vc_column width=&#8221;1\/2&#8243;][vc_column_text css_animation=&#8221;fadeIn&#8221;]<\/p>\n<h3>3. Przerwa kulturalna: Muzeum Historyczne w Strasburgu<\/h3>\n<p>Kieruj si\u0119 na p\u00f3\u0142noc, pod\u0105\u017caj\u0105c Rue du Bain-aux-Plantes, kt\u00f3ra zaprowadzi Ci\u0119 do Muzeum Historycznego w Strasburgu. Muzeum, mieszcz\u0105ce si\u0119 we wspania\u0142ym budynku z XVI wieku, oferuje fascynuj\u0105cy wgl\u0105d w lokaln\u0105 histori\u0119, od staro\u017cytno\u015bci po wsp\u00f3\u0142czesno\u015b\u0107.[\/vc_column_text][vc_column_text css_animation=&#8221;fadeIn&#8221;]<\/p>\n<h3>4. \u015aredniowieczny urok: kryte mosty i rynek Gayot<\/h3>\n<p>Kieruj si\u0119 na wsch\u00f3d, aby dotrze\u0107 do s\u0142ynnych krytych most\u00f3w przez Rue des Moulins. Przejd\u017a przez to przesi\u0105kni\u0119te histori\u0105 miejsce, kieruj\u0105c si\u0119 Rue du 22 Novembre do Place du March\u00e9 Gayot. Kolorowe stragany o\u017cywiaj\u0105 to miejsce, w kt\u00f3rym handel istnieje od wiek\u00f3w.[\/vc_column_text][\/vc_column][vc_column width=&#8221;1\/2&#8243;][vc_single_image image=&#8221;55680&#8243; img_size=&#8221;960&#215;960&#8243; css_animation=&#8221;fadeIn&#8221;][\/vc_column][\/vc_row][vc_row][vc_column width=&#8221;1\/2&#8243;][vc_single_image image=&#8221;33433&#8243; img_size=&#8221;960&#215;960&#8243; css_animation=&#8221;fadeIn&#8221;][\/vc_column][vc_column width=&#8221;1\/2&#8243;][vc_column_text css_animation=&#8221;fadeIn&#8221;]<\/p>\n<h3>5. W stron\u0119 architektonicznego apogeum: Katedra Notre-Dame<\/h3>\n<p>Kontynuuj podr\u00f3\u017c w g\u00f3r\u0119 Rue du Maroquin, aby dotrze\u0107 do majestatycznej katedry Notre-Dame. Ka\u017cdy szczeg\u00f3\u0142 tego gotyckiego cudu opowiada jak\u0105\u015b histori\u0119, od gargulc\u00f3w stra\u017cniczych po rze\u017aby zdobi\u0105ce fasad\u0119.[\/vc_column_text][vc_column_text css_animation=&#8221;fadeIn&#8221;]<\/p>\n<h3>6. Pi\u0119kna Ko\u0144c\u00f3wka : dzielnica Kruteneau<\/h3>\n<p>Zako\u0144cz spacer zwiedzaniem dzielnicy Krutenau, po\u0142o\u017conej na po\u0142udnie od Wielkiej Wyspy. Okolica ta pe\u0142na jest kawiarni, sklep\u00f3w i cichych uliczek. Wybierz Rue de la Krutenau, aby po raz ostatni zanurzy\u0107 si\u0119 w codziennym \u017cyciu Strasburga.[\/vc_column_text][\/vc_column][\/vc_row][vc_row][vc_column][vc_column_text css_animation=&#8221;fadeIn&#8221;]Pod\u0105\u017caj\u0105c t\u0105 obszern\u0105 tras\u0105, ka\u017cda ulica, kt\u00f3r\u0105 przejdziesz, stanie si\u0119 rozdzia\u0142em twojej eksploracji przez czasy i kolory Strasburga. Nie spiesz si\u0119, aby wch\u0142on\u0105\u0107 niepowtarzaln\u0105 atmosfer\u0119 ka\u017cdej dzielnicy i da\u0107 si\u0119 ponie\u015b\u0107 urokowi tego r\u00f3\u017cnorodnego miasta. Mi\u0142ej przygody ! Dla tych, kt\u00f3rzy nie s\u0105 jeszcze cz\u0142onkami #AB2PROTEAM, a chcieliby skorzysta\u0107 z misji do Strasburga, aby odkry\u0107 to wspania\u0142e miasto, oto <a href=\"https:\/\/www.ab2pro.com\/pl\/oferty-pracy-francja\/\">ona<\/a>![\/vc_column_text][\/vc_column][\/vc_row]<\/p>\n","protected":false},"excerpt":{"rendered":"<p>Strasburg, jedna z kulturalnych stolic Francji. Aby odkry\u0107 j\u0105 najlepsz\u0105 mo\u017cliw\u0105 tras\u0105, wystarczy nam zaufa\u0107! <\/p>\n","protected":false},"author":5391,"featured_media":55696,"comment_status":"closed","ping_status":"closed","sticky":false,"template":"","format":"standard","meta":{"_acf_changed":false,"footnotes":""},"categories":[699,830,647,700],"tags":[],"class_list":["post-60990","post","type-post","status-publish","format-standard","has-post-thumbnail","hentry","category-czy-wiedziales","category-odkryj-europe-z-ab2pro","category-odkryj-francje","category-podswietlenie-strony-glownej"],"acf":[],"yoast_head":"<!-- This site is optimized with the Yoast SEO plugin v26.8 - https:\/\/yoast.com\/product\/yoast-seo-wordpress\/ -->\n<title>Strasburg, epopeja w czasie i kolorach: zaczarowana trasa - AB2PRO<\/title>\n<meta name=\"description\" content=\"Strasburg, epopeja w czasie i kolorach: zaczarowana trasa\" \/>\n<meta name=\"robots\" content=\"index, follow, max-snippet:-1, max-image-preview:large, max-video-preview:-1\" \/>\n<link rel=\"canonical\" href=\"https:\/\/www.ab2pro.com\/pl\/strasburg-epopeja-w-czasie-i-kolorach-zaczarowana-trasa\/\" \/>\n<meta property=\"og:locale\" content=\"pl_PL\" \/>\n<meta property=\"og:type\" content=\"article\" \/>\n<meta property=\"og:title\" content=\"Strasburg, epopeja w czasie i kolorach: zaczarowana trasa - AB2PRO\" \/>\n<meta property=\"og:description\" content=\"Strasburg, epopeja w czasie i kolorach: zaczarowana trasa\" \/>\n<meta property=\"og:url\" content=\"https:\/\/www.ab2pro.com\/pl\/strasburg-epopeja-w-czasie-i-kolorach-zaczarowana-trasa\/\" \/>\n<meta property=\"og:site_name\" content=\"AB2PRO\" \/>\n<meta property=\"article:published_time\" content=\"2024-02-01T13:30:38+00:00\" \/>\n<meta property=\"article:modified_time\" content=\"2025-07-15T14:56:58+00:00\" \/>\n<meta property=\"og:image\" content=\"https:\/\/www.ab2pro.com\/wp-content\/uploads\/2023\/12\/strasbourg-ville-scaled.jpg\" \/>\n\t<meta property=\"og:image:width\" content=\"2048\" \/>\n\t<meta property=\"og:image:height\" content=\"1365\" \/>\n\t<meta property=\"og:image:type\" content=\"image\/jpeg\" \/>\n<meta name=\"author\" content=\"Rossil\u00e8ne DOMOISON-SICARD\" \/>\n<meta name=\"twitter:card\" content=\"summary_large_image\" \/>\n<meta name=\"twitter:label1\" content=\"Napisane przez\" \/>\n\t<meta name=\"twitter:data1\" content=\"Rossil\u00e8ne DOMOISON-SICARD\" \/>\n\t<meta name=\"twitter:label2\" content=\"Szacowany czas czytania\" \/>\n\t<meta name=\"twitter:data2\" content=\"3 minuty\" \/>\n<script type=\"application\/ld+json\" class=\"yoast-schema-graph\">{\"@context\":\"https:\/\/schema.org\",\"@graph\":[{\"@type\":\"Article\",\"@id\":\"https:\/\/www.ab2pro.com\/pl\/strasburg-epopeja-w-czasie-i-kolorach-zaczarowana-trasa\/#article\",\"isPartOf\":{\"@id\":\"https:\/\/www.ab2pro.com\/pl\/strasburg-epopeja-w-czasie-i-kolorach-zaczarowana-trasa\/\"},\"author\":{\"name\":\"Rossil\u00e8ne DOMOISON-SICARD\",\"@id\":\"https:\/\/www.ab2pro.com\/pl\/#\/schema\/person\/54c8bff9be55097e2298932a5903940e\"},\"headline\":\"Strasburg, epopeja w czasie i kolorach: zaczarowana trasa\",\"datePublished\":\"2024-02-01T13:30:38+00:00\",\"dateModified\":\"2025-07-15T14:56:58+00:00\",\"mainEntityOfPage\":{\"@id\":\"https:\/\/www.ab2pro.com\/pl\/strasburg-epopeja-w-czasie-i-kolorach-zaczarowana-trasa\/\"},\"wordCount\":595,\"publisher\":{\"@id\":\"https:\/\/www.ab2pro.com\/pl\/#organization\"},\"image\":{\"@id\":\"https:\/\/www.ab2pro.com\/pl\/strasburg-epopeja-w-czasie-i-kolorach-zaczarowana-trasa\/#primaryimage\"},\"thumbnailUrl\":\"https:\/\/www.ab2pro.com\/wp-content\/uploads\/2023\/12\/strasbourg-ville-scaled.jpg\",\"articleSection\":[\"Czy wiedzia\u0142e\u015b ?\",\"Odkryj Europ\u0119 z AB2PRO\",\"Odkryj Francj\u0119\",\"Pod\u015bwietlenie Strony G\u0142\u00f3wnej\"],\"inLanguage\":\"pl-PL\"},{\"@type\":\"WebPage\",\"@id\":\"https:\/\/www.ab2pro.com\/pl\/strasburg-epopeja-w-czasie-i-kolorach-zaczarowana-trasa\/\",\"url\":\"https:\/\/www.ab2pro.com\/pl\/strasburg-epopeja-w-czasie-i-kolorach-zaczarowana-trasa\/\",\"name\":\"Strasburg, epopeja w czasie i kolorach: zaczarowana trasa - AB2PRO\",\"isPartOf\":{\"@id\":\"https:\/\/www.ab2pro.com\/pl\/#website\"},\"primaryImageOfPage\":{\"@id\":\"https:\/\/www.ab2pro.com\/pl\/strasburg-epopeja-w-czasie-i-kolorach-zaczarowana-trasa\/#primaryimage\"},\"image\":{\"@id\":\"https:\/\/www.ab2pro.com\/pl\/strasburg-epopeja-w-czasie-i-kolorach-zaczarowana-trasa\/#primaryimage\"},\"thumbnailUrl\":\"https:\/\/www.ab2pro.com\/wp-content\/uploads\/2023\/12\/strasbourg-ville-scaled.jpg\",\"datePublished\":\"2024-02-01T13:30:38+00:00\",\"dateModified\":\"2025-07-15T14:56:58+00:00\",\"description\":\"Strasburg, epopeja w czasie i kolorach: zaczarowana trasa\",\"breadcrumb\":{\"@id\":\"https:\/\/www.ab2pro.com\/pl\/strasburg-epopeja-w-czasie-i-kolorach-zaczarowana-trasa\/#breadcrumb\"},\"inLanguage\":\"pl-PL\",\"potentialAction\":[{\"@type\":\"ReadAction\",\"target\":[\"https:\/\/www.ab2pro.com\/pl\/strasburg-epopeja-w-czasie-i-kolorach-zaczarowana-trasa\/\"]}]},{\"@type\":\"ImageObject\",\"inLanguage\":\"pl-PL\",\"@id\":\"https:\/\/www.ab2pro.com\/pl\/strasburg-epopeja-w-czasie-i-kolorach-zaczarowana-trasa\/#primaryimage\",\"url\":\"https:\/\/www.ab2pro.com\/wp-content\/uploads\/2023\/12\/strasbourg-ville-scaled.jpg\",\"contentUrl\":\"https:\/\/www.ab2pro.com\/wp-content\/uploads\/2023\/12\/strasbourg-ville-scaled.jpg\",\"width\":2048,\"height\":1365},{\"@type\":\"BreadcrumbList\",\"@id\":\"https:\/\/www.ab2pro.com\/pl\/strasburg-epopeja-w-czasie-i-kolorach-zaczarowana-trasa\/#breadcrumb\",\"itemListElement\":[{\"@type\":\"ListItem\",\"position\":1,\"name\":\"Accueil\",\"item\":\"https:\/\/www.ab2pro.com\/pl\/\"},{\"@type\":\"ListItem\",\"position\":2,\"name\":\"Strasburg, epopeja w czasie i kolorach: zaczarowana trasa\"}]},{\"@type\":\"WebSite\",\"@id\":\"https:\/\/www.ab2pro.com\/pl\/#website\",\"url\":\"https:\/\/www.ab2pro.com\/pl\/\",\"name\":\"AB2PRO\",\"description\":\"Agence d&#039;emploi sp\u00e9cialis\u00e9e dans le recrutement de travailleurs europ\u00e9ens\",\"publisher\":{\"@id\":\"https:\/\/www.ab2pro.com\/pl\/#organization\"},\"potentialAction\":[{\"@type\":\"SearchAction\",\"target\":{\"@type\":\"EntryPoint\",\"urlTemplate\":\"https:\/\/www.ab2pro.com\/pl\/?s={search_term_string}\"},\"query-input\":{\"@type\":\"PropertyValueSpecification\",\"valueRequired\":true,\"valueName\":\"search_term_string\"}}],\"inLanguage\":\"pl-PL\"},{\"@type\":\"Organization\",\"@id\":\"https:\/\/www.ab2pro.com\/pl\/#organization\",\"name\":\"AB2PRO\",\"url\":\"https:\/\/www.ab2pro.com\/pl\/\",\"logo\":{\"@type\":\"ImageObject\",\"inLanguage\":\"pl-PL\",\"@id\":\"https:\/\/www.ab2pro.com\/pl\/#\/schema\/logo\/image\/\",\"url\":\"https:\/\/www.ab2pro.com\/wp-content\/uploads\/2020\/11\/logo-profil.png\",\"contentUrl\":\"https:\/\/www.ab2pro.com\/wp-content\/uploads\/2020\/11\/logo-profil.png\",\"width\":230,\"height\":47,\"caption\":\"AB2PRO\"},\"image\":{\"@id\":\"https:\/\/www.ab2pro.com\/pl\/#\/schema\/logo\/image\/\"}},{\"@type\":\"Person\",\"@id\":\"https:\/\/www.ab2pro.com\/pl\/#\/schema\/person\/54c8bff9be55097e2298932a5903940e\",\"name\":\"Rossil\u00e8ne DOMOISON-SICARD\",\"image\":{\"@type\":\"ImageObject\",\"inLanguage\":\"pl-PL\",\"@id\":\"https:\/\/www.ab2pro.com\/pl\/#\/schema\/person\/image\/\",\"url\":\"https:\/\/secure.gravatar.com\/avatar\/e33b91d9b8fa9fa2306743f1fb62f11c?s=96&d=mm&r=g\",\"contentUrl\":\"https:\/\/secure.gravatar.com\/avatar\/e33b91d9b8fa9fa2306743f1fb62f11c?s=96&d=mm&r=g\",\"caption\":\"Rossil\u00e8ne DOMOISON-SICARD\"}}]}<\/script>\n<!-- \/ Yoast SEO plugin. -->","yoast_head_json":{"title":"Strasburg, epopeja w czasie i kolorach: zaczarowana trasa - AB2PRO","description":"Strasburg, epopeja w czasie i kolorach: zaczarowana trasa","robots":{"index":"index","follow":"follow","max-snippet":"max-snippet:-1","max-image-preview":"max-image-preview:large","max-video-preview":"max-video-preview:-1"},"canonical":"https:\/\/www.ab2pro.com\/pl\/strasburg-epopeja-w-czasie-i-kolorach-zaczarowana-trasa\/","og_locale":"pl_PL","og_type":"article","og_title":"Strasburg, epopeja w czasie i kolorach: zaczarowana trasa - AB2PRO","og_description":"Strasburg, epopeja w czasie i kolorach: zaczarowana trasa","og_url":"https:\/\/www.ab2pro.com\/pl\/strasburg-epopeja-w-czasie-i-kolorach-zaczarowana-trasa\/","og_site_name":"AB2PRO","article_published_time":"2024-02-01T13:30:38+00:00","article_modified_time":"2025-07-15T14:56:58+00:00","og_image":[{"width":2048,"height":1365,"url":"https:\/\/www.ab2pro.com\/wp-content\/uploads\/2023\/12\/strasbourg-ville-scaled.jpg","type":"image\/jpeg"}],"author":"Rossil\u00e8ne DOMOISON-SICARD","twitter_card":"summary_large_image","twitter_misc":{"Napisane przez":"Rossil\u00e8ne DOMOISON-SICARD","Szacowany czas czytania":"3 minuty"},"schema":{"@context":"https:\/\/schema.org","@graph":[{"@type":"Article","@id":"https:\/\/www.ab2pro.com\/pl\/strasburg-epopeja-w-czasie-i-kolorach-zaczarowana-trasa\/#article","isPartOf":{"@id":"https:\/\/www.ab2pro.com\/pl\/strasburg-epopeja-w-czasie-i-kolorach-zaczarowana-trasa\/"},"author":{"name":"Rossil\u00e8ne DOMOISON-SICARD","@id":"https:\/\/www.ab2pro.com\/pl\/#\/schema\/person\/54c8bff9be55097e2298932a5903940e"},"headline":"Strasburg, epopeja w czasie i kolorach: zaczarowana trasa","datePublished":"2024-02-01T13:30:38+00:00","dateModified":"2025-07-15T14:56:58+00:00","mainEntityOfPage":{"@id":"https:\/\/www.ab2pro.com\/pl\/strasburg-epopeja-w-czasie-i-kolorach-zaczarowana-trasa\/"},"wordCount":595,"publisher":{"@id":"https:\/\/www.ab2pro.com\/pl\/#organization"},"image":{"@id":"https:\/\/www.ab2pro.com\/pl\/strasburg-epopeja-w-czasie-i-kolorach-zaczarowana-trasa\/#primaryimage"},"thumbnailUrl":"https:\/\/www.ab2pro.com\/wp-content\/uploads\/2023\/12\/strasbourg-ville-scaled.jpg","articleSection":["Czy wiedzia\u0142e\u015b ?","Odkryj Europ\u0119 z AB2PRO","Odkryj Francj\u0119","Pod\u015bwietlenie Strony G\u0142\u00f3wnej"],"inLanguage":"pl-PL"},{"@type":"WebPage","@id":"https:\/\/www.ab2pro.com\/pl\/strasburg-epopeja-w-czasie-i-kolorach-zaczarowana-trasa\/","url":"https:\/\/www.ab2pro.com\/pl\/strasburg-epopeja-w-czasie-i-kolorach-zaczarowana-trasa\/","name":"Strasburg, epopeja w czasie i kolorach: zaczarowana trasa - AB2PRO","isPartOf":{"@id":"https:\/\/www.ab2pro.com\/pl\/#website"},"primaryImageOfPage":{"@id":"https:\/\/www.ab2pro.com\/pl\/strasburg-epopeja-w-czasie-i-kolorach-zaczarowana-trasa\/#primaryimage"},"image":{"@id":"https:\/\/www.ab2pro.com\/pl\/strasburg-epopeja-w-czasie-i-kolorach-zaczarowana-trasa\/#primaryimage"},"thumbnailUrl":"https:\/\/www.ab2pro.com\/wp-content\/uploads\/2023\/12\/strasbourg-ville-scaled.jpg","datePublished":"2024-02-01T13:30:38+00:00","dateModified":"2025-07-15T14:56:58+00:00","description":"Strasburg, epopeja w czasie i kolorach: zaczarowana trasa","breadcrumb":{"@id":"https:\/\/www.ab2pro.com\/pl\/strasburg-epopeja-w-czasie-i-kolorach-zaczarowana-trasa\/#breadcrumb"},"inLanguage":"pl-PL","potentialAction":[{"@type":"ReadAction","target":["https:\/\/www.ab2pro.com\/pl\/strasburg-epopeja-w-czasie-i-kolorach-zaczarowana-trasa\/"]}]},{"@type":"ImageObject","inLanguage":"pl-PL","@id":"https:\/\/www.ab2pro.com\/pl\/strasburg-epopeja-w-czasie-i-kolorach-zaczarowana-trasa\/#primaryimage","url":"https:\/\/www.ab2pro.com\/wp-content\/uploads\/2023\/12\/strasbourg-ville-scaled.jpg","contentUrl":"https:\/\/www.ab2pro.com\/wp-content\/uploads\/2023\/12\/strasbourg-ville-scaled.jpg","width":2048,"height":1365},{"@type":"BreadcrumbList","@id":"https:\/\/www.ab2pro.com\/pl\/strasburg-epopeja-w-czasie-i-kolorach-zaczarowana-trasa\/#breadcrumb","itemListElement":[{"@type":"ListItem","position":1,"name":"Accueil","item":"https:\/\/www.ab2pro.com\/pl\/"},{"@type":"ListItem","position":2,"name":"Strasburg, epopeja w czasie i kolorach: zaczarowana trasa"}]},{"@type":"WebSite","@id":"https:\/\/www.ab2pro.com\/pl\/#website","url":"https:\/\/www.ab2pro.com\/pl\/","name":"AB2PRO","description":"Agence d&#039;emploi sp\u00e9cialis\u00e9e dans le recrutement de travailleurs europ\u00e9ens","publisher":{"@id":"https:\/\/www.ab2pro.com\/pl\/#organization"},"potentialAction":[{"@type":"SearchAction","target":{"@type":"EntryPoint","urlTemplate":"https:\/\/www.ab2pro.com\/pl\/?s={search_term_string}"},"query-input":{"@type":"PropertyValueSpecification","valueRequired":true,"valueName":"search_term_string"}}],"inLanguage":"pl-PL"},{"@type":"Organization","@id":"https:\/\/www.ab2pro.com\/pl\/#organization","name":"AB2PRO","url":"https:\/\/www.ab2pro.com\/pl\/","logo":{"@type":"ImageObject","inLanguage":"pl-PL","@id":"https:\/\/www.ab2pro.com\/pl\/#\/schema\/logo\/image\/","url":"https:\/\/www.ab2pro.com\/wp-content\/uploads\/2020\/11\/logo-profil.png","contentUrl":"https:\/\/www.ab2pro.com\/wp-content\/uploads\/2020\/11\/logo-profil.png","width":230,"height":47,"caption":"AB2PRO"},"image":{"@id":"https:\/\/www.ab2pro.com\/pl\/#\/schema\/logo\/image\/"}},{"@type":"Person","@id":"https:\/\/www.ab2pro.com\/pl\/#\/schema\/person\/54c8bff9be55097e2298932a5903940e","name":"Rossil\u00e8ne DOMOISON-SICARD","image":{"@type":"ImageObject","inLanguage":"pl-PL","@id":"https:\/\/www.ab2pro.com\/pl\/#\/schema\/person\/image\/","url":"https:\/\/secure.gravatar.com\/avatar\/e33b91d9b8fa9fa2306743f1fb62f11c?s=96&d=mm&r=g","contentUrl":"https:\/\/secure.gravatar.com\/avatar\/e33b91d9b8fa9fa2306743f1fb62f11c?s=96&d=mm&r=g","caption":"Rossil\u00e8ne DOMOISON-SICARD"}}]}},"_links":{"self":[{"href":"https:\/\/www.ab2pro.com\/pl\/wp-json\/wp\/v2\/posts\/60990","targetHints":{"allow":["GET"]}}],"collection":[{"href":"https:\/\/www.ab2pro.com\/pl\/wp-json\/wp\/v2\/posts"}],"about":[{"href":"https:\/\/www.ab2pro.com\/pl\/wp-json\/wp\/v2\/types\/post"}],"author":[{"embeddable":true,"href":"https:\/\/www.ab2pro.com\/pl\/wp-json\/wp\/v2\/users\/5391"}],"replies":[{"embeddable":true,"href":"https:\/\/www.ab2pro.com\/pl\/wp-json\/wp\/v2\/comments?post=60990"}],"version-history":[{"count":0,"href":"https:\/\/www.ab2pro.com\/pl\/wp-json\/wp\/v2\/posts\/60990\/revisions"}],"wp:featuredmedia":[{"embeddable":true,"href":"https:\/\/www.ab2pro.com\/pl\/wp-json\/wp\/v2\/media\/55696"}],"wp:attachment":[{"href":"https:\/\/www.ab2pro.com\/pl\/wp-json\/wp\/v2\/media?parent=60990"}],"wp:term":[{"taxonomy":"category","embeddable":true,"href":"https:\/\/www.ab2pro.com\/pl\/wp-json\/wp\/v2\/categories?post=60990"},{"taxonomy":"post_tag","embeddable":true,"href":"https:\/\/www.ab2pro.com\/pl\/wp-json\/wp\/v2\/tags?post=60990"}],"curies":[{"name":"wp","href":"https:\/\/api.w.org\/{rel}","templated":true}]}}