
{"id":36227,"date":"2022-08-30T11:10:57","date_gmt":"2022-08-30T09:10:57","guid":{"rendered":"https:\/\/www.ab2pro.com\/como-e-celebrado-o-natal-na-polonia\/"},"modified":"2025-07-11T16:57:12","modified_gmt":"2025-07-11T14:57:12","slug":"como-e-celebrado-o-natal-na-polonia","status":"publish","type":"post","link":"https:\/\/www.ab2pro.com\/pt-pt\/como-e-celebrado-o-natal-na-polonia\/","title":{"rendered":"Como \u00e9 celebrado o Natal na Pol\u00f3nia?"},"content":{"rendered":"<p>[vc_row][vc_column width=&#8221;1\/2&#8243;][vc_single_image image=&#8221;33501&#8243; img_size=&#8221;960&#215;960&#8243; alignment=&#8221;center&#8221; css_animation=&#8221;fadeIn&#8221;][\/vc_column][vc_column width=&#8221;1\/2&#8243;][vc_column_text css_animation=&#8221;fadeIn&#8221;]<\/p>\n<h2>6 de Dezembro na Pol\u00f3nia<\/h2>\n<p>Alguns dias antes de 6 de Dezembro, pequenos polacos escrevem cartas a S\u00e3o Nicolau &#8211; chamadas na Pol\u00f3nia &#8220;\u015awi\u0119ty Miko\u0142aj&#8221; &#8211; nas quais dizem o qu\u00e3o bem se comportaram e enumeram os presentes que gostariam de receber. Depois deixam as cartas no peitoril da janela. Na noite de 5 de Dezembro, antes de irem para a cama, as crian\u00e7as deixam leite e bolos para S\u00e3o Nicolau, que vir\u00e1 durante a noite&#8230;<\/p>\n<p>Na noite de 5-6 de Dezembro, \u015awi\u0119ty Miko\u0142aj vem misteriosamente deixar cair presentes debaixo da almofada, nos chinelos, ou aos p\u00e9s da cama (dependendo da regi\u00e3o) de cada crian\u00e7a&#8230; bem&#8230; n\u00e3o \u00e9 bem assim! Apenas as crian\u00e7as que foram boas ao longo do ano s\u00e3o recompensadas, enquanto que as que n\u00e3o foram boas recebem um pacote de ramos &#8211; chamado &#8220;r\u00f3zga&#8221;.<\/p>\n<p>De onde vem esta tradi\u00e7\u00e3o de S\u00e3o Nicolau? Esta figura, vestida com uma t\u00fanica vermelha e uma mitra de bispo, segurando na m\u00e3o um bast\u00e3o pastoral, viveu nos s\u00e9culos III e IV. Foi o bispo de Myra e \u00e9 mais conhecido por distribuir a sua grande riqueza aos pobres. Morreu a 6 de Dezembro. Assim, no Dia de S\u00e3o Nicolau, foi criada a tradi\u00e7\u00e3o de ajudar os mais pobres e depois, por extens\u00e3o, recompensar as boas crian\u00e7as.[\/vc_column_text][\/vc_column][\/vc_row][vc_row][vc_column width=&#8221;1\/2&#8243;][vc_column_text css_animation=&#8221;fadeIn&#8221;]<\/p>\n<h2>Natal na Pol\u00f3nia<\/h2>\n<p>O Natal \u00e9 o feriado mais importante do ano para muitos polacos. Al\u00e9m disso, h\u00e1 muitas tradi\u00e7\u00f5es e costumes associados a este feriado muito familiar e solene.<\/p>\n<p>O Natal na Pol\u00f3nia come\u00e7a em 24 de Dezembro com a v\u00e9spera de Natal (Wigilia), que \u00e9 o ponto alto da \u00e9poca. Mas antes de come\u00e7ar a comer, vale a pena conhecer alguns costumes e tradi\u00e7\u00f5es para descobrir um Natal polaco \ud83d\ude09<\/p>\n<h2>Feno debaixo da toalha de mesa<\/h2>\n<p>As festividades come\u00e7am com a prepara\u00e7\u00e3o da mesa. Debaixo de uma toalha de mesa branca, alguns fios de feno s\u00e3o espalhados, um s\u00edmbolo da pobreza em que Jesus nasceu.<br \/>\nAcredita-se que com o mesmo feno, os anfitri\u00f5es asseguram a sua prosperidade para o ano seguinte.[\/vc_column_text][\/vc_column][vc_column width=&#8221;1\/2&#8243;][vc_single_image image=&#8221;33509&#8243; img_size=&#8221;960&#215;960&#8243; alignment=&#8221;center&#8221; css_animation=&#8221;fadeIn&#8221;][\/vc_column][\/vc_row][vc_row][vc_column width=&#8221;1\/2&#8243;][vc_images_carousel images=&#8221;33516,33523&#8243; img_size=&#8221;960&#215;960&#8243; css_animation=&#8221;fadeIn&#8221;][\/vc_column][vc_column width=&#8221;1\/2&#8243;][vc_column_text css_animation=&#8221;fadeIn&#8221;]<\/p>\n<h2>Talheres extra na mesa de Natal<\/h2>\n<p>\u00c9 comum deixar um lugar livre \u00e0 mesa para um convidado inesperado ou simbolicamente como um lugar para Cristo. Esta pr\u00e1tica, marcada pela esperan\u00e7a e expectativa, remonta aos tempos da divis\u00e3o e insurrei\u00e7\u00e3o da Pol\u00f3nia, quando as fam\u00edlias esperavam o regresso de um ente querido da pris\u00e3o ou da Sib\u00e9ria.<\/p><h2>A primeira estrela no c\u00e9u<\/h2>\n<p>Vamos para a mesa assim que a primeira estrela aparecer no c\u00e9u. A busca da primeira estrela no c\u00e9u \u00e9 uma refer\u00eancia simb\u00f3lica \u00e0 estrela de Bel\u00e9m que anunciou o nascimento de Jesus.<\/p><h2>Partilhar p\u00e3o \u00e1zimo<\/h2>\n<p>Antes de se sentar, \u00e9 lida uma passagem do Novo Testamento anunciando a chegada de Jesus. Posteriormente, os participantes quebram e partilham o &#8220;op\u0142atek&#8221; (feito de uma folha de p\u00e3o \u00e1zimo), trocam os seus votos. A hist\u00f3ria desta tradi\u00e7\u00e3o remonta aos primeiros crist\u00e3os que partilharam o p\u00e3o.[\/vc_column_text][\/vc_column][\/vc_row][vc_row][vc_column width=&#8221;1\/2&#8243;][vc_column_text css_animation=&#8221;fadeIn&#8221;]<\/p>\n<h2>12 cursos<\/h2>\n<p>Tradicionalmente, os polacos servem doze pratos. Este costume faz refer\u00eancia \u00e0 \u00faltima refei\u00e7\u00e3o que Jesus Cristo tomou com os doze ap\u00f3stolos na noite de Quinta-feira Santa.<br \/>\nPara ter boa sorte no pr\u00f3ximo ano, experimente todos os pratos!<br \/>\nOs pratos tradicionais incluem caldo de beterraba (barszcz), sopa de cogumelos, carpa, chucrute, ravioli de batata e queijo fresco (pierogi), ravioli de couve e cogumelos, bolo de papoila (makowiec)&#8230;<\/p>\n<p>A salada de legumes, a geleia de carpa e outros pratos aparecem frequentemente na mesa festiva, de acordo com as tradi\u00e7\u00f5es familiares e regionais.<br \/>\nA ceia de Natal \u00e9 servida sem carne nem \u00e1lcool.[\/vc_column_text][\/vc_column][vc_column width=&#8221;1\/2&#8243;][vc_images_carousel images=&#8221;33530,33537&#8243; img_size=&#8221;960&#215;960&#8243; css_animation=&#8221;fadeIn&#8221;][\/vc_column][\/vc_row][vc_row][vc_column width=&#8221;1\/2&#8243;][vc_single_image image=&#8221;33544&#8243; img_size=&#8221;960&#215;960&#8243; alignment=&#8221;center&#8221; css_animation=&#8221;fadeIn&#8221;][\/vc_column][vc_column width=&#8221;1\/2&#8243;][vc_column_text css_animation=&#8221;fadeIn&#8221;]<\/p>\n<h2>Can\u00e7\u00f5es de Natal<\/h2>\n<p>Uma das tradi\u00e7\u00f5es polacas \u00e9 tamb\u00e9m a de cantar can\u00e7\u00f5es de Natal ap\u00f3s a refei\u00e7\u00e3o. As mais famosas s\u00e3o, entre outras, &#8220;Les bergers sont venus \u00e0 Bethl\u00e9em&#8221;, &#8220;Douce nuit, sainte nuit&#8221;, &#8220;Quand la Belle Vierge&#8221;. Estas s\u00e3o as can\u00e7\u00f5es que descrevem o nascimento de Jesus. O canto familiar cria uma atmosfera m\u00e1gica e \u00e9 tamb\u00e9m apreciado pelas crian\u00e7as.<\/p><h2>Missa da meia-noite<\/h2>\n<p>Depois dos hinos, todos v\u00e3o \u00e0 missa da meia-noite (&#8220;pasterka&#8221;, missa dos pastores)<\/p>\n<p>Os dias 25 e 26 s\u00e3o feriados, e enquanto o 25\u00ba \u00e9 passado em fam\u00edlia, no 26\u00ba as pessoas v\u00e3o a casa dos amigos para apresentar os seus desejos&#8230; sobre um pequeno copo de vodka e uma travessa de carnes frias![\/vc_column_text][\/vc_column][\/vc_row][vc_row][vc_column width=&#8221;1\/2&#8243;][vc_column_text css_animation=&#8221;fadeIn&#8221;]<\/p>\n<h2>Desfile dos Tr\u00eas Reis<\/h2>\n<p>A \u00e9poca natal\u00edcia termina a 6 de Janeiro com a prociss\u00e3o dos Tr\u00eas Reis Magos.<br \/>\nA 6 de Janeiro, os cat\u00f3licos s\u00e3o obrigados a assistir primeiro \u00e0 Missa, durante a qual compram um saco contendo incenso e um peda\u00e7o de giz. Com giz, inscrevem-se tr\u00eas letras na porta de entrada: K+M+B, as iniciais polacas dos Tr\u00eas Reis Magos, Kasper, Melchior e Balthazar, seguidas do ano.<br \/>\nH\u00e1 ainda o desfile dos Reis Magos na Epifania, que re\u00fane dezenas de milhares de pessoas em todas as grandes cidades polacas, muitas delas vestidas com trajes ex\u00f3ticos multicoloridos, coroas douradas na cabe\u00e7a, etc.[\/vc_column_text][\/vc_column][vc_column width=&#8221;1\/2&#8243;][vc_single_image image=&#8221;33551&#8243; img_size=&#8221;960&#215;960&#8243; alignment=&#8221;center&#8221; css_animation=&#8221;fadeIn&#8221;][\/vc_column][\/vc_row]<\/p>\n","protected":false},"excerpt":{"rendered":"<p>Alguns dias antes de 6 de Dezembro, pequenos polacos escrevem cartas a S\u00e3o Nicolau &#8211; chamadas na Pol\u00f3nia &#8220;\u015awi\u0119ty Miko\u0142aj&#8221; &#8211; nas quais dizem o qu\u00e3o bem se comportaram e enumeram os presentes que gostariam de receber.<\/p>\n","protected":false},"author":18,"featured_media":33494,"comment_status":"closed","ping_status":"closed","sticky":false,"template":"","format":"standard","meta":{"_acf_changed":false,"footnotes":""},"categories":[833,706,583],"tags":[],"class_list":["post-36227","post","type-post","status-publish","format-standard","has-post-thumbnail","hentry","category-descubra-a-europa-com-ab2pro","category-descubra-a-polonia","category-pagina-inicial"],"acf":[],"yoast_head":"<!-- This site is optimized with the Yoast SEO plugin v26.8 - https:\/\/yoast.com\/product\/yoast-seo-wordpress\/ -->\n<title>Como \u00e9 celebrado o Natal na Pol\u00f3nia? - AB2PRO<\/title>\n<meta name=\"description\" content=\"Como \u00e9 celebrado o Natal na Pol\u00f3nia?\" \/>\n<meta name=\"robots\" content=\"index, follow, max-snippet:-1, max-image-preview:large, max-video-preview:-1\" \/>\n<link rel=\"canonical\" href=\"https:\/\/www.ab2pro.com\/pt-pt\/como-e-celebrado-o-natal-na-polonia\/\" \/>\n<meta property=\"og:locale\" content=\"pt_PT\" \/>\n<meta property=\"og:type\" content=\"article\" \/>\n<meta property=\"og:title\" content=\"Como \u00e9 celebrado o Natal na Pol\u00f3nia? - AB2PRO\" \/>\n<meta property=\"og:description\" content=\"Como \u00e9 celebrado o Natal na Pol\u00f3nia?\" \/>\n<meta property=\"og:url\" content=\"https:\/\/www.ab2pro.com\/pt-pt\/como-e-celebrado-o-natal-na-polonia\/\" \/>\n<meta property=\"og:site_name\" content=\"AB2PRO\" \/>\n<meta property=\"article:published_time\" content=\"2022-08-30T09:10:57+00:00\" \/>\n<meta property=\"article:modified_time\" content=\"2025-07-11T14:57:12+00:00\" \/>\n<meta property=\"og:image\" content=\"https:\/\/www.ab2pro.com\/wp-content\/uploads\/2021\/11\/noel-pologne-.jpg\" \/>\n\t<meta property=\"og:image:width\" content=\"408\" \/>\n\t<meta property=\"og:image:height\" content=\"408\" \/>\n\t<meta property=\"og:image:type\" content=\"image\/jpeg\" \/>\n<meta name=\"author\" content=\"AB2ProTradRoumain\" \/>\n<meta name=\"twitter:card\" content=\"summary_large_image\" \/>\n<meta name=\"twitter:label1\" content=\"Escrito por\" \/>\n\t<meta name=\"twitter:data1\" content=\"AB2ProTradRoumain\" \/>\n\t<meta name=\"twitter:label2\" content=\"Tempo estimado de leitura\" \/>\n\t<meta name=\"twitter:data2\" content=\"5 minutos\" \/>\n<script type=\"application\/ld+json\" class=\"yoast-schema-graph\">{\"@context\":\"https:\/\/schema.org\",\"@graph\":[{\"@type\":\"Article\",\"@id\":\"https:\/\/www.ab2pro.com\/pt-pt\/como-e-celebrado-o-natal-na-polonia\/#article\",\"isPartOf\":{\"@id\":\"https:\/\/www.ab2pro.com\/pt-pt\/como-e-celebrado-o-natal-na-polonia\/\"},\"author\":{\"name\":\"AB2ProTradRoumain\",\"@id\":\"https:\/\/www.ab2pro.com\/pt-pt\/#\/schema\/person\/36383d5c06ef2b01ccd75a541a8af27a\"},\"headline\":\"Como \u00e9 celebrado o Natal na Pol\u00f3nia?\",\"datePublished\":\"2022-08-30T09:10:57+00:00\",\"dateModified\":\"2025-07-11T14:57:12+00:00\",\"mainEntityOfPage\":{\"@id\":\"https:\/\/www.ab2pro.com\/pt-pt\/como-e-celebrado-o-natal-na-polonia\/\"},\"wordCount\":1088,\"publisher\":{\"@id\":\"https:\/\/www.ab2pro.com\/pt-pt\/#organization\"},\"image\":{\"@id\":\"https:\/\/www.ab2pro.com\/pt-pt\/como-e-celebrado-o-natal-na-polonia\/#primaryimage\"},\"thumbnailUrl\":\"https:\/\/www.ab2pro.com\/wp-content\/uploads\/2021\/11\/noel-pologne-.jpg\",\"articleSection\":[\"Descubra a Europa com AB2PRO\",\"Descubra a Pol\u00f3nia\",\"P\u00e1gina inicial\"],\"inLanguage\":\"pt-PT\"},{\"@type\":\"WebPage\",\"@id\":\"https:\/\/www.ab2pro.com\/pt-pt\/como-e-celebrado-o-natal-na-polonia\/\",\"url\":\"https:\/\/www.ab2pro.com\/pt-pt\/como-e-celebrado-o-natal-na-polonia\/\",\"name\":\"Como \u00e9 celebrado o Natal na Pol\u00f3nia? - AB2PRO\",\"isPartOf\":{\"@id\":\"https:\/\/www.ab2pro.com\/pt-pt\/#website\"},\"primaryImageOfPage\":{\"@id\":\"https:\/\/www.ab2pro.com\/pt-pt\/como-e-celebrado-o-natal-na-polonia\/#primaryimage\"},\"image\":{\"@id\":\"https:\/\/www.ab2pro.com\/pt-pt\/como-e-celebrado-o-natal-na-polonia\/#primaryimage\"},\"thumbnailUrl\":\"https:\/\/www.ab2pro.com\/wp-content\/uploads\/2021\/11\/noel-pologne-.jpg\",\"datePublished\":\"2022-08-30T09:10:57+00:00\",\"dateModified\":\"2025-07-11T14:57:12+00:00\",\"description\":\"Como \u00e9 celebrado o Natal na Pol\u00f3nia?\",\"breadcrumb\":{\"@id\":\"https:\/\/www.ab2pro.com\/pt-pt\/como-e-celebrado-o-natal-na-polonia\/#breadcrumb\"},\"inLanguage\":\"pt-PT\",\"potentialAction\":[{\"@type\":\"ReadAction\",\"target\":[\"https:\/\/www.ab2pro.com\/pt-pt\/como-e-celebrado-o-natal-na-polonia\/\"]}]},{\"@type\":\"ImageObject\",\"inLanguage\":\"pt-PT\",\"@id\":\"https:\/\/www.ab2pro.com\/pt-pt\/como-e-celebrado-o-natal-na-polonia\/#primaryimage\",\"url\":\"https:\/\/www.ab2pro.com\/wp-content\/uploads\/2021\/11\/noel-pologne-.jpg\",\"contentUrl\":\"https:\/\/www.ab2pro.com\/wp-content\/uploads\/2021\/11\/noel-pologne-.jpg\",\"width\":408,\"height\":408,\"caption\":\"Old Town of Warsaw, capital city of Poland, illuminated at evening during Christmas time.\"},{\"@type\":\"BreadcrumbList\",\"@id\":\"https:\/\/www.ab2pro.com\/pt-pt\/como-e-celebrado-o-natal-na-polonia\/#breadcrumb\",\"itemListElement\":[{\"@type\":\"ListItem\",\"position\":1,\"name\":\"Accueil\",\"item\":\"https:\/\/www.ab2pro.com\/pt-pt\/\"},{\"@type\":\"ListItem\",\"position\":2,\"name\":\"Como \u00e9 celebrado o Natal na Pol\u00f3nia?\"}]},{\"@type\":\"WebSite\",\"@id\":\"https:\/\/www.ab2pro.com\/pt-pt\/#website\",\"url\":\"https:\/\/www.ab2pro.com\/pt-pt\/\",\"name\":\"AB2PRO\",\"description\":\"Agence d&#039;emploi sp\u00e9cialis\u00e9e dans le recrutement de travailleurs europ\u00e9ens\",\"publisher\":{\"@id\":\"https:\/\/www.ab2pro.com\/pt-pt\/#organization\"},\"potentialAction\":[{\"@type\":\"SearchAction\",\"target\":{\"@type\":\"EntryPoint\",\"urlTemplate\":\"https:\/\/www.ab2pro.com\/pt-pt\/?s={search_term_string}\"},\"query-input\":{\"@type\":\"PropertyValueSpecification\",\"valueRequired\":true,\"valueName\":\"search_term_string\"}}],\"inLanguage\":\"pt-PT\"},{\"@type\":\"Organization\",\"@id\":\"https:\/\/www.ab2pro.com\/pt-pt\/#organization\",\"name\":\"AB2PRO\",\"url\":\"https:\/\/www.ab2pro.com\/pt-pt\/\",\"logo\":{\"@type\":\"ImageObject\",\"inLanguage\":\"pt-PT\",\"@id\":\"https:\/\/www.ab2pro.com\/pt-pt\/#\/schema\/logo\/image\/\",\"url\":\"https:\/\/www.ab2pro.com\/wp-content\/uploads\/2020\/11\/logo-profil.png\",\"contentUrl\":\"https:\/\/www.ab2pro.com\/wp-content\/uploads\/2020\/11\/logo-profil.png\",\"width\":230,\"height\":47,\"caption\":\"AB2PRO\"},\"image\":{\"@id\":\"https:\/\/www.ab2pro.com\/pt-pt\/#\/schema\/logo\/image\/\"}},{\"@type\":\"Person\",\"@id\":\"https:\/\/www.ab2pro.com\/pt-pt\/#\/schema\/person\/36383d5c06ef2b01ccd75a541a8af27a\",\"name\":\"AB2ProTradRoumain\",\"image\":{\"@type\":\"ImageObject\",\"inLanguage\":\"pt-PT\",\"@id\":\"https:\/\/www.ab2pro.com\/pt-pt\/#\/schema\/person\/image\/\",\"url\":\"https:\/\/secure.gravatar.com\/avatar\/dec97dbf02524b974da41dadadc61092?s=96&d=mm&r=g\",\"contentUrl\":\"https:\/\/secure.gravatar.com\/avatar\/dec97dbf02524b974da41dadadc61092?s=96&d=mm&r=g\",\"caption\":\"AB2ProTradRoumain\"}}]}<\/script>\n<!-- \/ Yoast SEO plugin. -->","yoast_head_json":{"title":"Como \u00e9 celebrado o Natal na Pol\u00f3nia? - AB2PRO","description":"Como \u00e9 celebrado o Natal na Pol\u00f3nia?","robots":{"index":"index","follow":"follow","max-snippet":"max-snippet:-1","max-image-preview":"max-image-preview:large","max-video-preview":"max-video-preview:-1"},"canonical":"https:\/\/www.ab2pro.com\/pt-pt\/como-e-celebrado-o-natal-na-polonia\/","og_locale":"pt_PT","og_type":"article","og_title":"Como \u00e9 celebrado o Natal na Pol\u00f3nia? - AB2PRO","og_description":"Como \u00e9 celebrado o Natal na Pol\u00f3nia?","og_url":"https:\/\/www.ab2pro.com\/pt-pt\/como-e-celebrado-o-natal-na-polonia\/","og_site_name":"AB2PRO","article_published_time":"2022-08-30T09:10:57+00:00","article_modified_time":"2025-07-11T14:57:12+00:00","og_image":[{"width":408,"height":408,"url":"https:\/\/www.ab2pro.com\/wp-content\/uploads\/2021\/11\/noel-pologne-.jpg","type":"image\/jpeg"}],"author":"AB2ProTradRoumain","twitter_card":"summary_large_image","twitter_misc":{"Escrito por":"AB2ProTradRoumain","Tempo estimado de leitura":"5 minutos"},"schema":{"@context":"https:\/\/schema.org","@graph":[{"@type":"Article","@id":"https:\/\/www.ab2pro.com\/pt-pt\/como-e-celebrado-o-natal-na-polonia\/#article","isPartOf":{"@id":"https:\/\/www.ab2pro.com\/pt-pt\/como-e-celebrado-o-natal-na-polonia\/"},"author":{"name":"AB2ProTradRoumain","@id":"https:\/\/www.ab2pro.com\/pt-pt\/#\/schema\/person\/36383d5c06ef2b01ccd75a541a8af27a"},"headline":"Como \u00e9 celebrado o Natal na Pol\u00f3nia?","datePublished":"2022-08-30T09:10:57+00:00","dateModified":"2025-07-11T14:57:12+00:00","mainEntityOfPage":{"@id":"https:\/\/www.ab2pro.com\/pt-pt\/como-e-celebrado-o-natal-na-polonia\/"},"wordCount":1088,"publisher":{"@id":"https:\/\/www.ab2pro.com\/pt-pt\/#organization"},"image":{"@id":"https:\/\/www.ab2pro.com\/pt-pt\/como-e-celebrado-o-natal-na-polonia\/#primaryimage"},"thumbnailUrl":"https:\/\/www.ab2pro.com\/wp-content\/uploads\/2021\/11\/noel-pologne-.jpg","articleSection":["Descubra a Europa com AB2PRO","Descubra a Pol\u00f3nia","P\u00e1gina inicial"],"inLanguage":"pt-PT"},{"@type":"WebPage","@id":"https:\/\/www.ab2pro.com\/pt-pt\/como-e-celebrado-o-natal-na-polonia\/","url":"https:\/\/www.ab2pro.com\/pt-pt\/como-e-celebrado-o-natal-na-polonia\/","name":"Como \u00e9 celebrado o Natal na Pol\u00f3nia? - AB2PRO","isPartOf":{"@id":"https:\/\/www.ab2pro.com\/pt-pt\/#website"},"primaryImageOfPage":{"@id":"https:\/\/www.ab2pro.com\/pt-pt\/como-e-celebrado-o-natal-na-polonia\/#primaryimage"},"image":{"@id":"https:\/\/www.ab2pro.com\/pt-pt\/como-e-celebrado-o-natal-na-polonia\/#primaryimage"},"thumbnailUrl":"https:\/\/www.ab2pro.com\/wp-content\/uploads\/2021\/11\/noel-pologne-.jpg","datePublished":"2022-08-30T09:10:57+00:00","dateModified":"2025-07-11T14:57:12+00:00","description":"Como \u00e9 celebrado o Natal na Pol\u00f3nia?","breadcrumb":{"@id":"https:\/\/www.ab2pro.com\/pt-pt\/como-e-celebrado-o-natal-na-polonia\/#breadcrumb"},"inLanguage":"pt-PT","potentialAction":[{"@type":"ReadAction","target":["https:\/\/www.ab2pro.com\/pt-pt\/como-e-celebrado-o-natal-na-polonia\/"]}]},{"@type":"ImageObject","inLanguage":"pt-PT","@id":"https:\/\/www.ab2pro.com\/pt-pt\/como-e-celebrado-o-natal-na-polonia\/#primaryimage","url":"https:\/\/www.ab2pro.com\/wp-content\/uploads\/2021\/11\/noel-pologne-.jpg","contentUrl":"https:\/\/www.ab2pro.com\/wp-content\/uploads\/2021\/11\/noel-pologne-.jpg","width":408,"height":408,"caption":"Old Town of Warsaw, capital city of Poland, illuminated at evening during Christmas time."},{"@type":"BreadcrumbList","@id":"https:\/\/www.ab2pro.com\/pt-pt\/como-e-celebrado-o-natal-na-polonia\/#breadcrumb","itemListElement":[{"@type":"ListItem","position":1,"name":"Accueil","item":"https:\/\/www.ab2pro.com\/pt-pt\/"},{"@type":"ListItem","position":2,"name":"Como \u00e9 celebrado o Natal na Pol\u00f3nia?"}]},{"@type":"WebSite","@id":"https:\/\/www.ab2pro.com\/pt-pt\/#website","url":"https:\/\/www.ab2pro.com\/pt-pt\/","name":"AB2PRO","description":"Agence d&#039;emploi sp\u00e9cialis\u00e9e dans le recrutement de travailleurs europ\u00e9ens","publisher":{"@id":"https:\/\/www.ab2pro.com\/pt-pt\/#organization"},"potentialAction":[{"@type":"SearchAction","target":{"@type":"EntryPoint","urlTemplate":"https:\/\/www.ab2pro.com\/pt-pt\/?s={search_term_string}"},"query-input":{"@type":"PropertyValueSpecification","valueRequired":true,"valueName":"search_term_string"}}],"inLanguage":"pt-PT"},{"@type":"Organization","@id":"https:\/\/www.ab2pro.com\/pt-pt\/#organization","name":"AB2PRO","url":"https:\/\/www.ab2pro.com\/pt-pt\/","logo":{"@type":"ImageObject","inLanguage":"pt-PT","@id":"https:\/\/www.ab2pro.com\/pt-pt\/#\/schema\/logo\/image\/","url":"https:\/\/www.ab2pro.com\/wp-content\/uploads\/2020\/11\/logo-profil.png","contentUrl":"https:\/\/www.ab2pro.com\/wp-content\/uploads\/2020\/11\/logo-profil.png","width":230,"height":47,"caption":"AB2PRO"},"image":{"@id":"https:\/\/www.ab2pro.com\/pt-pt\/#\/schema\/logo\/image\/"}},{"@type":"Person","@id":"https:\/\/www.ab2pro.com\/pt-pt\/#\/schema\/person\/36383d5c06ef2b01ccd75a541a8af27a","name":"AB2ProTradRoumain","image":{"@type":"ImageObject","inLanguage":"pt-PT","@id":"https:\/\/www.ab2pro.com\/pt-pt\/#\/schema\/person\/image\/","url":"https:\/\/secure.gravatar.com\/avatar\/dec97dbf02524b974da41dadadc61092?s=96&d=mm&r=g","contentUrl":"https:\/\/secure.gravatar.com\/avatar\/dec97dbf02524b974da41dadadc61092?s=96&d=mm&r=g","caption":"AB2ProTradRoumain"}}]}},"_links":{"self":[{"href":"https:\/\/www.ab2pro.com\/pt-pt\/wp-json\/wp\/v2\/posts\/36227","targetHints":{"allow":["GET"]}}],"collection":[{"href":"https:\/\/www.ab2pro.com\/pt-pt\/wp-json\/wp\/v2\/posts"}],"about":[{"href":"https:\/\/www.ab2pro.com\/pt-pt\/wp-json\/wp\/v2\/types\/post"}],"author":[{"embeddable":true,"href":"https:\/\/www.ab2pro.com\/pt-pt\/wp-json\/wp\/v2\/users\/18"}],"replies":[{"embeddable":true,"href":"https:\/\/www.ab2pro.com\/pt-pt\/wp-json\/wp\/v2\/comments?post=36227"}],"version-history":[{"count":0,"href":"https:\/\/www.ab2pro.com\/pt-pt\/wp-json\/wp\/v2\/posts\/36227\/revisions"}],"wp:featuredmedia":[{"embeddable":true,"href":"https:\/\/www.ab2pro.com\/pt-pt\/wp-json\/wp\/v2\/media\/33494"}],"wp:attachment":[{"href":"https:\/\/www.ab2pro.com\/pt-pt\/wp-json\/wp\/v2\/media?parent=36227"}],"wp:term":[{"taxonomy":"category","embeddable":true,"href":"https:\/\/www.ab2pro.com\/pt-pt\/wp-json\/wp\/v2\/categories?post=36227"},{"taxonomy":"post_tag","embeddable":true,"href":"https:\/\/www.ab2pro.com\/pt-pt\/wp-json\/wp\/v2\/tags?post=36227"}],"curies":[{"name":"wp","href":"https:\/\/api.w.org\/{rel}","templated":true}]}}