
{"id":48094,"date":"2023-10-23T11:38:22","date_gmt":"2023-10-23T09:38:22","guid":{"rendered":"https:\/\/www.ab2pro.com\/10-coisas-surpreendentes-sobre-a-franca\/"},"modified":"2025-07-11T16:01:21","modified_gmt":"2025-07-11T14:01:21","slug":"10-coisas-surpreendentes-sobre-a-franca","status":"publish","type":"post","link":"https:\/\/www.ab2pro.com\/pt-pt\/10-coisas-surpreendentes-sobre-a-franca\/","title":{"rendered":"10 coisas surpreendentes sobre a Fran\u00e7a"},"content":{"rendered":"<p>[vc_row][vc_column][vc_column_text css_animation=&#8221;fadeInDown&#8221;]Quando falamos de Fran\u00e7a, imaginamo-nos imediatamente a passear \u00e0 volta da Torre Eiffel com uma baguete debaixo do bra\u00e7o, a ouvir can\u00e7\u00f5es de Edith Piaf e a usar uma boina. Pegue num copo de vinho e num peda\u00e7o de queijo e desfrute de uma pausa de leitura \u00e0 francesa![\/vc_column_text][\/vc_column][\/vc_row][vc_row][vc_column][vc_column_text css_animation=&#8221;fadeIn&#8221;]<\/p>\n<h2>1. Sabes qual \u00e9 a origem da palavra &#8220;Fran\u00e7a&#8221;?<\/h2>\n<p>[\/vc_column_text][\/vc_column][\/vc_row][vc_row][vc_column width=&#8221;1\/2&#8243;][vc_column_text css_animation=&#8221;fadeIn&#8221;]O nome Fran\u00e7a vem do latim &#8220;Francia&#8221;, que significa &#8220;Terra dos Francos&#8221;. Os francos eram guerreiros que dominaram o norte da Europa e conquistaram a G\u00e1lia (nome da Fran\u00e7a antes de ser conquistada pelos francos) no in\u00edcio do s\u00e9culo VI. Assim, podemos dizer &#8220;Vive la France&#8221;, mas tamb\u00e9m &#8220;Vive la Gaule&#8221;![\/vc_column_text][\/vc_column][vc_column width=&#8221;1\/2&#8243;][vc_single_image image=&#8221;36636&#8243; img_size=&#8221;96&#215;960&#8243; alignment=&#8221;right&#8221; css_animation=&#8221;fadeIn&#8221;][\/vc_column][\/vc_row][vc_row][vc_column][vc_column_text css_animation=&#8221;fadeIn&#8221;]<\/p>\n<h2>2. Escolher o fuso hor\u00e1rio em Fran\u00e7a \u00e9 complicado! Porqu\u00ea?<\/h2>\n<p>[\/vc_column_text][\/vc_column][\/vc_row][vc_row][vc_column width=&#8221;1\/2&#8243;][vc_single_image image=&#8221;36644&#8243; img_size=&#8221;960&#215;960&#8243; css_animation=&#8221;fadeIn&#8221;][\/vc_column][vc_column width=&#8221;1\/2&#8243;][vc_column_text css_animation=&#8221;fadeIn&#8221;]Porque a Fran\u00e7a tem o maior n\u00famero de fusos hor\u00e1rios do mundo, gra\u00e7as aos seus territ\u00f3rios ultramarinos (12 fusos hor\u00e1rios diferentes). Ultrapassa mesmo os Estados Unidos, que t\u00eam 10, e a R\u00fassia, que tem 9.[\/vc_column_text][\/vc_column][\/vc_row][vc_row][vc_column][vc_column_text css_animation=&#8221;fadeIn&#8221;]<\/p>\n<h2>3. O sinal de tr\u00e2nsito &#8220;STOP&#8221;, uma raridade em Paris!<\/h2>\n<p>[\/vc_column_text][\/vc_column][\/vc_row][vc_row][vc_column width=&#8221;1\/2&#8243;][vc_column_text css_animation=&#8221;fadeIn&#8221;]\u00c9 espantoso, mas \u00e9 verdade, que at\u00e9 2012 s\u00f3 havia um sinal de &#8220;STOP&#8221; em toda a cidade de Paris. A placa estava situada \u00e0 sa\u00edda de uma empresa de materiais de constru\u00e7\u00e3o no Quai Saint-Exup\u00e9ry, no 16\u00ba arrondissement. Agora j\u00e1 percebemos porque \u00e9 que o tr\u00e2nsito \u00e9 t\u00e3o dif\u00edcil em Paris![\/vc_column_text][\/vc_column][vc_column width=&#8221;1\/2&#8243;][vc_single_image image=&#8221;36652&#8243; img_size=&#8221;960&#215;960&#8243; alignment=&#8221;right&#8221; css_animation=&#8221;fadeIn&#8221;][\/vc_column][\/vc_row][vc_row][vc_column][vc_column_text css_animation=&#8221;fadeIn&#8221;]<\/p>\n<h2>4. Enviar uma mensagem por pombo-correio? Ainda \u00e9 poss\u00edvel em Fran\u00e7a!<\/h2>\n<p>[\/vc_column_text][\/vc_column][\/vc_row][vc_row][vc_column width=&#8221;1\/2&#8243;][vc_single_image image=&#8221;36660&#8243; img_size=&#8221;960&#215;960&#8243; css_animation=&#8221;fadeIn&#8221;][\/vc_column][vc_column width=&#8221;1\/2&#8243;][vc_column_text css_animation=&#8221;fadeIn&#8221;]O ex\u00e9rcito franc\u00eas ainda tem pombos-correio nas suas fileiras. Os pombos s\u00e3o mantidos em Mont Val\u00e9rien, perto de Paris, e podem ser utilizados para efetuar transmiss\u00f5es em caso de cat\u00e1strofe de grandes propor\u00e7\u00f5es. \u00c9 sempre um suspense se a mensagem chega ou n\u00e3o ao seu destino![\/vc_column_text][\/vc_column][\/vc_row][vc_row][vc_column][vc_column_text css_animation=&#8221;fadeIn&#8221;]<\/p>\n<h2>5. Autocarros ou &#8220;autocarros de cinco c\u00eantimos&#8221;?<\/h2>\n<p>[\/vc_column_text][\/vc_column][\/vc_row][vc_row][vc_column width=&#8221;1\/2&#8243;][vc_column_text css_animation=&#8221;fadeIn&#8221;]A Fran\u00e7a foi pioneira nos transportes p\u00fablicos, pelo que foi o primeiro pa\u00eds a introduzi-los. Na d\u00e9cada de 1660, n\u00e3o havia autocarros ou t\u00e1xis, apenas &#8220;carruagens de cinco c\u00eantimos&#8221;. Trata-se de um sistema de carruagens que circulam a horas fixas nos trajectos que ligam os diferentes bairros de Paris. Este conceito foi desenvolvido pelo fil\u00f3sofo e matem\u00e1tico Blaise Pascal.[\/vc_column_text][\/vc_column][vc_column width=&#8221;1\/2&#8243;][vc_single_image image=&#8221;36668&#8243; img_size=&#8221;960&#215;960&#8243; alignment=&#8221;right&#8221; css_animation=&#8221;fadeIn&#8221;][\/vc_column][\/vc_row][vc_row][vc_column][vc_column_text css_animation=&#8221;fadeIn&#8221;]<\/p>\n<h2>6. Sem\u00e1foro vermelho ou rotunda?<\/h2>\n<p>[\/vc_column_text][\/vc_column][\/vc_row][vc_row][vc_column width=&#8221;1\/2&#8243;][vc_single_image image=&#8221;36676&#8243; img_size=&#8221;960&#215;960&#8243; css_animation=&#8221;fadeIn&#8221;][\/vc_column][vc_column width=&#8221;1\/2&#8243;][vc_column_text css_animation=&#8221;fadeIn&#8221;]A Fran\u00e7a det\u00e9m o recorde mundial do n\u00famero de rotundas. Existem 30.000, ou seja, mais de metade das rotundas do mundo. O que prefere, sem\u00e1foros ou rotundas? Para n\u00e3o falar das rotundas duplas &#8230;.[\/vc_column_text][\/vc_column][\/vc_row][vc_row][vc_column][vc_column_text css_animation=&#8221;fadeIn&#8221;]<\/p>\n<h2>7. O munic\u00edpio Y<\/h2>\n<p>[\/vc_column_text][\/vc_column][\/vc_row][vc_row][vc_column width=&#8221;1\/2&#8243;][vc_column_text css_animation=&#8221;fadeIn&#8221;]Sim, existe uma comuna assim em Fran\u00e7a! \u00c9 a comuna francesa com o nome mais curto e situa-se no Somme. Adivinha como se chamam os seus habitantes! Ypsilonianos![\/vc_column_text][\/vc_column][vc_column width=&#8221;1\/2&#8243;][vc_single_image image=&#8221;36684&#8243; img_size=&#8221;960&#215;960&#8243; alignment=&#8221;right&#8221;][\/vc_column][\/vc_row][vc_row][vc_column][vc_column_text css_animation=&#8221;fadeIn&#8221;]<\/p>\n<h2>8. O reinado mais curto de um rei em Fran\u00e7a \u00e9 de apenas 20 minutos!<\/h2>\n<p>[\/vc_column_text][\/vc_column][\/vc_row][vc_row][vc_column width=&#8221;1\/2&#8243;][vc_single_image image=&#8221;36692&#8243; img_size=&#8221;960&#215;960&#8243; css_animation=&#8221;fadeIn&#8221;][\/vc_column][vc_column width=&#8221;1\/2&#8243;][vc_column_text css_animation=&#8221;fadeIn&#8221;]Lu\u00eds XIX ou Louis-Antoine d&#8217;Artois tornou-se rei de Fran\u00e7a em 1830. Viva o Rei, mas n\u00e3o por muito tempo! Pouco seguro de si, Lu\u00eds XIX renunciou ao trono ao fim de 20 minutos, cedendo-o ao seu sobrinho Henri d&#8217;Artois. Durou pouco mais de&#8230;.7 dias![\/vc_column_text][\/vc_column][\/vc_row][vc_row][vc_column][vc_column_text css_animation=&#8221;fadeIn&#8221;]<\/p>\n<h2>9. O pa\u00eds da baguete<\/h2>\n<p>[\/vc_column_text][\/vc_column][\/vc_row][vc_row][vc_column width=&#8221;1\/2&#8243;][vc_column_text css_animation=&#8221;fadeIn&#8221;]Em Fran\u00e7a, comemos muitas baguetes &#8211; digamos que s\u00e3o consumidas 10 mil milh\u00f5es por dia, ou seja, 320 por segundo. Existe mesmo uma lei que especifica que uma baguete francesa tradicional deve conter apenas farinha, \u00e1gua, fermento e sal. Bom apetite![\/vc_column_text][\/vc_column][vc_column width=&#8221;1\/2&#8243;][vc_single_image image=&#8221;36727&#8243; img_size=&#8221;960&#215;960&#8243; alignment=&#8221;right&#8221; css_animation=&#8221;fadeIn&#8221;][\/vc_column][\/vc_row][vc_row][vc_column][vc_column_text css_animation=&#8221;fadeIn&#8221;]<\/p>\n<h2>10. Napole\u00e3o n\u00e3o era exatamente pequeno!<\/h2>\n<p>[\/vc_column_text][\/vc_column][\/vc_row][vc_row][vc_column width=&#8221;1\/2&#8243;][vc_single_image image=&#8221;36754&#8243; img_size=&#8221;960&#215;960&#8243;][\/vc_column][vc_column width=&#8221;1\/2&#8243;][vc_column_text css_animation=&#8221;fadeIn&#8221;]O Petit Caporal tinha, de facto, 1,70 m de altura, a altura m\u00e9dia de um europeu. Era considerado pequeno porque os seus soldados eram mais altos do que ele, com cerca de 1,73 m, e usavam bon\u00e9s de pelo com 30 cent\u00edmetros de altura. Este mito foi tamb\u00e9m alimentado pelo inimigo brit\u00e2nico, que queria desacreditar Napole\u00e3o.[\/vc_column_text][\/vc_column][\/vc_row][vc_row][vc_column][vc_column_text css_animation=&#8221;fadeIn&#8221;]A sua pequena viagem por Fran\u00e7a termina aqui, mas as coisas fant\u00e1sticas n\u00e3o! Ainda h\u00e1 muito para descobrir e \u00e9 melhor visit\u00e1-lo o mais cedo poss\u00edvel. Viva a Fran\u00e7a! Venha descobrir se estes mitos s\u00e3o verdadeiros e <a href=\"https:\/\/www.ab2pro.com\/pt-pt\/oferta-emprego-franca\/\">junte-se ao #AB2PROTEAM<\/a>.[\/vc_column_text][\/vc_column][\/vc_row][vc_row][vc_column][vc_single_image image=&#8221;36802&#8243; img_size=&#8221;960&#215;960&#8243; alignment=&#8221;center&#8221; css_animation=&#8221;fadeIn&#8221;][\/vc_column][\/vc_row]<\/p>\n","protected":false},"excerpt":{"rendered":"<p>J\u00e1 viu Emily em Paris e pensa que sabe tudo sobre a Fran\u00e7a? O que \u00e9 que posso dizer? \u00c9 melhor ler o artigo. <\/p>\n","protected":false},"author":18,"featured_media":36811,"comment_status":"closed","ping_status":"closed","sticky":false,"template":"","format":"standard","meta":{"_acf_changed":false,"footnotes":""},"categories":[653],"tags":[],"class_list":["post-48094","post","type-post","status-publish","format-standard","has-post-thumbnail","hentry","category-descubra-a-franca"],"acf":[],"yoast_head":"<!-- This site is optimized with the Yoast SEO plugin v26.8 - https:\/\/yoast.com\/product\/yoast-seo-wordpress\/ -->\n<title>10 coisas surpreendentes sobre a Fran\u00e7a - AB2PRO<\/title>\n<meta name=\"description\" content=\"10 coisas surpreendentes sobre a Fran\u00e7a 10-stunning-things-about-france\" \/>\n<meta name=\"robots\" content=\"index, follow, max-snippet:-1, max-image-preview:large, max-video-preview:-1\" \/>\n<link rel=\"canonical\" href=\"https:\/\/www.ab2pro.com\/pt-pt\/10-coisas-surpreendentes-sobre-a-franca\/\" \/>\n<meta property=\"og:locale\" content=\"pt_PT\" \/>\n<meta property=\"og:type\" content=\"article\" \/>\n<meta property=\"og:title\" content=\"10 coisas surpreendentes sobre a Fran\u00e7a - AB2PRO\" \/>\n<meta property=\"og:description\" content=\"10 coisas surpreendentes sobre a Fran\u00e7a 10-stunning-things-about-france\" \/>\n<meta property=\"og:url\" content=\"https:\/\/www.ab2pro.com\/pt-pt\/10-coisas-surpreendentes-sobre-a-franca\/\" \/>\n<meta property=\"og:site_name\" content=\"AB2PRO\" \/>\n<meta property=\"article:published_time\" content=\"2023-10-23T09:38:22+00:00\" \/>\n<meta property=\"article:modified_time\" content=\"2025-07-11T14:01:21+00:00\" \/>\n<meta property=\"og:image\" content=\"https:\/\/www.ab2pro.com\/wp-content\/uploads\/2022\/09\/pexels-photo-338515.jpeg\" \/>\n\t<meta property=\"og:image:width\" content=\"1600\" \/>\n\t<meta property=\"og:image:height\" content=\"1066\" \/>\n\t<meta property=\"og:image:type\" content=\"image\/jpeg\" \/>\n<meta name=\"author\" content=\"AB2ProTradRoumain\" \/>\n<meta name=\"twitter:card\" content=\"summary_large_image\" \/>\n<meta name=\"twitter:label1\" content=\"Escrito por\" \/>\n\t<meta name=\"twitter:data1\" content=\"AB2ProTradRoumain\" \/>\n\t<meta name=\"twitter:label2\" content=\"Tempo estimado de leitura\" \/>\n\t<meta name=\"twitter:data2\" content=\"6 minutos\" \/>\n<script type=\"application\/ld+json\" class=\"yoast-schema-graph\">{\"@context\":\"https:\/\/schema.org\",\"@graph\":[{\"@type\":\"Article\",\"@id\":\"https:\/\/www.ab2pro.com\/pt-pt\/10-coisas-surpreendentes-sobre-a-franca\/#article\",\"isPartOf\":{\"@id\":\"https:\/\/www.ab2pro.com\/pt-pt\/10-coisas-surpreendentes-sobre-a-franca\/\"},\"author\":{\"name\":\"AB2ProTradRoumain\",\"@id\":\"https:\/\/www.ab2pro.com\/pt-pt\/#\/schema\/person\/36383d5c06ef2b01ccd75a541a8af27a\"},\"headline\":\"10 coisas surpreendentes sobre a Fran\u00e7a\",\"datePublished\":\"2023-10-23T09:38:22+00:00\",\"dateModified\":\"2025-07-11T14:01:21+00:00\",\"mainEntityOfPage\":{\"@id\":\"https:\/\/www.ab2pro.com\/pt-pt\/10-coisas-surpreendentes-sobre-a-franca\/\"},\"wordCount\":1222,\"publisher\":{\"@id\":\"https:\/\/www.ab2pro.com\/pt-pt\/#organization\"},\"image\":{\"@id\":\"https:\/\/www.ab2pro.com\/pt-pt\/10-coisas-surpreendentes-sobre-a-franca\/#primaryimage\"},\"thumbnailUrl\":\"https:\/\/www.ab2pro.com\/wp-content\/uploads\/2022\/09\/pexels-photo-338515.jpeg\",\"articleSection\":[\"Descubra a Fran\u00e7a\"],\"inLanguage\":\"pt-PT\"},{\"@type\":\"WebPage\",\"@id\":\"https:\/\/www.ab2pro.com\/pt-pt\/10-coisas-surpreendentes-sobre-a-franca\/\",\"url\":\"https:\/\/www.ab2pro.com\/pt-pt\/10-coisas-surpreendentes-sobre-a-franca\/\",\"name\":\"10 coisas surpreendentes sobre a Fran\u00e7a - AB2PRO\",\"isPartOf\":{\"@id\":\"https:\/\/www.ab2pro.com\/pt-pt\/#website\"},\"primaryImageOfPage\":{\"@id\":\"https:\/\/www.ab2pro.com\/pt-pt\/10-coisas-surpreendentes-sobre-a-franca\/#primaryimage\"},\"image\":{\"@id\":\"https:\/\/www.ab2pro.com\/pt-pt\/10-coisas-surpreendentes-sobre-a-franca\/#primaryimage\"},\"thumbnailUrl\":\"https:\/\/www.ab2pro.com\/wp-content\/uploads\/2022\/09\/pexels-photo-338515.jpeg\",\"datePublished\":\"2023-10-23T09:38:22+00:00\",\"dateModified\":\"2025-07-11T14:01:21+00:00\",\"description\":\"10 coisas surpreendentes sobre a Fran\u00e7a 10-stunning-things-about-france\",\"breadcrumb\":{\"@id\":\"https:\/\/www.ab2pro.com\/pt-pt\/10-coisas-surpreendentes-sobre-a-franca\/#breadcrumb\"},\"inLanguage\":\"pt-PT\",\"potentialAction\":[{\"@type\":\"ReadAction\",\"target\":[\"https:\/\/www.ab2pro.com\/pt-pt\/10-coisas-surpreendentes-sobre-a-franca\/\"]}]},{\"@type\":\"ImageObject\",\"inLanguage\":\"pt-PT\",\"@id\":\"https:\/\/www.ab2pro.com\/pt-pt\/10-coisas-surpreendentes-sobre-a-franca\/#primaryimage\",\"url\":\"https:\/\/www.ab2pro.com\/wp-content\/uploads\/2022\/09\/pexels-photo-338515.jpeg\",\"contentUrl\":\"https:\/\/www.ab2pro.com\/wp-content\/uploads\/2022\/09\/pexels-photo-338515.jpeg\",\"width\":1600,\"height\":1066},{\"@type\":\"BreadcrumbList\",\"@id\":\"https:\/\/www.ab2pro.com\/pt-pt\/10-coisas-surpreendentes-sobre-a-franca\/#breadcrumb\",\"itemListElement\":[{\"@type\":\"ListItem\",\"position\":1,\"name\":\"Accueil\",\"item\":\"https:\/\/www.ab2pro.com\/pt-pt\/\"},{\"@type\":\"ListItem\",\"position\":2,\"name\":\"10 coisas surpreendentes sobre a Fran\u00e7a\"}]},{\"@type\":\"WebSite\",\"@id\":\"https:\/\/www.ab2pro.com\/pt-pt\/#website\",\"url\":\"https:\/\/www.ab2pro.com\/pt-pt\/\",\"name\":\"AB2PRO\",\"description\":\"Agence d&#039;emploi sp\u00e9cialis\u00e9e dans le recrutement de travailleurs europ\u00e9ens\",\"publisher\":{\"@id\":\"https:\/\/www.ab2pro.com\/pt-pt\/#organization\"},\"potentialAction\":[{\"@type\":\"SearchAction\",\"target\":{\"@type\":\"EntryPoint\",\"urlTemplate\":\"https:\/\/www.ab2pro.com\/pt-pt\/?s={search_term_string}\"},\"query-input\":{\"@type\":\"PropertyValueSpecification\",\"valueRequired\":true,\"valueName\":\"search_term_string\"}}],\"inLanguage\":\"pt-PT\"},{\"@type\":\"Organization\",\"@id\":\"https:\/\/www.ab2pro.com\/pt-pt\/#organization\",\"name\":\"AB2PRO\",\"url\":\"https:\/\/www.ab2pro.com\/pt-pt\/\",\"logo\":{\"@type\":\"ImageObject\",\"inLanguage\":\"pt-PT\",\"@id\":\"https:\/\/www.ab2pro.com\/pt-pt\/#\/schema\/logo\/image\/\",\"url\":\"https:\/\/www.ab2pro.com\/wp-content\/uploads\/2020\/11\/logo-profil.png\",\"contentUrl\":\"https:\/\/www.ab2pro.com\/wp-content\/uploads\/2020\/11\/logo-profil.png\",\"width\":230,\"height\":47,\"caption\":\"AB2PRO\"},\"image\":{\"@id\":\"https:\/\/www.ab2pro.com\/pt-pt\/#\/schema\/logo\/image\/\"}},{\"@type\":\"Person\",\"@id\":\"https:\/\/www.ab2pro.com\/pt-pt\/#\/schema\/person\/36383d5c06ef2b01ccd75a541a8af27a\",\"name\":\"AB2ProTradRoumain\",\"image\":{\"@type\":\"ImageObject\",\"inLanguage\":\"pt-PT\",\"@id\":\"https:\/\/www.ab2pro.com\/pt-pt\/#\/schema\/person\/image\/\",\"url\":\"https:\/\/secure.gravatar.com\/avatar\/dec97dbf02524b974da41dadadc61092?s=96&d=mm&r=g\",\"contentUrl\":\"https:\/\/secure.gravatar.com\/avatar\/dec97dbf02524b974da41dadadc61092?s=96&d=mm&r=g\",\"caption\":\"AB2ProTradRoumain\"}}]}<\/script>\n<!-- \/ Yoast SEO plugin. -->","yoast_head_json":{"title":"10 coisas surpreendentes sobre a Fran\u00e7a - AB2PRO","description":"10 coisas surpreendentes sobre a Fran\u00e7a 10-stunning-things-about-france","robots":{"index":"index","follow":"follow","max-snippet":"max-snippet:-1","max-image-preview":"max-image-preview:large","max-video-preview":"max-video-preview:-1"},"canonical":"https:\/\/www.ab2pro.com\/pt-pt\/10-coisas-surpreendentes-sobre-a-franca\/","og_locale":"pt_PT","og_type":"article","og_title":"10 coisas surpreendentes sobre a Fran\u00e7a - AB2PRO","og_description":"10 coisas surpreendentes sobre a Fran\u00e7a 10-stunning-things-about-france","og_url":"https:\/\/www.ab2pro.com\/pt-pt\/10-coisas-surpreendentes-sobre-a-franca\/","og_site_name":"AB2PRO","article_published_time":"2023-10-23T09:38:22+00:00","article_modified_time":"2025-07-11T14:01:21+00:00","og_image":[{"width":1600,"height":1066,"url":"https:\/\/www.ab2pro.com\/wp-content\/uploads\/2022\/09\/pexels-photo-338515.jpeg","type":"image\/jpeg"}],"author":"AB2ProTradRoumain","twitter_card":"summary_large_image","twitter_misc":{"Escrito por":"AB2ProTradRoumain","Tempo estimado de leitura":"6 minutos"},"schema":{"@context":"https:\/\/schema.org","@graph":[{"@type":"Article","@id":"https:\/\/www.ab2pro.com\/pt-pt\/10-coisas-surpreendentes-sobre-a-franca\/#article","isPartOf":{"@id":"https:\/\/www.ab2pro.com\/pt-pt\/10-coisas-surpreendentes-sobre-a-franca\/"},"author":{"name":"AB2ProTradRoumain","@id":"https:\/\/www.ab2pro.com\/pt-pt\/#\/schema\/person\/36383d5c06ef2b01ccd75a541a8af27a"},"headline":"10 coisas surpreendentes sobre a Fran\u00e7a","datePublished":"2023-10-23T09:38:22+00:00","dateModified":"2025-07-11T14:01:21+00:00","mainEntityOfPage":{"@id":"https:\/\/www.ab2pro.com\/pt-pt\/10-coisas-surpreendentes-sobre-a-franca\/"},"wordCount":1222,"publisher":{"@id":"https:\/\/www.ab2pro.com\/pt-pt\/#organization"},"image":{"@id":"https:\/\/www.ab2pro.com\/pt-pt\/10-coisas-surpreendentes-sobre-a-franca\/#primaryimage"},"thumbnailUrl":"https:\/\/www.ab2pro.com\/wp-content\/uploads\/2022\/09\/pexels-photo-338515.jpeg","articleSection":["Descubra a Fran\u00e7a"],"inLanguage":"pt-PT"},{"@type":"WebPage","@id":"https:\/\/www.ab2pro.com\/pt-pt\/10-coisas-surpreendentes-sobre-a-franca\/","url":"https:\/\/www.ab2pro.com\/pt-pt\/10-coisas-surpreendentes-sobre-a-franca\/","name":"10 coisas surpreendentes sobre a Fran\u00e7a - AB2PRO","isPartOf":{"@id":"https:\/\/www.ab2pro.com\/pt-pt\/#website"},"primaryImageOfPage":{"@id":"https:\/\/www.ab2pro.com\/pt-pt\/10-coisas-surpreendentes-sobre-a-franca\/#primaryimage"},"image":{"@id":"https:\/\/www.ab2pro.com\/pt-pt\/10-coisas-surpreendentes-sobre-a-franca\/#primaryimage"},"thumbnailUrl":"https:\/\/www.ab2pro.com\/wp-content\/uploads\/2022\/09\/pexels-photo-338515.jpeg","datePublished":"2023-10-23T09:38:22+00:00","dateModified":"2025-07-11T14:01:21+00:00","description":"10 coisas surpreendentes sobre a Fran\u00e7a 10-stunning-things-about-france","breadcrumb":{"@id":"https:\/\/www.ab2pro.com\/pt-pt\/10-coisas-surpreendentes-sobre-a-franca\/#breadcrumb"},"inLanguage":"pt-PT","potentialAction":[{"@type":"ReadAction","target":["https:\/\/www.ab2pro.com\/pt-pt\/10-coisas-surpreendentes-sobre-a-franca\/"]}]},{"@type":"ImageObject","inLanguage":"pt-PT","@id":"https:\/\/www.ab2pro.com\/pt-pt\/10-coisas-surpreendentes-sobre-a-franca\/#primaryimage","url":"https:\/\/www.ab2pro.com\/wp-content\/uploads\/2022\/09\/pexels-photo-338515.jpeg","contentUrl":"https:\/\/www.ab2pro.com\/wp-content\/uploads\/2022\/09\/pexels-photo-338515.jpeg","width":1600,"height":1066},{"@type":"BreadcrumbList","@id":"https:\/\/www.ab2pro.com\/pt-pt\/10-coisas-surpreendentes-sobre-a-franca\/#breadcrumb","itemListElement":[{"@type":"ListItem","position":1,"name":"Accueil","item":"https:\/\/www.ab2pro.com\/pt-pt\/"},{"@type":"ListItem","position":2,"name":"10 coisas surpreendentes sobre a Fran\u00e7a"}]},{"@type":"WebSite","@id":"https:\/\/www.ab2pro.com\/pt-pt\/#website","url":"https:\/\/www.ab2pro.com\/pt-pt\/","name":"AB2PRO","description":"Agence d&#039;emploi sp\u00e9cialis\u00e9e dans le recrutement de travailleurs europ\u00e9ens","publisher":{"@id":"https:\/\/www.ab2pro.com\/pt-pt\/#organization"},"potentialAction":[{"@type":"SearchAction","target":{"@type":"EntryPoint","urlTemplate":"https:\/\/www.ab2pro.com\/pt-pt\/?s={search_term_string}"},"query-input":{"@type":"PropertyValueSpecification","valueRequired":true,"valueName":"search_term_string"}}],"inLanguage":"pt-PT"},{"@type":"Organization","@id":"https:\/\/www.ab2pro.com\/pt-pt\/#organization","name":"AB2PRO","url":"https:\/\/www.ab2pro.com\/pt-pt\/","logo":{"@type":"ImageObject","inLanguage":"pt-PT","@id":"https:\/\/www.ab2pro.com\/pt-pt\/#\/schema\/logo\/image\/","url":"https:\/\/www.ab2pro.com\/wp-content\/uploads\/2020\/11\/logo-profil.png","contentUrl":"https:\/\/www.ab2pro.com\/wp-content\/uploads\/2020\/11\/logo-profil.png","width":230,"height":47,"caption":"AB2PRO"},"image":{"@id":"https:\/\/www.ab2pro.com\/pt-pt\/#\/schema\/logo\/image\/"}},{"@type":"Person","@id":"https:\/\/www.ab2pro.com\/pt-pt\/#\/schema\/person\/36383d5c06ef2b01ccd75a541a8af27a","name":"AB2ProTradRoumain","image":{"@type":"ImageObject","inLanguage":"pt-PT","@id":"https:\/\/www.ab2pro.com\/pt-pt\/#\/schema\/person\/image\/","url":"https:\/\/secure.gravatar.com\/avatar\/dec97dbf02524b974da41dadadc61092?s=96&d=mm&r=g","contentUrl":"https:\/\/secure.gravatar.com\/avatar\/dec97dbf02524b974da41dadadc61092?s=96&d=mm&r=g","caption":"AB2ProTradRoumain"}}]}},"_links":{"self":[{"href":"https:\/\/www.ab2pro.com\/pt-pt\/wp-json\/wp\/v2\/posts\/48094","targetHints":{"allow":["GET"]}}],"collection":[{"href":"https:\/\/www.ab2pro.com\/pt-pt\/wp-json\/wp\/v2\/posts"}],"about":[{"href":"https:\/\/www.ab2pro.com\/pt-pt\/wp-json\/wp\/v2\/types\/post"}],"author":[{"embeddable":true,"href":"https:\/\/www.ab2pro.com\/pt-pt\/wp-json\/wp\/v2\/users\/18"}],"replies":[{"embeddable":true,"href":"https:\/\/www.ab2pro.com\/pt-pt\/wp-json\/wp\/v2\/comments?post=48094"}],"version-history":[{"count":0,"href":"https:\/\/www.ab2pro.com\/pt-pt\/wp-json\/wp\/v2\/posts\/48094\/revisions"}],"wp:featuredmedia":[{"embeddable":true,"href":"https:\/\/www.ab2pro.com\/pt-pt\/wp-json\/wp\/v2\/media\/36811"}],"wp:attachment":[{"href":"https:\/\/www.ab2pro.com\/pt-pt\/wp-json\/wp\/v2\/media?parent=48094"}],"wp:term":[{"taxonomy":"category","embeddable":true,"href":"https:\/\/www.ab2pro.com\/pt-pt\/wp-json\/wp\/v2\/categories?post=48094"},{"taxonomy":"post_tag","embeddable":true,"href":"https:\/\/www.ab2pro.com\/pt-pt\/wp-json\/wp\/v2\/tags?post=48094"}],"curies":[{"name":"wp","href":"https:\/\/api.w.org\/{rel}","templated":true}]}}