
{"id":48171,"date":"2023-10-24T14:27:57","date_gmt":"2023-10-24T12:27:57","guid":{"rendered":"https:\/\/www.ab2pro.com\/o-que-e-o-cpam\/"},"modified":"2025-12-24T11:55:59","modified_gmt":"2025-12-24T10:55:59","slug":"o-que-e-o-cpam","status":"publish","type":"post","link":"https:\/\/www.ab2pro.com\/pt-pt\/o-que-e-o-cpam\/","title":{"rendered":"O que \u00e9 o CPAM?"},"content":{"rendered":"<p>[vc_row][vc_column][vc_column_text css_animation=&#8221;fadeInDown&#8221;]<\/p>\n<h2>Como funciona o sistema de seguran\u00e7a social franc\u00eas?<\/h2>\n<p>Para compreender melhor o funcionamento da seguran\u00e7a social e a utiliza\u00e7\u00e3o do CPAM, \u00e9 importante conhecer os regimes e os ramos que comp\u00f5em a seguran\u00e7a social.[\/vc_column_text][\/vc_column][\/vc_row][vc_row][vc_column width=&#8221;1\/2&#8243;][vc_column_text][\/vc_column_text][vc_column_text css_animation=&#8221;fadeIn&#8221;]<\/p>\n<h2>Quais s\u00e3o os regimes de seguran\u00e7a social em Fran\u00e7a?<\/h2>\n<p>Podemos, portanto, distinguir 3 tipos de regimes, cada um abrangendo uma ou mais categorias socioprofissionais espec\u00edficas e caracterizados por diferentes modalidades de gest\u00e3o e de pagamento:[\/vc_column_text][\/vc_column][vc_column width=&#8221;1\/2&#8243;][vc_single_image image=&#8221;33700&#8243; img_size=&#8221;large&#8221; css_animation=&#8221;fadeIn&#8221;][\/vc_column][\/vc_row][vc_row][vc_column][vc_column_text css_animation=&#8221;fadeIn&#8221;]<\/p>\n<ol>\n<li>O regime geral &#8211; abrange os trabalhadores assalariados e os trabalhadores independentes desde 1 de janeiro de 2018, bem como qualquer pessoa que beneficie do direito de resid\u00eancia (prote\u00e7\u00e3o universal de sa\u00fade);<\/li>\n<li>O regime agr\u00edcola &#8211; abrange os agricultores e os trabalhadores agr\u00edcolas;<\/li>\n<li>V\u00e1rios regimes especiais &#8211; para marinheiros, mineiros, SNCF, RATP, EDF-GDF, Assembleia Nacional, Senado, not\u00e1rios e empregados.<\/li>\n<\/ol>\n<p>[\/vc_column_text][vc_column_text css_animation=&#8221;fadeIn&#8221;]<\/p>\n<h2>Que ramos da seguran\u00e7a social existem em Fran\u00e7a?<\/h2>\n<p>O sistema de seguran\u00e7a social franc\u00eas \u00e9 composto por 5 ramos:<\/p>\n<h3>Seguro de sa\u00fade<\/h3>\n<p>O ramo do seguro de doen\u00e7a cobre os custos dos cuidados de sa\u00fade dos segurados e garante o acesso aos cuidados. Centra-se na preven\u00e7\u00e3o e ajuda a regular o sistema de sa\u00fade franc\u00eas. De plus, la branche maladie favorise \u00e9galement l\u2019acc\u00e8s \u00e0 la sant\u00e9 des plus d\u00e9munis et contribue au fonctionnement d\u2019\u00e9tablissements m\u00e9dico-sociaux. Cobre um vasto leque de riscos sociais, como a doen\u00e7a, a maternidade, a invalidez e a morte. O ramo do seguro de doen\u00e7a \u00e9 igualmente respons\u00e1vel pela \u201cgest\u00e3o do risco\u201d, que consiste em controlar as despesas, melhorando simultaneamente a sa\u00fade da popula\u00e7\u00e3o.<br \/>\nEm Fran\u00e7a, o regime geral cobre 89% da popula\u00e7\u00e3o, ou seja, mais de 58 milh\u00f5es de pessoas. Aplica-se aos trabalhadores do sector privado (ind\u00fastria, com\u00e9rcio e servi\u00e7os).<\/p>\n<h3>Ramo da fam\u00edlia<\/h3>\n<p>Este ramo do sistema de seguran\u00e7a social franc\u00eas gere as presta\u00e7\u00f5es familiares. A sua miss\u00e3o \u00e9 reduzir as desigualdades no n\u00edvel de vida das fam\u00edlias em fun\u00e7\u00e3o do n\u00famero de filhos. O ramo da fam\u00edlia presta apoio em 4 \u00e1reas principais:<br \/>\n&#8211; Apoio \u00e0s fam\u00edlias na sua vida quotidiana,<br \/>\n&#8211; Cuidados a crian\u00e7as pequenas,<br \/>\n&#8211; Acesso \u00e0 habita\u00e7\u00e3o,<br \/>\n&#8211; Combate \u00e0 precariedade e \u00e0 defici\u00eancia.<\/p>\n<h3>Les\u00f5es e doen\u00e7as profissionais<\/h3>\n<p>Este ramo gere os riscos profissionais a que os trabalhadores est\u00e3o sujeitos: acidentes de trabalho, acidentes de trajeto e doen\u00e7as profissionais. Indemniza as v\u00edtimas e fixa as contribui\u00e7\u00f5es respectivas das empresas para o financiamento do sistema. Al\u00e9m disso, aplica uma pol\u00edtica de preven\u00e7\u00e3o dos riscos profissionais destinada a melhorar a sa\u00fade e a seguran\u00e7a dos trabalhadores.<\/p>\n<h3>O ramo das pens\u00f5es (velhice e viuvez)<\/h3>\n<p>O sector das pens\u00f5es \u00e9 respons\u00e1vel pelo pagamento das pens\u00f5es aos trabalhadores reformados da ind\u00fastria, dos servi\u00e7os e do com\u00e9rcio. Est\u00e1 presente desde o primeiro emprego e acompanha os trabalhadores ao longo da sua carreira para os ajudar a prepararem-se para a reforma.<\/p>\n<h3>O ramo da cobran\u00e7a de d\u00edvidas<\/h3>\n<p>Este ramo do sistema de seguran\u00e7a social franc\u00eas \u00e9 respons\u00e1vel pela cobran\u00e7a das contribui\u00e7\u00f5es para a seguran\u00e7a social e pela sua redistribui\u00e7\u00e3o pelos outros ramos. O servi\u00e7o de cobran\u00e7as gere igualmente a tesouraria do sistema de seguran\u00e7a social. O seu papel consiste em controlar e combater o emprego ilegal. Al\u00e9m disso, este ramo est\u00e1 a modernizar e a simplificar os servi\u00e7os oferecidos aos contribuintes, a gest\u00e3o dos regimes de redu\u00e7\u00e3o das contribui\u00e7\u00f5es para a seguran\u00e7a social e a produ\u00e7\u00e3o e an\u00e1lise de dados econ\u00f3micos de refer\u00eancia.[\/vc_column_text][\/vc_column][\/vc_row][vc_row][vc_column][vc_column_text css_animation=&#8221;fadeIn&#8221;]<\/p>\n<h2>O que \u00e9 o CPAM em Fran\u00e7a?<\/h2>\n<p>A Caisse Primaire d&#8217;Assurance Maladie (CPAM) gere o ramo sa\u00fade do regime geral de seguro de doen\u00e7a. Preserva a sa\u00fade, a vida profissional e a vida pessoal. A Caisse Primaire d&#8217;Assurance Maladie (CPAM) \u00e9 um organismo do sector privado com uma miss\u00e3o de servi\u00e7o p\u00fablico.<br \/>\n\u00c9 importante distinguir entre a CPAM e o sistema de seguran\u00e7a social, uma vez que os dois s\u00e3o frequentemente confundidos, sendo a CPAM apenas uma componente do sistema de seguran\u00e7a social, tamb\u00e9m conhecido por \u201cS\u00e9cu\u201d. No \u00e2mbito do sistema de seguran\u00e7a social, a Assurance Maladie gere os ramos de doen\u00e7a e acidentes de trabalho por conta do regime geral.<\/p>\n<h2>Qual \u00e9 exatamente o papel do CPAM em Fran\u00e7a?<\/h2>\n<p>O CPAM \u00e9 um intermedi\u00e1rio entre os segurados e a Assurance Maladie, que pode efetuar uma s\u00e9rie de tarefas, tais como :<br \/>\nGerir a inscri\u00e7\u00e3o das pessoas seguradas no regime de seguro de doen\u00e7a;<br \/>\nGest\u00e3o dos direitos de seguro dos segurados ;<br \/>\nA gest\u00e3o dos cuidados e a transmiss\u00e3o \u00e0 dist\u00e2ncia dos reembolsos \u00e0s m\u00fatuas e aos seguros de sa\u00fade complementares;<br \/>\nO reembolso das despesas m\u00e9dicas e o pagamento de ajudas de custo e de adiantamentos de despesas, se necess\u00e1rio;<br \/>\nA aplica\u00e7\u00e3o de um plano de a\u00e7\u00e3o de gest\u00e3o dos riscos com os profissionais de sa\u00fade;<br \/>\nA realiza\u00e7\u00e3o de campanhas de preven\u00e7\u00e3o para melhorar a preven\u00e7\u00e3o e a comunica\u00e7\u00e3o em mat\u00e9ria de sa\u00fade;<br \/>\nA aplica\u00e7\u00e3o de uma pol\u00edtica de sa\u00fade e de a\u00e7\u00e3o social atrav\u00e9s de ajudas individuais aos segurados ou de ajudas colectivas \u00e0s associa\u00e7\u00f5es.<\/p><p>O CPAM pode tamb\u00e9m ter um papel de controlo no que respeita a :<\/p>\n<p>O desenrolar do tratamento &#8211; verifica\u00e7\u00e3o do seu cumprimento e da pertin\u00eancia das interrup\u00e7\u00f5es de trabalho;<br \/>\n. Fraude detectada &#8211; o autor deve (em todos os casos) pagar as taxas n\u00e3o pagas ou reembolsar os montantes pagos em excesso.<\/p>\n<p>Gostaria de obter mais informa\u00e7\u00f5es sobre a cobertura m\u00e9dica em Fran\u00e7a? Visite http:\/\/ameli.fr\/[\/vc_column_text][\/vc_column][\/vc_row][vc_row][vc_column][vc_column_text css_animation=&#8221;fadeIn&#8221;]<\/p>\n<h2>O que significa a expatria\u00e7\u00e3o para a seguran\u00e7a social francesa?<\/h2>\n<p>A expatria\u00e7\u00e3o \u00e9 o ato de deixar o seu pa\u00eds para outro. Quando um trabalhador vem trabalhar para Fran\u00e7a na qualidade de expatriado, deixa de estar abrangido pelo regime de prote\u00e7\u00e3o social do seu pa\u00eds de origem e passa a estar obrigatoriamente inscrito no regime franc\u00eas de seguran\u00e7a social, sendo as suas contribui\u00e7\u00f5es para a seguran\u00e7a social sobre o seu sal\u00e1rio utilizadas, em parte, para financiar a sua inscri\u00e7\u00e3o no CPAM. A dura\u00e7\u00e3o da expatria\u00e7\u00e3o n\u00e3o tem limite.<br \/>\nOs trabalhadores expatriados em Fran\u00e7a est\u00e3o cobertos pelo regime franc\u00eas de seguro de doen\u00e7a e deixam de beneficiar do sistema de prote\u00e7\u00e3o social do seu pa\u00eds de origem. As suas fam\u00edlias tamb\u00e9m podem ser ligadas ao mesmo sistema, mas sob certas condi\u00e7\u00f5es.[\/vc_column_text][\/vc_column][\/vc_row][vc_row][vc_column][vc_column_text css_animation=&#8221;fadeIn&#8221;]<\/p>\n<h2>O que devo fazer para aderir ao regime franc\u00eas de seguro de doen\u00e7a?<\/h2>\n<p>Cabe \u00e0 entidade patronal tomar as medidas necess\u00e1rias para se inscrever na Assurance Maladie em Fran\u00e7a. Uma vez cumpridas estas formalidades, o trabalhador obter\u00e1 um n\u00famero de seguran\u00e7a social franc\u00eas. Podem ent\u00e3o criar a sua conta ameli e encomendar um cart\u00e3o Vitale. Por conseguinte, \u00e9 reembolsado das suas despesas m\u00e9dicas em Fran\u00e7a. Para serem reembolsados, devem designar um m\u00e9dico preferencial.[\/vc_column_text][\/vc_column][\/vc_row][vc_row][vc_column width=&#8221;1\/2&#8243;][vc_column_text][\/vc_column_text][vc_column_text css_animation=&#8221;fadeIn&#8221;]<\/p>\n<h2>O que acontece se n\u00e3o tiver um m\u00e9dico de fam\u00edlia em Fran\u00e7a?<\/h2>\n<p>N\u00e3o \u00e9 obrigat\u00f3rio ter um m\u00e9dico regular em Fran\u00e7a, mas se n\u00e3o declarar um m\u00e9dico regular, n\u00e3o estar\u00e1 a seguir o percurso dos cuidados coordenados e, por conseguinte, ser\u00e1 menos reembolsado pela Assurance Maladie (exceto para os menores de 16 anos).[\/vc_column_text][\/vc_column][vc_column width=&#8221;1\/2&#8243;][vc_single_image image=&#8221;33670&#8243; img_size=&#8221;large&#8221; alignment=&#8221;right&#8221; css_animation=&#8221;fadeIn&#8221;][\/vc_column][\/vc_row][vc_row][vc_column][vc_column_text css_animation=&#8221;fadeIn&#8221;]Quando o doente est\u00e1 fora da via de cuidados, a taxa de comparticipa\u00e7\u00e3o da Seguran\u00e7a Social (BRSS) desce de 70% para 30%. Al\u00e9m disso, o facto de n\u00e3o ter um m\u00e9dico de fam\u00edlia pode ter consequ\u00eancias significativas para o seu estado de sa\u00fade, uma vez que \u00e9 o m\u00e9dico de fam\u00edlia que trata dos registos m\u00e9dicos dos pacientes, coordena o percurso dos cuidados, encaminha os pacientes para um especialista, se necess\u00e1rio, e centraliza as opini\u00f5es de outros prestadores de cuidados. Desempenha um papel importante para os doentes com ALD, uma vez que \u00e9 o m\u00e9dico que elabora o protocolo de cuidados.[\/vc_column_text][vc_column_text css_animation=&#8221;fadeIn&#8221;]<\/p>\n<h2>O que acontece se um trabalhador for origin\u00e1rio de um pa\u00eds da UE\/EEE e continuar a residir nesse pa\u00eds enquanto trabalha em Fran\u00e7a?<\/h2>\n<p>Mesmo que o trabalhador tenha o estatuto de expatriado e j\u00e1 n\u00e3o esteja inscrito no regime de seguro de doen\u00e7a do seu pa\u00eds de resid\u00eancia, os cuidados de sa\u00fade recebidos no seu pa\u00eds de resid\u00eancia podem ser cobertos atrav\u00e9s do formul\u00e1rio S1. Devem solicit\u00e1-lo ao CPAM do local onde a empresa que os emprega tem a sua sede social e envi\u00e1-lo ao organismo competente do seu pa\u00eds de resid\u00eancia. Este \u00faltimo cobre os custos dos cuidados de sa\u00fade.<br \/>\nO regime franc\u00eas de seguro de doen\u00e7a pode ter em conta os per\u00edodos de seguro, de emprego ou de resid\u00eancia cumpridos no pa\u00eds de origem do expatriado para determinar o direito \u00e0s presta\u00e7\u00f5es por doen\u00e7a, maternidade e morte em Fran\u00e7a. Para o efeito, devem solicitar \u00e0 caixa de seguro de doen\u00e7a do seu pa\u00eds de origem o formul\u00e1rio S041 &#8220;Atestado relativo \u00e0 totaliza\u00e7\u00e3o dos per\u00edodos de seguro, de emprego ou de resid\u00eancia&#8221;.[\/vc_column_text][\/vc_column][\/vc_row][vc_row][vc_column][vc_single_image image=&#8221;33655&#8243; img_size=&#8221;large&#8221; alignment=&#8221;center&#8221; css_animation=&#8221;fadeIn&#8221;][\/vc_column][\/vc_row][vc_row][vc_column][vc_column_text css_animation=&#8221;fadeIn&#8221;]<\/p>\n<h2>Que prote\u00e7\u00e3o existe para a fam\u00edlia que acompanha o trabalhador expatriado em Fran\u00e7a?<\/h2>\n<p>Quando a fam\u00edlia de um trabalhador reside em Fran\u00e7a h\u00e1 mais de 3 meses, os seus membros est\u00e3o cobertos pelo seu seguro de doen\u00e7a franc\u00eas e beneficiam de todas as presta\u00e7\u00f5es em esp\u00e9cie previstas na legisla\u00e7\u00e3o francesa: cuidados de sa\u00fade, tratamentos m\u00e9dicos e hospitaliza\u00e7\u00e3o.<br \/>\nSe os membros da fam\u00edlia continuarem a residir no pa\u00eds de origem do trabalhador, membro da UE\/EEE, podem ter direito ao reembolso das despesas de cuidados que lhes foram prestados, mediante a apresenta\u00e7\u00e3o de um formul\u00e1rio S1 fornecido pela sua caixa de seguro de doen\u00e7a francesa ao organismo de seguro de doen\u00e7a do seu pa\u00eds de resid\u00eancia.<br \/>\nSe a fam\u00edlia continuar a residir no pa\u00eds de origem do trabalhador, que tem uma conven\u00e7\u00e3o bilateral de seguran\u00e7a social com a Fran\u00e7a, podem ser tomadas medidas para cobrir as despesas de sa\u00fade do trabalhador.[\/vc_column_text][\/vc_column][\/vc_row][vc_row][vc_column][vc_column_text css_animation=&#8221;fadeIn&#8221;]<\/p>\n<h2>Como s\u00e3o reembolsadas as despesas m\u00e9dicas em Fran\u00e7a?<\/h2>\n<p>O sistema de seguran\u00e7a social franc\u00eas reembolsa as despesas m\u00e9dicas do trabalhador expatriado at\u00e9 ao limite da taxa de base do seguro de doen\u00e7a e das despesas efectuadas, e paga subs\u00eddios di\u00e1rios em caso de doen\u00e7a ou acidente de trabalho.[\/vc_column_text][\/vc_column][\/vc_row][vc_row][vc_column][vc_column_text css_animation=&#8221;fadeIn&#8221;]<\/p>\n<h2><b>Como s\u00e3o reembolsadas as despesas m\u00e9dicas no pa\u00eds de origem?<\/b><\/h2>\n<p><span style=\"font-weight: 400;\">Se o trabalhador tiver apresentado um formul\u00e1rio S1 \u00e0 caixa de seguro de doen\u00e7a do seu pa\u00eds de resid\u00eancia na UE\/EEE, esta pode reembolsar as suas despesas m\u00e9dicas em conformidade com os seus pr\u00f3prios procedimentos.<\/span><\/p>\n<p><span style=\"font-weight: 400;\">Os trabalhadores podem tamb\u00e9m optar por ser reembolsados pelo sistema de sa\u00fade franc\u00eas. Neste caso, devem enviar as facturas pagas e a prova de pagamento, juntamente com o formul\u00e1rio S3125. <\/span><a href=\"https:\/\/www.ameli.fr\/content\/soins-recus-letranger-declaration-completer-par-lassuree\"><span style=\"font-weight: 400;\">Tratamento recebido no estrangeiro &#8211; declara\u00e7\u00e3o a preencher pela pessoa segurada (PDF)<\/span><\/a>, <span style=\"font-weight: 400;\">junto da<\/span> <a href=\"https:\/\/www.ameli.fr\/assure\/adresses-et-contacts\/un-autre-sujet\"><span style=\"font-weight: 400;\">sua caixa de seguro de doen\u00e7a<\/span><\/a><span style=\"font-weight: 400;\"> em Fran\u00e7a. O reembolso ser\u00e1 efectuado com base nas taxas actuais da seguran\u00e7a social francesa e at\u00e9 ao limite das despesas efectuadas.<\/span><\/p>\n<p><span style=\"font-weight: 400;\">Se o seu pa\u00eds de origem assinou uma conven\u00e7\u00e3o bilateral de seguran\u00e7a social com a Fran\u00e7a, as condi\u00e7\u00f5es de reembolso podem ser consultadas no<\/span> <a href=\"https:\/\/www.cleiss.fr\/\"><span style=\"font-weight: 400;\">s\u00edtio Web do Cleiss<\/span><\/a><span style=\"font-weight: 400;\">.<\/span>[\/vc_column_text][\/vc_column][\/vc_row][vc_row][vc_column][vc_column_text css_animation=&#8221;fadeIn&#8221;]<\/p>\n<h2>Que procedimento devo seguir se parar de trabalhar ou tiver um acidente de trabalho ou durante uma viagem em Fran\u00e7a?<\/h2>\n<p>Em caso de doen\u00e7a, o m\u00e9dico do expatriado pode passar uma receita de baixa por doen\u00e7a.<\/p>\n<p>Se um trabalhador sofrer um acidente de trabalho ou de trajeto, deve declarar o acidente \u00e0 sua caixa de seguro de doen\u00e7a em Fran\u00e7a, para que esta possa reembolsar as despesas de sa\u00fade e pagar as ajudas de custo.<\/p>\n<p>Em conclus\u00e3o, os trabalhadores estrangeiros devem informar-se sobre o funcionamento do sistema de sa\u00fade franc\u00eas antes de chegarem a Fran\u00e7a, de modo a poderem fazer a melhor escolha para si pr\u00f3prios e para as suas fam\u00edlias. O sistema de sa\u00fade franc\u00eas \u00e9 conhecido por oferecer muitas vantagens e \u00e9 considerado um dos melhores da Europa.[\/vc_column_text][\/vc_column][\/vc_row][vc_row][vc_column][vc_column_text css_animation=&#8221;fadeIn&#8221;]<em>#AB2PROTEAM Na AB2PRO, informamo-lo de todos os passos a dar para vir para Fran\u00e7a e, a seu pedido, tratamos dos procedimentos administrativos para se inscrever no sistema de seguran\u00e7a social franc\u00eas.<\/em>[\/vc_column_text][\/vc_column][\/vc_row][vc_row][vc_column][\/vc_column][\/vc_row]<\/p>\n","protected":false},"excerpt":{"rendered":"<p>O CPAM&#8230; mais uma palavra complicada de entender&#8230; mas felizmente estamos aqui! Se est\u00e1 a ler este artigo, esta palavra n\u00e3o tem segredos para si!<\/p>\n","protected":false},"author":18,"featured_media":33692,"comment_status":"closed","ping_status":"closed","sticky":false,"template":"","format":"standard","meta":{"_acf_changed":false,"footnotes":""},"categories":[712,583,581],"tags":[],"class_list":["post-48171","post","type-post","status-publish","format-standard","has-post-thumbnail","hentry","category-apresentacao-de-uma-agencia-de-trabalho-temporario","category-pagina-inicial","category-vindo-trabalhar-para-a-franca"],"acf":[],"yoast_head":"<!-- This site is optimized with the Yoast SEO plugin v26.8 - https:\/\/yoast.com\/product\/yoast-seo-wordpress\/ -->\n<title>O que \u00e9 a CPAM : fun\u00e7\u00f5es e passos | AB2PRO<\/title>\n<meta name=\"description\" content=\"Como se inscreve numa ag\u00eancia de trabalho tempor\u00e1rio francesa se \u00e9 um trabalhador europeu? Saiba tudo sobre o trabalho tempor\u00e1rio com a AB2PRO.\" \/>\n<meta name=\"robots\" content=\"index, follow, max-snippet:-1, max-image-preview:large, max-video-preview:-1\" \/>\n<link rel=\"canonical\" href=\"https:\/\/www.ab2pro.com\/pt-pt\/o-que-e-o-cpam\/\" \/>\n<meta property=\"og:locale\" content=\"pt_PT\" \/>\n<meta property=\"og:type\" content=\"article\" \/>\n<meta property=\"og:title\" content=\"O que \u00e9 a CPAM : fun\u00e7\u00f5es e passos | AB2PRO\" \/>\n<meta property=\"og:description\" content=\"Como se inscreve numa ag\u00eancia de trabalho tempor\u00e1rio francesa se \u00e9 um trabalhador europeu? Saiba tudo sobre o trabalho tempor\u00e1rio com a AB2PRO.\" \/>\n<meta property=\"og:url\" content=\"https:\/\/www.ab2pro.com\/pt-pt\/o-que-e-o-cpam\/\" \/>\n<meta property=\"og:site_name\" content=\"AB2PRO\" \/>\n<meta property=\"article:published_time\" content=\"2023-10-24T12:27:57+00:00\" \/>\n<meta property=\"article:modified_time\" content=\"2025-12-24T10:55:59+00:00\" \/>\n<meta property=\"og:image\" content=\"https:\/\/www.ab2pro.com\/wp-content\/uploads\/2022\/04\/securite-sociale-france-sante-interim-.jpg\" \/>\n\t<meta property=\"og:image:width\" content=\"612\" \/>\n\t<meta property=\"og:image:height\" content=\"612\" \/>\n\t<meta property=\"og:image:type\" content=\"image\/jpeg\" \/>\n<meta name=\"author\" content=\"AB2ProTradRoumain\" \/>\n<meta name=\"twitter:card\" content=\"summary_large_image\" \/>\n<meta name=\"twitter:label1\" content=\"Escrito por\" \/>\n\t<meta name=\"twitter:data1\" content=\"AB2ProTradRoumain\" \/>\n\t<meta name=\"twitter:label2\" content=\"Tempo estimado de leitura\" \/>\n\t<meta name=\"twitter:data2\" content=\"11 minutos\" \/>\n<script type=\"application\/ld+json\" class=\"yoast-schema-graph\">{\"@context\":\"https:\/\/schema.org\",\"@graph\":[{\"@type\":\"Article\",\"@id\":\"https:\/\/www.ab2pro.com\/pt-pt\/o-que-e-o-cpam\/#article\",\"isPartOf\":{\"@id\":\"https:\/\/www.ab2pro.com\/pt-pt\/o-que-e-o-cpam\/\"},\"author\":{\"name\":\"AB2ProTradRoumain\",\"@id\":\"https:\/\/www.ab2pro.com\/pt-pt\/#\/schema\/person\/36383d5c06ef2b01ccd75a541a8af27a\"},\"headline\":\"O que \u00e9 o CPAM?\",\"datePublished\":\"2023-10-24T12:27:57+00:00\",\"dateModified\":\"2025-12-24T10:55:59+00:00\",\"mainEntityOfPage\":{\"@id\":\"https:\/\/www.ab2pro.com\/pt-pt\/o-que-e-o-cpam\/\"},\"wordCount\":2502,\"publisher\":{\"@id\":\"https:\/\/www.ab2pro.com\/pt-pt\/#organization\"},\"image\":{\"@id\":\"https:\/\/www.ab2pro.com\/pt-pt\/o-que-e-o-cpam\/#primaryimage\"},\"thumbnailUrl\":\"https:\/\/www.ab2pro.com\/wp-content\/uploads\/2022\/04\/securite-sociale-france-sante-interim-.jpg\",\"articleSection\":[\"Apresenta\u00e7\u00e3o de uma ag\u00eancia de trabalho tempor\u00e1rio\",\"P\u00e1gina inicial\",\"Vindo trabalhar para a Fran\u00e7a\"],\"inLanguage\":\"pt-PT\"},{\"@type\":\"WebPage\",\"@id\":\"https:\/\/www.ab2pro.com\/pt-pt\/o-que-e-o-cpam\/\",\"url\":\"https:\/\/www.ab2pro.com\/pt-pt\/o-que-e-o-cpam\/\",\"name\":\"O que \u00e9 a CPAM : fun\u00e7\u00f5es e passos | AB2PRO\",\"isPartOf\":{\"@id\":\"https:\/\/www.ab2pro.com\/pt-pt\/#website\"},\"primaryImageOfPage\":{\"@id\":\"https:\/\/www.ab2pro.com\/pt-pt\/o-que-e-o-cpam\/#primaryimage\"},\"image\":{\"@id\":\"https:\/\/www.ab2pro.com\/pt-pt\/o-que-e-o-cpam\/#primaryimage\"},\"thumbnailUrl\":\"https:\/\/www.ab2pro.com\/wp-content\/uploads\/2022\/04\/securite-sociale-france-sante-interim-.jpg\",\"datePublished\":\"2023-10-24T12:27:57+00:00\",\"dateModified\":\"2025-12-24T10:55:59+00:00\",\"description\":\"Como se inscreve numa ag\u00eancia de trabalho tempor\u00e1rio francesa se \u00e9 um trabalhador europeu? Saiba tudo sobre o trabalho tempor\u00e1rio com a AB2PRO.\",\"breadcrumb\":{\"@id\":\"https:\/\/www.ab2pro.com\/pt-pt\/o-que-e-o-cpam\/#breadcrumb\"},\"inLanguage\":\"pt-PT\",\"potentialAction\":[{\"@type\":\"ReadAction\",\"target\":[\"https:\/\/www.ab2pro.com\/pt-pt\/o-que-e-o-cpam\/\"]}]},{\"@type\":\"ImageObject\",\"inLanguage\":\"pt-PT\",\"@id\":\"https:\/\/www.ab2pro.com\/pt-pt\/o-que-e-o-cpam\/#primaryimage\",\"url\":\"https:\/\/www.ab2pro.com\/wp-content\/uploads\/2022\/04\/securite-sociale-france-sante-interim-.jpg\",\"contentUrl\":\"https:\/\/www.ab2pro.com\/wp-content\/uploads\/2022\/04\/securite-sociale-france-sante-interim-.jpg\",\"width\":612,\"height\":612,\"caption\":\"French mutual theme sphere with keywords full vector\"},{\"@type\":\"BreadcrumbList\",\"@id\":\"https:\/\/www.ab2pro.com\/pt-pt\/o-que-e-o-cpam\/#breadcrumb\",\"itemListElement\":[{\"@type\":\"ListItem\",\"position\":1,\"name\":\"Accueil\",\"item\":\"https:\/\/www.ab2pro.com\/pt-pt\/\"},{\"@type\":\"ListItem\",\"position\":2,\"name\":\"O que \u00e9 o CPAM?\"}]},{\"@type\":\"WebSite\",\"@id\":\"https:\/\/www.ab2pro.com\/pt-pt\/#website\",\"url\":\"https:\/\/www.ab2pro.com\/pt-pt\/\",\"name\":\"AB2PRO\",\"description\":\"Agence d&#039;emploi sp\u00e9cialis\u00e9e dans le recrutement de travailleurs europ\u00e9ens\",\"publisher\":{\"@id\":\"https:\/\/www.ab2pro.com\/pt-pt\/#organization\"},\"potentialAction\":[{\"@type\":\"SearchAction\",\"target\":{\"@type\":\"EntryPoint\",\"urlTemplate\":\"https:\/\/www.ab2pro.com\/pt-pt\/?s={search_term_string}\"},\"query-input\":{\"@type\":\"PropertyValueSpecification\",\"valueRequired\":true,\"valueName\":\"search_term_string\"}}],\"inLanguage\":\"pt-PT\"},{\"@type\":\"Organization\",\"@id\":\"https:\/\/www.ab2pro.com\/pt-pt\/#organization\",\"name\":\"AB2PRO\",\"url\":\"https:\/\/www.ab2pro.com\/pt-pt\/\",\"logo\":{\"@type\":\"ImageObject\",\"inLanguage\":\"pt-PT\",\"@id\":\"https:\/\/www.ab2pro.com\/pt-pt\/#\/schema\/logo\/image\/\",\"url\":\"https:\/\/www.ab2pro.com\/wp-content\/uploads\/2020\/11\/logo-profil.png\",\"contentUrl\":\"https:\/\/www.ab2pro.com\/wp-content\/uploads\/2020\/11\/logo-profil.png\",\"width\":230,\"height\":47,\"caption\":\"AB2PRO\"},\"image\":{\"@id\":\"https:\/\/www.ab2pro.com\/pt-pt\/#\/schema\/logo\/image\/\"}},{\"@type\":\"Person\",\"@id\":\"https:\/\/www.ab2pro.com\/pt-pt\/#\/schema\/person\/36383d5c06ef2b01ccd75a541a8af27a\",\"name\":\"AB2ProTradRoumain\",\"image\":{\"@type\":\"ImageObject\",\"inLanguage\":\"pt-PT\",\"@id\":\"https:\/\/www.ab2pro.com\/pt-pt\/#\/schema\/person\/image\/\",\"url\":\"https:\/\/secure.gravatar.com\/avatar\/dec97dbf02524b974da41dadadc61092?s=96&d=mm&r=g\",\"contentUrl\":\"https:\/\/secure.gravatar.com\/avatar\/dec97dbf02524b974da41dadadc61092?s=96&d=mm&r=g\",\"caption\":\"AB2ProTradRoumain\"}}]}<\/script>\n<!-- \/ Yoast SEO plugin. -->","yoast_head_json":{"title":"O que \u00e9 a CPAM : fun\u00e7\u00f5es e passos | AB2PRO","description":"Como se inscreve numa ag\u00eancia de trabalho tempor\u00e1rio francesa se \u00e9 um trabalhador europeu? Saiba tudo sobre o trabalho tempor\u00e1rio com a AB2PRO.","robots":{"index":"index","follow":"follow","max-snippet":"max-snippet:-1","max-image-preview":"max-image-preview:large","max-video-preview":"max-video-preview:-1"},"canonical":"https:\/\/www.ab2pro.com\/pt-pt\/o-que-e-o-cpam\/","og_locale":"pt_PT","og_type":"article","og_title":"O que \u00e9 a CPAM : fun\u00e7\u00f5es e passos | AB2PRO","og_description":"Como se inscreve numa ag\u00eancia de trabalho tempor\u00e1rio francesa se \u00e9 um trabalhador europeu? Saiba tudo sobre o trabalho tempor\u00e1rio com a AB2PRO.","og_url":"https:\/\/www.ab2pro.com\/pt-pt\/o-que-e-o-cpam\/","og_site_name":"AB2PRO","article_published_time":"2023-10-24T12:27:57+00:00","article_modified_time":"2025-12-24T10:55:59+00:00","og_image":[{"width":612,"height":612,"url":"https:\/\/www.ab2pro.com\/wp-content\/uploads\/2022\/04\/securite-sociale-france-sante-interim-.jpg","type":"image\/jpeg"}],"author":"AB2ProTradRoumain","twitter_card":"summary_large_image","twitter_misc":{"Escrito por":"AB2ProTradRoumain","Tempo estimado de leitura":"11 minutos"},"schema":{"@context":"https:\/\/schema.org","@graph":[{"@type":"Article","@id":"https:\/\/www.ab2pro.com\/pt-pt\/o-que-e-o-cpam\/#article","isPartOf":{"@id":"https:\/\/www.ab2pro.com\/pt-pt\/o-que-e-o-cpam\/"},"author":{"name":"AB2ProTradRoumain","@id":"https:\/\/www.ab2pro.com\/pt-pt\/#\/schema\/person\/36383d5c06ef2b01ccd75a541a8af27a"},"headline":"O que \u00e9 o CPAM?","datePublished":"2023-10-24T12:27:57+00:00","dateModified":"2025-12-24T10:55:59+00:00","mainEntityOfPage":{"@id":"https:\/\/www.ab2pro.com\/pt-pt\/o-que-e-o-cpam\/"},"wordCount":2502,"publisher":{"@id":"https:\/\/www.ab2pro.com\/pt-pt\/#organization"},"image":{"@id":"https:\/\/www.ab2pro.com\/pt-pt\/o-que-e-o-cpam\/#primaryimage"},"thumbnailUrl":"https:\/\/www.ab2pro.com\/wp-content\/uploads\/2022\/04\/securite-sociale-france-sante-interim-.jpg","articleSection":["Apresenta\u00e7\u00e3o de uma ag\u00eancia de trabalho tempor\u00e1rio","P\u00e1gina inicial","Vindo trabalhar para a Fran\u00e7a"],"inLanguage":"pt-PT"},{"@type":"WebPage","@id":"https:\/\/www.ab2pro.com\/pt-pt\/o-que-e-o-cpam\/","url":"https:\/\/www.ab2pro.com\/pt-pt\/o-que-e-o-cpam\/","name":"O que \u00e9 a CPAM : fun\u00e7\u00f5es e passos | AB2PRO","isPartOf":{"@id":"https:\/\/www.ab2pro.com\/pt-pt\/#website"},"primaryImageOfPage":{"@id":"https:\/\/www.ab2pro.com\/pt-pt\/o-que-e-o-cpam\/#primaryimage"},"image":{"@id":"https:\/\/www.ab2pro.com\/pt-pt\/o-que-e-o-cpam\/#primaryimage"},"thumbnailUrl":"https:\/\/www.ab2pro.com\/wp-content\/uploads\/2022\/04\/securite-sociale-france-sante-interim-.jpg","datePublished":"2023-10-24T12:27:57+00:00","dateModified":"2025-12-24T10:55:59+00:00","description":"Como se inscreve numa ag\u00eancia de trabalho tempor\u00e1rio francesa se \u00e9 um trabalhador europeu? Saiba tudo sobre o trabalho tempor\u00e1rio com a AB2PRO.","breadcrumb":{"@id":"https:\/\/www.ab2pro.com\/pt-pt\/o-que-e-o-cpam\/#breadcrumb"},"inLanguage":"pt-PT","potentialAction":[{"@type":"ReadAction","target":["https:\/\/www.ab2pro.com\/pt-pt\/o-que-e-o-cpam\/"]}]},{"@type":"ImageObject","inLanguage":"pt-PT","@id":"https:\/\/www.ab2pro.com\/pt-pt\/o-que-e-o-cpam\/#primaryimage","url":"https:\/\/www.ab2pro.com\/wp-content\/uploads\/2022\/04\/securite-sociale-france-sante-interim-.jpg","contentUrl":"https:\/\/www.ab2pro.com\/wp-content\/uploads\/2022\/04\/securite-sociale-france-sante-interim-.jpg","width":612,"height":612,"caption":"French mutual theme sphere with keywords full vector"},{"@type":"BreadcrumbList","@id":"https:\/\/www.ab2pro.com\/pt-pt\/o-que-e-o-cpam\/#breadcrumb","itemListElement":[{"@type":"ListItem","position":1,"name":"Accueil","item":"https:\/\/www.ab2pro.com\/pt-pt\/"},{"@type":"ListItem","position":2,"name":"O que \u00e9 o CPAM?"}]},{"@type":"WebSite","@id":"https:\/\/www.ab2pro.com\/pt-pt\/#website","url":"https:\/\/www.ab2pro.com\/pt-pt\/","name":"AB2PRO","description":"Agence d&#039;emploi sp\u00e9cialis\u00e9e dans le recrutement de travailleurs europ\u00e9ens","publisher":{"@id":"https:\/\/www.ab2pro.com\/pt-pt\/#organization"},"potentialAction":[{"@type":"SearchAction","target":{"@type":"EntryPoint","urlTemplate":"https:\/\/www.ab2pro.com\/pt-pt\/?s={search_term_string}"},"query-input":{"@type":"PropertyValueSpecification","valueRequired":true,"valueName":"search_term_string"}}],"inLanguage":"pt-PT"},{"@type":"Organization","@id":"https:\/\/www.ab2pro.com\/pt-pt\/#organization","name":"AB2PRO","url":"https:\/\/www.ab2pro.com\/pt-pt\/","logo":{"@type":"ImageObject","inLanguage":"pt-PT","@id":"https:\/\/www.ab2pro.com\/pt-pt\/#\/schema\/logo\/image\/","url":"https:\/\/www.ab2pro.com\/wp-content\/uploads\/2020\/11\/logo-profil.png","contentUrl":"https:\/\/www.ab2pro.com\/wp-content\/uploads\/2020\/11\/logo-profil.png","width":230,"height":47,"caption":"AB2PRO"},"image":{"@id":"https:\/\/www.ab2pro.com\/pt-pt\/#\/schema\/logo\/image\/"}},{"@type":"Person","@id":"https:\/\/www.ab2pro.com\/pt-pt\/#\/schema\/person\/36383d5c06ef2b01ccd75a541a8af27a","name":"AB2ProTradRoumain","image":{"@type":"ImageObject","inLanguage":"pt-PT","@id":"https:\/\/www.ab2pro.com\/pt-pt\/#\/schema\/person\/image\/","url":"https:\/\/secure.gravatar.com\/avatar\/dec97dbf02524b974da41dadadc61092?s=96&d=mm&r=g","contentUrl":"https:\/\/secure.gravatar.com\/avatar\/dec97dbf02524b974da41dadadc61092?s=96&d=mm&r=g","caption":"AB2ProTradRoumain"}}]}},"_links":{"self":[{"href":"https:\/\/www.ab2pro.com\/pt-pt\/wp-json\/wp\/v2\/posts\/48171","targetHints":{"allow":["GET"]}}],"collection":[{"href":"https:\/\/www.ab2pro.com\/pt-pt\/wp-json\/wp\/v2\/posts"}],"about":[{"href":"https:\/\/www.ab2pro.com\/pt-pt\/wp-json\/wp\/v2\/types\/post"}],"author":[{"embeddable":true,"href":"https:\/\/www.ab2pro.com\/pt-pt\/wp-json\/wp\/v2\/users\/18"}],"replies":[{"embeddable":true,"href":"https:\/\/www.ab2pro.com\/pt-pt\/wp-json\/wp\/v2\/comments?post=48171"}],"version-history":[{"count":0,"href":"https:\/\/www.ab2pro.com\/pt-pt\/wp-json\/wp\/v2\/posts\/48171\/revisions"}],"wp:featuredmedia":[{"embeddable":true,"href":"https:\/\/www.ab2pro.com\/pt-pt\/wp-json\/wp\/v2\/media\/33692"}],"wp:attachment":[{"href":"https:\/\/www.ab2pro.com\/pt-pt\/wp-json\/wp\/v2\/media?parent=48171"}],"wp:term":[{"taxonomy":"category","embeddable":true,"href":"https:\/\/www.ab2pro.com\/pt-pt\/wp-json\/wp\/v2\/categories?post=48171"},{"taxonomy":"post_tag","embeddable":true,"href":"https:\/\/www.ab2pro.com\/pt-pt\/wp-json\/wp\/v2\/tags?post=48171"}],"curies":[{"name":"wp","href":"https:\/\/api.w.org\/{rel}","templated":true}]}}