
{"id":58060,"date":"2023-03-08T16:13:45","date_gmt":"2023-03-08T15:13:45","guid":{"rendered":"https:\/\/www.ab2pro.com\/trabalho-temporario-na-ab2pro-as-mulheres-sao-o-centro-das-atencoes\/"},"modified":"2024-10-14T16:56:30","modified_gmt":"2024-10-14T14:56:30","slug":"trabalho-temporario-na-ab2pro-as-mulheres-sao-o-centro-das-atencoes","status":"publish","type":"post","link":"https:\/\/www.ab2pro.com\/pt-pt\/trabalho-temporario-na-ab2pro-as-mulheres-sao-o-centro-das-atencoes\/","title":{"rendered":"Trabalho tempor\u00e1rio: na AB2PRO, as mulheres s\u00e3o o centro das aten\u00e7\u00f5es!"},"content":{"rendered":"<p>[vc_row][vc_column][vc_column_text css_animation=&#8221;fadeInDown&#8221;]O dia 8 de mar\u00e7o n\u00e3o \u00e9 apenas um dia dedicado \u00e0s mulheres, \u00e9 tamb\u00e9m o Dia Internacional dos Direitos da Mulher. O objetivo do dia \u00e9 destacar as batalhas que foram travadas e que ainda precisam de ser travadas, bem como as disparidades que ainda existem. Este dia \u00e9 um lembrete para todos n\u00f3s, para lutarmos juntos pela igualdade entre mulheres e homens.[\/vc_column_text][\/vc_column][\/vc_row][vc_row][vc_column width=&#8221;1\/2&#8243;][vc_column_text css_animation=&#8221;fadeIn&#8221;]<\/p>\n<h2>Alguns n\u00fameros sobre o papel das mulheres no sector do trabalho tempor\u00e1rio.<\/h2>\n<p>O estatuto de trabalhador tempor\u00e1rio tem um toque masculino e est\u00e1 muitas vezes associado ao trabalho masculino, mas qual \u00e9 o lugar das mulheres neste mundo t\u00e3o masculino? De acordo com um estudo do Observatoire Int\u00e9rim Recrutement (OIR), as mulheres representam :<\/p>\n<ul>\n<li><strong>35% dos trabalhadores tempor\u00e1rios<\/strong> est\u00e3o atualmente no mercado de trabalho, <strong>em compara\u00e7\u00e3o com 25% em 2014<\/strong>.<\/li>\n<li><strong>34% t\u00eam<\/strong> <strong>menos de 25 anos<\/strong>, <strong>28%<\/strong> t\u00eam <strong>entre 25 e 34 anos<\/strong>, <strong>18%<\/strong> t\u00eam <strong>entre 35 e 44 anos<\/strong> e <strong>20%<\/strong> t\u00eam <strong>45 anos ou mais<\/strong>.<\/li>\n<li>O sector que lidera em termos de n\u00famero de trabalhadoras tempor\u00e1rias <strong>\u00e9 o da constru\u00e7\u00e3o<\/strong> e <strong>obras p\u00fablicas<\/strong>. <\/li>\n<li><strong>359 horas de trabalho<\/strong> tempor\u00e1rio, em compara\u00e7\u00e3o com <strong>540 horas<\/strong> para os homens.<\/li>\n<li><strong>78% s\u00e3o trabalhadores<\/strong> efectivos de empresas de trabalho tempor\u00e1rio.<\/li>\n<\/ul>\n<p>[\/vc_column_text][\/vc_column][vc_column width=&#8221;1\/2&#8243;][vc_single_image image=&#8221;39486&#8243; img_size=&#8221;full&#8221; css_animation=&#8221;fadeIn&#8221;][\/vc_column][\/vc_row][vc_row][vc_column][vc_column_text css_animation=&#8221;fadeIn&#8221;]Muitos sectores est\u00e3o a recrutar, como a constru\u00e7\u00e3o e as obras p\u00fablicas ou a ind\u00fastria alimentar, mas continuam a ser sectores que recrutam sobretudo homens. No entanto, a propor\u00e7\u00e3o de mulheres no sector da constru\u00e7\u00e3o continua a aumentar. De acordo com os \u00faltimos dados do FFB, ser\u00e1 de <strong>12,3% em 2020<\/strong>, quase o dobro do valor <strong>registado em 2000<\/strong>.[\/vc_column_text][\/vc_column][\/vc_row][vc_row][vc_column][vc_column_text css_animation=&#8221;fadeIn&#8221;]<\/p>\n<h2>O que \u00e9 que isto significa para a AB2PRO?<\/h2>\n<p>A empresa emprega atualmente 77 pessoas em toda a Fran\u00e7a, bem como na Rom\u00e9nia, Bulg\u00e1ria e Hungria. Dos 77 funcion\u00e1rios, 51 s\u00e3o mulheres, pelo que n\u00e3o se trata de um problema de mulheres na AB2PRO?<\/p>\n<p>Neste Dia Internacional dos Direitos da Mulher, os funcion\u00e1rios da AB2PRO abrem as portas da sua sede em Bouaye. Mais de quinze deles trabalham na sede em \u00e1reas de apoio como a contabilidade, a administra\u00e7\u00e3o comercial, os sal\u00e1rios e a fatura\u00e7\u00e3o, as comunica\u00e7\u00f5es, o alojamento de pessoal tempor\u00e1rio e os assuntos jur\u00eddicos.[\/vc_column_text][\/vc_column][\/vc_row][vc_row][vc_column][vc_single_image image=&#8221;39475&#8243; img_size=&#8221;full&#8221; css_animation=&#8221;fadeIn&#8221;][\/vc_column][\/vc_row][vc_row][vc_column][vc_column_text css_animation=&#8221;fadeIn&#8221;]Quer sejam respons\u00e1veis pelo recrutamento, gestoras de neg\u00f3cios, nos servi\u00e7os de apoio como a contabilidade, comunica\u00e7\u00e3o, jur\u00eddico ou nos servi\u00e7os AB, as mulheres da AB2PRO est\u00e3o em todas as frentes para apoiar todos os nossos clientes e trabalhadores tempor\u00e1rios todos os dias e assim contribuir para o sucesso da empresa.<\/p>\n<p>Podemos assim confirmar que as mulheres contam na AB2PRO e que o trabalho tempor\u00e1rio tamb\u00e9m \u00e9 um neg\u00f3cio de mulheres! Se quiser juntar-se a n\u00f3s, visite www.ab2pro.com na sec\u00e7\u00e3o de recrutamento AB2PRO #EveryWomanCounts[\/vc_column_text][\/vc_column][\/vc_row][vc_row][vc_column][vc_single_image image=&#8221;39467&#8243; img_size=&#8221;full&#8221; css_animation=&#8221;fadeIn&#8221;][\/vc_column][\/vc_row]<\/p>\n","protected":false},"excerpt":{"rendered":"<p>[vc_row][vc_column][vc_column_text css_animation=&#8221;fadeInDown&#8221;]O dia 8 de mar\u00e7o n\u00e3o \u00e9 apenas um dia dedicado \u00e0s mulheres, \u00e9 tamb\u00e9m o Dia Internacional dos [&hellip;]<\/p>\n","protected":false},"author":1772,"featured_media":39496,"comment_status":"closed","ping_status":"closed","sticky":false,"template":"","format":"standard","meta":{"_acf_changed":false,"footnotes":""},"categories":[583,709],"tags":[],"class_list":["post-58060","post","type-post","status-publish","format-standard","has-post-thumbnail","hentry","category-pagina-inicial","category-sabia-que"],"acf":[],"yoast_head":"<!-- This site is optimized with the Yoast SEO plugin v26.8 - https:\/\/yoast.com\/product\/yoast-seo-wordpress\/ -->\n<title>Trabalho tempor\u00e1rio: na AB2PRO, as mulheres s\u00e3o o centro das aten\u00e7\u00f5es! - AB2PRO<\/title>\n<meta name=\"description\" content=\"Trabalho tempor\u00e1rio: na AB2PRO, as mulheres s\u00e3o o centro das aten\u00e7\u00f5es!\" \/>\n<meta name=\"robots\" content=\"index, follow, max-snippet:-1, max-image-preview:large, max-video-preview:-1\" \/>\n<link rel=\"canonical\" href=\"https:\/\/www.ab2pro.com\/pt-pt\/trabalho-temporario-na-ab2pro-as-mulheres-sao-o-centro-das-atencoes\/\" \/>\n<meta property=\"og:locale\" content=\"pt_PT\" \/>\n<meta property=\"og:type\" content=\"article\" \/>\n<meta property=\"og:title\" content=\"Trabalho tempor\u00e1rio: na AB2PRO, as mulheres s\u00e3o o centro das aten\u00e7\u00f5es! - AB2PRO\" \/>\n<meta property=\"og:description\" content=\"Trabalho tempor\u00e1rio: na AB2PRO, as mulheres s\u00e3o o centro das aten\u00e7\u00f5es!\" \/>\n<meta property=\"og:url\" content=\"https:\/\/www.ab2pro.com\/pt-pt\/trabalho-temporario-na-ab2pro-as-mulheres-sao-o-centro-das-atencoes\/\" \/>\n<meta property=\"og:site_name\" content=\"AB2PRO\" \/>\n<meta property=\"article:published_time\" content=\"2023-03-08T15:13:45+00:00\" \/>\n<meta property=\"article:modified_time\" content=\"2024-10-14T14:56:30+00:00\" \/>\n<meta property=\"og:image\" content=\"https:\/\/www.ab2pro.com\/wp-content\/uploads\/2023\/03\/photosab2pro2-scaled.jpg\" \/>\n\t<meta property=\"og:image:width\" content=\"2048\" \/>\n\t<meta property=\"og:image:height\" content=\"1152\" \/>\n\t<meta property=\"og:image:type\" content=\"image\/jpeg\" \/>\n<meta name=\"author\" content=\"Maureen Bertrand\" \/>\n<meta name=\"twitter:card\" content=\"summary_large_image\" \/>\n<meta name=\"twitter:label1\" content=\"Escrito por\" \/>\n\t<meta name=\"twitter:data1\" content=\"Maureen Bertrand\" \/>\n\t<meta name=\"twitter:label2\" content=\"Tempo estimado de leitura\" \/>\n\t<meta name=\"twitter:data2\" content=\"3 minutos\" \/>\n<script type=\"application\/ld+json\" class=\"yoast-schema-graph\">{\"@context\":\"https:\/\/schema.org\",\"@graph\":[{\"@type\":\"Article\",\"@id\":\"https:\/\/www.ab2pro.com\/pt-pt\/trabalho-temporario-na-ab2pro-as-mulheres-sao-o-centro-das-atencoes\/#article\",\"isPartOf\":{\"@id\":\"https:\/\/www.ab2pro.com\/pt-pt\/trabalho-temporario-na-ab2pro-as-mulheres-sao-o-centro-das-atencoes\/\"},\"author\":{\"name\":\"Maureen Bertrand\",\"@id\":\"https:\/\/www.ab2pro.com\/pt-pt\/#\/schema\/person\/999b8bcb57f23c55d9c1ea694b31abca\"},\"headline\":\"Trabalho tempor\u00e1rio: na AB2PRO, as mulheres s\u00e3o o centro das aten\u00e7\u00f5es!\",\"datePublished\":\"2023-03-08T15:13:45+00:00\",\"dateModified\":\"2024-10-14T14:56:30+00:00\",\"mainEntityOfPage\":{\"@id\":\"https:\/\/www.ab2pro.com\/pt-pt\/trabalho-temporario-na-ab2pro-as-mulheres-sao-o-centro-das-atencoes\/\"},\"wordCount\":624,\"publisher\":{\"@id\":\"https:\/\/www.ab2pro.com\/pt-pt\/#organization\"},\"image\":{\"@id\":\"https:\/\/www.ab2pro.com\/pt-pt\/trabalho-temporario-na-ab2pro-as-mulheres-sao-o-centro-das-atencoes\/#primaryimage\"},\"thumbnailUrl\":\"https:\/\/www.ab2pro.com\/wp-content\/uploads\/2023\/03\/photosab2pro2-scaled.jpg\",\"articleSection\":[\"P\u00e1gina inicial\",\"Sabia que...\"],\"inLanguage\":\"pt-PT\"},{\"@type\":\"WebPage\",\"@id\":\"https:\/\/www.ab2pro.com\/pt-pt\/trabalho-temporario-na-ab2pro-as-mulheres-sao-o-centro-das-atencoes\/\",\"url\":\"https:\/\/www.ab2pro.com\/pt-pt\/trabalho-temporario-na-ab2pro-as-mulheres-sao-o-centro-das-atencoes\/\",\"name\":\"Trabalho tempor\u00e1rio: na AB2PRO, as mulheres s\u00e3o o centro das aten\u00e7\u00f5es! - AB2PRO\",\"isPartOf\":{\"@id\":\"https:\/\/www.ab2pro.com\/pt-pt\/#website\"},\"primaryImageOfPage\":{\"@id\":\"https:\/\/www.ab2pro.com\/pt-pt\/trabalho-temporario-na-ab2pro-as-mulheres-sao-o-centro-das-atencoes\/#primaryimage\"},\"image\":{\"@id\":\"https:\/\/www.ab2pro.com\/pt-pt\/trabalho-temporario-na-ab2pro-as-mulheres-sao-o-centro-das-atencoes\/#primaryimage\"},\"thumbnailUrl\":\"https:\/\/www.ab2pro.com\/wp-content\/uploads\/2023\/03\/photosab2pro2-scaled.jpg\",\"datePublished\":\"2023-03-08T15:13:45+00:00\",\"dateModified\":\"2024-10-14T14:56:30+00:00\",\"description\":\"Trabalho tempor\u00e1rio: na AB2PRO, as mulheres s\u00e3o o centro das aten\u00e7\u00f5es!\",\"breadcrumb\":{\"@id\":\"https:\/\/www.ab2pro.com\/pt-pt\/trabalho-temporario-na-ab2pro-as-mulheres-sao-o-centro-das-atencoes\/#breadcrumb\"},\"inLanguage\":\"pt-PT\",\"potentialAction\":[{\"@type\":\"ReadAction\",\"target\":[\"https:\/\/www.ab2pro.com\/pt-pt\/trabalho-temporario-na-ab2pro-as-mulheres-sao-o-centro-das-atencoes\/\"]}]},{\"@type\":\"ImageObject\",\"inLanguage\":\"pt-PT\",\"@id\":\"https:\/\/www.ab2pro.com\/pt-pt\/trabalho-temporario-na-ab2pro-as-mulheres-sao-o-centro-das-atencoes\/#primaryimage\",\"url\":\"https:\/\/www.ab2pro.com\/wp-content\/uploads\/2023\/03\/photosab2pro2-scaled.jpg\",\"contentUrl\":\"https:\/\/www.ab2pro.com\/wp-content\/uploads\/2023\/03\/photosab2pro2-scaled.jpg\",\"width\":2048,\"height\":1152},{\"@type\":\"BreadcrumbList\",\"@id\":\"https:\/\/www.ab2pro.com\/pt-pt\/trabalho-temporario-na-ab2pro-as-mulheres-sao-o-centro-das-atencoes\/#breadcrumb\",\"itemListElement\":[{\"@type\":\"ListItem\",\"position\":1,\"name\":\"Accueil\",\"item\":\"https:\/\/www.ab2pro.com\/pt-pt\/\"},{\"@type\":\"ListItem\",\"position\":2,\"name\":\"Trabalho tempor\u00e1rio: na AB2PRO, as mulheres s\u00e3o o centro das aten\u00e7\u00f5es!\"}]},{\"@type\":\"WebSite\",\"@id\":\"https:\/\/www.ab2pro.com\/pt-pt\/#website\",\"url\":\"https:\/\/www.ab2pro.com\/pt-pt\/\",\"name\":\"AB2PRO\",\"description\":\"Agence d&#039;emploi sp\u00e9cialis\u00e9e dans le recrutement de travailleurs europ\u00e9ens\",\"publisher\":{\"@id\":\"https:\/\/www.ab2pro.com\/pt-pt\/#organization\"},\"potentialAction\":[{\"@type\":\"SearchAction\",\"target\":{\"@type\":\"EntryPoint\",\"urlTemplate\":\"https:\/\/www.ab2pro.com\/pt-pt\/?s={search_term_string}\"},\"query-input\":{\"@type\":\"PropertyValueSpecification\",\"valueRequired\":true,\"valueName\":\"search_term_string\"}}],\"inLanguage\":\"pt-PT\"},{\"@type\":\"Organization\",\"@id\":\"https:\/\/www.ab2pro.com\/pt-pt\/#organization\",\"name\":\"AB2PRO\",\"url\":\"https:\/\/www.ab2pro.com\/pt-pt\/\",\"logo\":{\"@type\":\"ImageObject\",\"inLanguage\":\"pt-PT\",\"@id\":\"https:\/\/www.ab2pro.com\/pt-pt\/#\/schema\/logo\/image\/\",\"url\":\"https:\/\/www.ab2pro.com\/wp-content\/uploads\/2020\/11\/logo-profil.png\",\"contentUrl\":\"https:\/\/www.ab2pro.com\/wp-content\/uploads\/2020\/11\/logo-profil.png\",\"width\":230,\"height\":47,\"caption\":\"AB2PRO\"},\"image\":{\"@id\":\"https:\/\/www.ab2pro.com\/pt-pt\/#\/schema\/logo\/image\/\"}},{\"@type\":\"Person\",\"@id\":\"https:\/\/www.ab2pro.com\/pt-pt\/#\/schema\/person\/999b8bcb57f23c55d9c1ea694b31abca\",\"name\":\"Maureen Bertrand\",\"image\":{\"@type\":\"ImageObject\",\"inLanguage\":\"pt-PT\",\"@id\":\"https:\/\/www.ab2pro.com\/pt-pt\/#\/schema\/person\/image\/\",\"url\":\"https:\/\/secure.gravatar.com\/avatar\/574896d5b43bc09a0f0a13dff3933dfc?s=96&d=mm&r=g\",\"contentUrl\":\"https:\/\/secure.gravatar.com\/avatar\/574896d5b43bc09a0f0a13dff3933dfc?s=96&d=mm&r=g\",\"caption\":\"Maureen Bertrand\"}}]}<\/script>\n<!-- \/ Yoast SEO plugin. -->","yoast_head_json":{"title":"Trabalho tempor\u00e1rio: na AB2PRO, as mulheres s\u00e3o o centro das aten\u00e7\u00f5es! - AB2PRO","description":"Trabalho tempor\u00e1rio: na AB2PRO, as mulheres s\u00e3o o centro das aten\u00e7\u00f5es!","robots":{"index":"index","follow":"follow","max-snippet":"max-snippet:-1","max-image-preview":"max-image-preview:large","max-video-preview":"max-video-preview:-1"},"canonical":"https:\/\/www.ab2pro.com\/pt-pt\/trabalho-temporario-na-ab2pro-as-mulheres-sao-o-centro-das-atencoes\/","og_locale":"pt_PT","og_type":"article","og_title":"Trabalho tempor\u00e1rio: na AB2PRO, as mulheres s\u00e3o o centro das aten\u00e7\u00f5es! - AB2PRO","og_description":"Trabalho tempor\u00e1rio: na AB2PRO, as mulheres s\u00e3o o centro das aten\u00e7\u00f5es!","og_url":"https:\/\/www.ab2pro.com\/pt-pt\/trabalho-temporario-na-ab2pro-as-mulheres-sao-o-centro-das-atencoes\/","og_site_name":"AB2PRO","article_published_time":"2023-03-08T15:13:45+00:00","article_modified_time":"2024-10-14T14:56:30+00:00","og_image":[{"width":2048,"height":1152,"url":"https:\/\/www.ab2pro.com\/wp-content\/uploads\/2023\/03\/photosab2pro2-scaled.jpg","type":"image\/jpeg"}],"author":"Maureen Bertrand","twitter_card":"summary_large_image","twitter_misc":{"Escrito por":"Maureen Bertrand","Tempo estimado de leitura":"3 minutos"},"schema":{"@context":"https:\/\/schema.org","@graph":[{"@type":"Article","@id":"https:\/\/www.ab2pro.com\/pt-pt\/trabalho-temporario-na-ab2pro-as-mulheres-sao-o-centro-das-atencoes\/#article","isPartOf":{"@id":"https:\/\/www.ab2pro.com\/pt-pt\/trabalho-temporario-na-ab2pro-as-mulheres-sao-o-centro-das-atencoes\/"},"author":{"name":"Maureen Bertrand","@id":"https:\/\/www.ab2pro.com\/pt-pt\/#\/schema\/person\/999b8bcb57f23c55d9c1ea694b31abca"},"headline":"Trabalho tempor\u00e1rio: na AB2PRO, as mulheres s\u00e3o o centro das aten\u00e7\u00f5es!","datePublished":"2023-03-08T15:13:45+00:00","dateModified":"2024-10-14T14:56:30+00:00","mainEntityOfPage":{"@id":"https:\/\/www.ab2pro.com\/pt-pt\/trabalho-temporario-na-ab2pro-as-mulheres-sao-o-centro-das-atencoes\/"},"wordCount":624,"publisher":{"@id":"https:\/\/www.ab2pro.com\/pt-pt\/#organization"},"image":{"@id":"https:\/\/www.ab2pro.com\/pt-pt\/trabalho-temporario-na-ab2pro-as-mulheres-sao-o-centro-das-atencoes\/#primaryimage"},"thumbnailUrl":"https:\/\/www.ab2pro.com\/wp-content\/uploads\/2023\/03\/photosab2pro2-scaled.jpg","articleSection":["P\u00e1gina inicial","Sabia que..."],"inLanguage":"pt-PT"},{"@type":"WebPage","@id":"https:\/\/www.ab2pro.com\/pt-pt\/trabalho-temporario-na-ab2pro-as-mulheres-sao-o-centro-das-atencoes\/","url":"https:\/\/www.ab2pro.com\/pt-pt\/trabalho-temporario-na-ab2pro-as-mulheres-sao-o-centro-das-atencoes\/","name":"Trabalho tempor\u00e1rio: na AB2PRO, as mulheres s\u00e3o o centro das aten\u00e7\u00f5es! - AB2PRO","isPartOf":{"@id":"https:\/\/www.ab2pro.com\/pt-pt\/#website"},"primaryImageOfPage":{"@id":"https:\/\/www.ab2pro.com\/pt-pt\/trabalho-temporario-na-ab2pro-as-mulheres-sao-o-centro-das-atencoes\/#primaryimage"},"image":{"@id":"https:\/\/www.ab2pro.com\/pt-pt\/trabalho-temporario-na-ab2pro-as-mulheres-sao-o-centro-das-atencoes\/#primaryimage"},"thumbnailUrl":"https:\/\/www.ab2pro.com\/wp-content\/uploads\/2023\/03\/photosab2pro2-scaled.jpg","datePublished":"2023-03-08T15:13:45+00:00","dateModified":"2024-10-14T14:56:30+00:00","description":"Trabalho tempor\u00e1rio: na AB2PRO, as mulheres s\u00e3o o centro das aten\u00e7\u00f5es!","breadcrumb":{"@id":"https:\/\/www.ab2pro.com\/pt-pt\/trabalho-temporario-na-ab2pro-as-mulheres-sao-o-centro-das-atencoes\/#breadcrumb"},"inLanguage":"pt-PT","potentialAction":[{"@type":"ReadAction","target":["https:\/\/www.ab2pro.com\/pt-pt\/trabalho-temporario-na-ab2pro-as-mulheres-sao-o-centro-das-atencoes\/"]}]},{"@type":"ImageObject","inLanguage":"pt-PT","@id":"https:\/\/www.ab2pro.com\/pt-pt\/trabalho-temporario-na-ab2pro-as-mulheres-sao-o-centro-das-atencoes\/#primaryimage","url":"https:\/\/www.ab2pro.com\/wp-content\/uploads\/2023\/03\/photosab2pro2-scaled.jpg","contentUrl":"https:\/\/www.ab2pro.com\/wp-content\/uploads\/2023\/03\/photosab2pro2-scaled.jpg","width":2048,"height":1152},{"@type":"BreadcrumbList","@id":"https:\/\/www.ab2pro.com\/pt-pt\/trabalho-temporario-na-ab2pro-as-mulheres-sao-o-centro-das-atencoes\/#breadcrumb","itemListElement":[{"@type":"ListItem","position":1,"name":"Accueil","item":"https:\/\/www.ab2pro.com\/pt-pt\/"},{"@type":"ListItem","position":2,"name":"Trabalho tempor\u00e1rio: na AB2PRO, as mulheres s\u00e3o o centro das aten\u00e7\u00f5es!"}]},{"@type":"WebSite","@id":"https:\/\/www.ab2pro.com\/pt-pt\/#website","url":"https:\/\/www.ab2pro.com\/pt-pt\/","name":"AB2PRO","description":"Agence d&#039;emploi sp\u00e9cialis\u00e9e dans le recrutement de travailleurs europ\u00e9ens","publisher":{"@id":"https:\/\/www.ab2pro.com\/pt-pt\/#organization"},"potentialAction":[{"@type":"SearchAction","target":{"@type":"EntryPoint","urlTemplate":"https:\/\/www.ab2pro.com\/pt-pt\/?s={search_term_string}"},"query-input":{"@type":"PropertyValueSpecification","valueRequired":true,"valueName":"search_term_string"}}],"inLanguage":"pt-PT"},{"@type":"Organization","@id":"https:\/\/www.ab2pro.com\/pt-pt\/#organization","name":"AB2PRO","url":"https:\/\/www.ab2pro.com\/pt-pt\/","logo":{"@type":"ImageObject","inLanguage":"pt-PT","@id":"https:\/\/www.ab2pro.com\/pt-pt\/#\/schema\/logo\/image\/","url":"https:\/\/www.ab2pro.com\/wp-content\/uploads\/2020\/11\/logo-profil.png","contentUrl":"https:\/\/www.ab2pro.com\/wp-content\/uploads\/2020\/11\/logo-profil.png","width":230,"height":47,"caption":"AB2PRO"},"image":{"@id":"https:\/\/www.ab2pro.com\/pt-pt\/#\/schema\/logo\/image\/"}},{"@type":"Person","@id":"https:\/\/www.ab2pro.com\/pt-pt\/#\/schema\/person\/999b8bcb57f23c55d9c1ea694b31abca","name":"Maureen Bertrand","image":{"@type":"ImageObject","inLanguage":"pt-PT","@id":"https:\/\/www.ab2pro.com\/pt-pt\/#\/schema\/person\/image\/","url":"https:\/\/secure.gravatar.com\/avatar\/574896d5b43bc09a0f0a13dff3933dfc?s=96&d=mm&r=g","contentUrl":"https:\/\/secure.gravatar.com\/avatar\/574896d5b43bc09a0f0a13dff3933dfc?s=96&d=mm&r=g","caption":"Maureen Bertrand"}}]}},"_links":{"self":[{"href":"https:\/\/www.ab2pro.com\/pt-pt\/wp-json\/wp\/v2\/posts\/58060","targetHints":{"allow":["GET"]}}],"collection":[{"href":"https:\/\/www.ab2pro.com\/pt-pt\/wp-json\/wp\/v2\/posts"}],"about":[{"href":"https:\/\/www.ab2pro.com\/pt-pt\/wp-json\/wp\/v2\/types\/post"}],"author":[{"embeddable":true,"href":"https:\/\/www.ab2pro.com\/pt-pt\/wp-json\/wp\/v2\/users\/1772"}],"replies":[{"embeddable":true,"href":"https:\/\/www.ab2pro.com\/pt-pt\/wp-json\/wp\/v2\/comments?post=58060"}],"version-history":[{"count":0,"href":"https:\/\/www.ab2pro.com\/pt-pt\/wp-json\/wp\/v2\/posts\/58060\/revisions"}],"wp:featuredmedia":[{"embeddable":true,"href":"https:\/\/www.ab2pro.com\/pt-pt\/wp-json\/wp\/v2\/media\/39496"}],"wp:attachment":[{"href":"https:\/\/www.ab2pro.com\/pt-pt\/wp-json\/wp\/v2\/media?parent=58060"}],"wp:term":[{"taxonomy":"category","embeddable":true,"href":"https:\/\/www.ab2pro.com\/pt-pt\/wp-json\/wp\/v2\/categories?post=58060"},{"taxonomy":"post_tag","embeddable":true,"href":"https:\/\/www.ab2pro.com\/pt-pt\/wp-json\/wp\/v2\/tags?post=58060"}],"curies":[{"name":"wp","href":"https:\/\/api.w.org\/{rel}","templated":true}]}}