
{"id":59142,"date":"2024-01-26T11:32:44","date_gmt":"2024-01-26T10:32:44","guid":{"rendered":"https:\/\/www.ab2pro.com\/?p=59142"},"modified":"2025-07-11T15:54:42","modified_gmt":"2025-07-11T13:54:42","slug":"montpellier-entre-a-historia-e-o-mediterraneo-um-itinerario-inesquecivel-para-os-membros-da-ab2proteam","status":"publish","type":"post","link":"https:\/\/www.ab2pro.com\/pt-pt\/montpellier-entre-a-historia-e-o-mediterraneo-um-itinerario-inesquecivel-para-os-membros-da-ab2proteam\/","title":{"rendered":"Montpellier, entre a Hist\u00f3ria e o Mediterr\u00e2neo: um itiner\u00e1rio inesquec\u00edvel para os membros da AB2PROTEAM"},"content":{"rendered":"<p>[vc_row][vc_column][vc_column_text css_animation=&#8221;fadeInDown&#8221;]Bem-vindos a Montpellier, caros membros da AB2PROTEAM! Mergulhe nas ruas ensolaradas desta cidade mediterr\u00e2nica com este itiner\u00e1rio concebido especialmente para si. Entre hist\u00f3ria, arte, gastronomia e a atmosfera \u00fanica de Montpellier, cada esquina, cada monumento e cada degusta\u00e7\u00e3o ser\u00e1 uma experi\u00eancia \u00fanica. Aproveite ao m\u00e1ximo a cidade e fa\u00e7a de cada momento aqui uma parte memor\u00e1vel da sua aventura. Desfrute da sua descoberta![\/vc_column_text][\/vc_column][\/vc_row][vc_row][vc_column width=&#8221;1\/2&#8243;][vc_single_image image=&#8221;65461&#8243; img_size=&#8221;960&#215;960&#8243; css_animation=&#8221;fadeIn&#8221;][\/vc_column][vc_column width=&#8221;1\/2&#8243;][vc_column_text css_animation=&#8221;fadeInDown&#8221;]<\/p>\n<h2>Itiner\u00e1rio<\/h2>\n<h3>1. In\u00edcio: Place de la Com\u00e9die<\/h3>\n<p>[\/vc_column_text][vc_column_text css_animation=&#8221;fadeIn&#8221;]Comece o seu dia na vibrante Place de la Com\u00e9die. Admire a arquitetura do Grand Th\u00e9\u00e2tre e desfrute da agita\u00e7\u00e3o desta pra\u00e7a central.[\/vc_column_text][vc_column_text css_animation=&#8221;fadeIn&#8221;]<\/p>\n<h3>2. O \u00c9cusson: o centro hist\u00f3rico<\/h3>\n<p>Dirija-se ao \u00c9cusson, o centro hist\u00f3rico de Montpellier. Perca-se nas ruas empedradas, descubra as pra\u00e7as animadas e explore as lojas locais.[\/vc_column_text][\/vc_column][\/vc_row][vc_row][vc_column width=&#8221;1\/2&#8243;][vc_column_text css_animation=&#8221;fadeIn&#8221;]<\/p>\n<h3>3-4. O Jardim das Plantas e a Catedral de S\u00e3o Pedro<\/h3>\n<p>Fa\u00e7a uma pausa verde no Jardin des Plantes, um dos mais antigos jardins bot\u00e2nicos de Fran\u00e7a. Desfrute da paz e do sossego no meio da vegeta\u00e7\u00e3o.<\/p>\n<p>Depois de relaxar nos jardins de Montpellier, convidamo-lo a visitar a Catedral de Saint-Pierre, um tesouro da arquitetura g\u00f3tica.<\/p>\n<p>Aqui pode admirar os vitrais repletos de hist\u00f3ria e subir \u00e0 torre para ter uma vista panor\u00e2mica da cidade.[\/vc_column_text][vc_column_text css_animation=&#8221;fadeIn&#8221;]<\/p>\n<h3>5. Almo\u00e7o no Quartier Saint-Roch<\/h3>\n<p>Fazer uma pausa para almo\u00e7o no Quartier Saint-Roch. Os restaurantes oferecem uma variedade de cozinhas, desde a local \u00e0 mediterr\u00e2nica.[\/vc_column_text][\/vc_column][vc_column width=&#8221;1\/2&#8243;][vc_single_image image=&#8221;65469&#8243; img_size=&#8221;960&#215;960&#8243; css_animation=&#8221;fadeIn&#8221;][\/vc_column][\/vc_row][vc_row][vc_column width=&#8221;1\/2&#8243;][vc_single_image image=&#8221;65453&#8243; img_size=&#8221;960&#215;960&#8243; css_animation=&#8221;fadeIn&#8221;][\/vc_column][vc_column width=&#8221;1\/2&#8243;][vc_column_text css_animation=&#8221;fadeIn&#8221;]<\/p>\n<h3>6. Le Peyrou e o aqueduto de Saint-Cl\u00e9ment<\/h3>\n<p>\u00c0 tarde, passeie pela Promenade du Peyrou. Admire o Arco do Triunfo e descubra o Aqueduc Saint-Cl\u00e9ment, uma maravilha da engenharia.<\/p>\n<h3>7. As Belas-Artes e a Pra\u00e7a Real do Peyrou<\/h3>\n<p>Explore os museus de Belas Artes e a Place Royale du Peyrou. Os edif\u00edcios majestosos e as fontes criam uma atmosfera elegante.<\/p>\n<h3>8. Jantar no bairro de Antigone<\/h3>\n<p>Para jantar, dirija-se ao bairro de Antigone, famoso pela sua arquitetura contempor\u00e2nea. Os restaurantes \u00e0 beira-mar oferecem um ambiente tranquilo.[\/vc_column_text][\/vc_column][\/vc_row][vc_row][vc_column][vc_column_text css_animation=&#8221;fadeIn&#8221;]<\/p>\n<h3 style=\"text-align: left;\">9. O Corum e o Centro Hist\u00f3rico de Nuit<\/h3>\n<p style=\"text-align: left;\">Termine o seu dia no Corum, um centro cultural moderno. Depois, passeie pelo centro hist\u00f3rico \u00e0 noite, onde as ruas se iluminam com uma atmosfera calorosa.<\/p>\n<p>[\/vc_column_text][\/vc_column][\/vc_row][vc_row][vc_column][vc_column_text css_animation=&#8221;fadeIn&#8221;]Como membros da AB2PROTEAM, esperamos que este itiner\u00e1rio vos permita descobrir a riqueza de Montpellier. Quer seja pela hist\u00f3ria cativante, pelos tesouros art\u00edsticos ou pelas del\u00edcias mediterr\u00e2nicas, cada momento passado nesta cidade aproxima-o um pouco mais do seu aut\u00eantico encanto. Aproveite ao m\u00e1ximo cada momento em Montpellier, e deixe que cada rua que explorar se torne uma p\u00e1gina memor\u00e1vel da sua aventura. Desfrute da sua descoberta! Para aqueles que ainda n\u00e3o s\u00e3o membros da #AB2PROTEAM e gostariam de aproveitar uma miss\u00e3o em Montpellier para descobrir esta magn\u00edfica cidade, clique <a href=\"https:\/\/www.ab2pro.com\/pt-pt\/oferta-emprego-franca\/\">aqui<\/a>![\/vc_column_text][\/vc_column][\/vc_row]<\/p>\n","protected":false},"excerpt":{"rendered":"<p>Montpellier, com as suas vistas deslumbrantes sobre o Mediterr\u00e2neo e os seus monumentos hist\u00f3ricos, tem um itiner\u00e1rio que o vai deixar boquiaberto! Basta seguir o artigo para o descobrir \ud83d\ude09 <\/p>\n","protected":false},"author":9,"featured_media":56981,"comment_status":"closed","ping_status":"closed","sticky":false,"template":"","format":"standard","meta":{"_acf_changed":false,"footnotes":""},"categories":[833,653,583,709],"tags":[],"class_list":["post-59142","post","type-post","status-publish","format-standard","has-post-thumbnail","hentry","category-descubra-a-europa-com-ab2pro","category-descubra-a-franca","category-pagina-inicial","category-sabia-que"],"acf":[],"yoast_head":"<!-- This site is optimized with the Yoast SEO plugin v26.8 - https:\/\/yoast.com\/product\/yoast-seo-wordpress\/ -->\n<title>Montpellier, entre a Hist\u00f3ria e o Mediterr\u00e2neo: um itiner\u00e1rio inesquec\u00edvel para os membros da AB2PROTEAM - AB2PRO<\/title>\n<meta name=\"description\" content=\"Montpellier, entre a Hist\u00f3ria e o Mediterr\u00e2neo: um itiner\u00e1rio inesquec\u00edvel para os membros da AB2PROTEAM\" \/>\n<meta name=\"robots\" content=\"index, follow, max-snippet:-1, max-image-preview:large, max-video-preview:-1\" \/>\n<link rel=\"canonical\" href=\"https:\/\/www.ab2pro.com\/pt-pt\/montpellier-entre-a-historia-e-o-mediterraneo-um-itinerario-inesquecivel-para-os-membros-da-ab2proteam\/\" \/>\n<meta property=\"og:locale\" content=\"pt_PT\" \/>\n<meta property=\"og:type\" content=\"article\" \/>\n<meta property=\"og:title\" content=\"Montpellier, entre a Hist\u00f3ria e o Mediterr\u00e2neo: um itiner\u00e1rio inesquec\u00edvel para os membros da AB2PROTEAM - AB2PRO\" \/>\n<meta property=\"og:description\" content=\"Montpellier, entre a Hist\u00f3ria e o Mediterr\u00e2neo: um itiner\u00e1rio inesquec\u00edvel para os membros da AB2PROTEAM\" \/>\n<meta property=\"og:url\" content=\"https:\/\/www.ab2pro.com\/pt-pt\/montpellier-entre-a-historia-e-o-mediterraneo-um-itinerario-inesquecivel-para-os-membros-da-ab2proteam\/\" \/>\n<meta property=\"og:site_name\" content=\"AB2PRO\" \/>\n<meta property=\"article:published_time\" content=\"2024-01-26T10:32:44+00:00\" \/>\n<meta property=\"article:modified_time\" content=\"2025-07-11T13:54:42+00:00\" \/>\n<meta property=\"og:image\" content=\"https:\/\/www.ab2pro.com\/wp-content\/uploads\/2024\/01\/cathedrale-saint-pierre-montpellier-scaled.jpg\" \/>\n\t<meta property=\"og:image:width\" content=\"2048\" \/>\n\t<meta property=\"og:image:height\" content=\"1779\" \/>\n\t<meta property=\"og:image:type\" content=\"image\/jpeg\" \/>\n<meta name=\"author\" content=\"MaudeAB2PRO\" \/>\n<meta name=\"twitter:card\" content=\"summary_large_image\" \/>\n<meta name=\"twitter:label1\" content=\"Escrito por\" \/>\n\t<meta name=\"twitter:data1\" content=\"MaudeAB2PRO\" \/>\n\t<meta name=\"twitter:label2\" content=\"Tempo estimado de leitura\" \/>\n\t<meta name=\"twitter:data2\" content=\"3 minutos\" \/>\n<script type=\"application\/ld+json\" class=\"yoast-schema-graph\">{\"@context\":\"https:\/\/schema.org\",\"@graph\":[{\"@type\":\"Article\",\"@id\":\"https:\/\/www.ab2pro.com\/pt-pt\/montpellier-entre-a-historia-e-o-mediterraneo-um-itinerario-inesquecivel-para-os-membros-da-ab2proteam\/#article\",\"isPartOf\":{\"@id\":\"https:\/\/www.ab2pro.com\/pt-pt\/montpellier-entre-a-historia-e-o-mediterraneo-um-itinerario-inesquecivel-para-os-membros-da-ab2proteam\/\"},\"author\":{\"name\":\"MaudeAB2PRO\",\"@id\":\"https:\/\/www.ab2pro.com\/pt-pt\/#\/schema\/person\/2a8a291280d10fe49dac825b0c1542f0\"},\"headline\":\"Montpellier, entre a Hist\u00f3ria e o Mediterr\u00e2neo: um itiner\u00e1rio inesquec\u00edvel para os membros da AB2PROTEAM\",\"datePublished\":\"2024-01-26T10:32:44+00:00\",\"dateModified\":\"2025-07-11T13:54:42+00:00\",\"mainEntityOfPage\":{\"@id\":\"https:\/\/www.ab2pro.com\/pt-pt\/montpellier-entre-a-historia-e-o-mediterraneo-um-itinerario-inesquecivel-para-os-membros-da-ab2proteam\/\"},\"wordCount\":668,\"publisher\":{\"@id\":\"https:\/\/www.ab2pro.com\/pt-pt\/#organization\"},\"image\":{\"@id\":\"https:\/\/www.ab2pro.com\/pt-pt\/montpellier-entre-a-historia-e-o-mediterraneo-um-itinerario-inesquecivel-para-os-membros-da-ab2proteam\/#primaryimage\"},\"thumbnailUrl\":\"https:\/\/www.ab2pro.com\/wp-content\/uploads\/2024\/01\/cathedrale-saint-pierre-montpellier-scaled.jpg\",\"articleSection\":[\"Descubra a Europa com AB2PRO\",\"Descubra a Fran\u00e7a\",\"P\u00e1gina inicial\",\"Sabia que...\"],\"inLanguage\":\"pt-PT\"},{\"@type\":\"WebPage\",\"@id\":\"https:\/\/www.ab2pro.com\/pt-pt\/montpellier-entre-a-historia-e-o-mediterraneo-um-itinerario-inesquecivel-para-os-membros-da-ab2proteam\/\",\"url\":\"https:\/\/www.ab2pro.com\/pt-pt\/montpellier-entre-a-historia-e-o-mediterraneo-um-itinerario-inesquecivel-para-os-membros-da-ab2proteam\/\",\"name\":\"Montpellier, entre a Hist\u00f3ria e o Mediterr\u00e2neo: um itiner\u00e1rio inesquec\u00edvel para os membros da AB2PROTEAM - AB2PRO\",\"isPartOf\":{\"@id\":\"https:\/\/www.ab2pro.com\/pt-pt\/#website\"},\"primaryImageOfPage\":{\"@id\":\"https:\/\/www.ab2pro.com\/pt-pt\/montpellier-entre-a-historia-e-o-mediterraneo-um-itinerario-inesquecivel-para-os-membros-da-ab2proteam\/#primaryimage\"},\"image\":{\"@id\":\"https:\/\/www.ab2pro.com\/pt-pt\/montpellier-entre-a-historia-e-o-mediterraneo-um-itinerario-inesquecivel-para-os-membros-da-ab2proteam\/#primaryimage\"},\"thumbnailUrl\":\"https:\/\/www.ab2pro.com\/wp-content\/uploads\/2024\/01\/cathedrale-saint-pierre-montpellier-scaled.jpg\",\"datePublished\":\"2024-01-26T10:32:44+00:00\",\"dateModified\":\"2025-07-11T13:54:42+00:00\",\"description\":\"Montpellier, entre a Hist\u00f3ria e o Mediterr\u00e2neo: um itiner\u00e1rio inesquec\u00edvel para os membros da AB2PROTEAM\",\"breadcrumb\":{\"@id\":\"https:\/\/www.ab2pro.com\/pt-pt\/montpellier-entre-a-historia-e-o-mediterraneo-um-itinerario-inesquecivel-para-os-membros-da-ab2proteam\/#breadcrumb\"},\"inLanguage\":\"pt-PT\",\"potentialAction\":[{\"@type\":\"ReadAction\",\"target\":[\"https:\/\/www.ab2pro.com\/pt-pt\/montpellier-entre-a-historia-e-o-mediterraneo-um-itinerario-inesquecivel-para-os-membros-da-ab2proteam\/\"]}]},{\"@type\":\"ImageObject\",\"inLanguage\":\"pt-PT\",\"@id\":\"https:\/\/www.ab2pro.com\/pt-pt\/montpellier-entre-a-historia-e-o-mediterraneo-um-itinerario-inesquecivel-para-os-membros-da-ab2proteam\/#primaryimage\",\"url\":\"https:\/\/www.ab2pro.com\/wp-content\/uploads\/2024\/01\/cathedrale-saint-pierre-montpellier-scaled.jpg\",\"contentUrl\":\"https:\/\/www.ab2pro.com\/wp-content\/uploads\/2024\/01\/cathedrale-saint-pierre-montpellier-scaled.jpg\",\"width\":2048,\"height\":1779},{\"@type\":\"BreadcrumbList\",\"@id\":\"https:\/\/www.ab2pro.com\/pt-pt\/montpellier-entre-a-historia-e-o-mediterraneo-um-itinerario-inesquecivel-para-os-membros-da-ab2proteam\/#breadcrumb\",\"itemListElement\":[{\"@type\":\"ListItem\",\"position\":1,\"name\":\"Accueil\",\"item\":\"https:\/\/www.ab2pro.com\/pt-pt\/\"},{\"@type\":\"ListItem\",\"position\":2,\"name\":\"Montpellier, entre a Hist\u00f3ria e o Mediterr\u00e2neo: um itiner\u00e1rio inesquec\u00edvel para os membros da AB2PROTEAM\"}]},{\"@type\":\"WebSite\",\"@id\":\"https:\/\/www.ab2pro.com\/pt-pt\/#website\",\"url\":\"https:\/\/www.ab2pro.com\/pt-pt\/\",\"name\":\"AB2PRO\",\"description\":\"Agence d&#039;emploi sp\u00e9cialis\u00e9e dans le recrutement de travailleurs europ\u00e9ens\",\"publisher\":{\"@id\":\"https:\/\/www.ab2pro.com\/pt-pt\/#organization\"},\"potentialAction\":[{\"@type\":\"SearchAction\",\"target\":{\"@type\":\"EntryPoint\",\"urlTemplate\":\"https:\/\/www.ab2pro.com\/pt-pt\/?s={search_term_string}\"},\"query-input\":{\"@type\":\"PropertyValueSpecification\",\"valueRequired\":true,\"valueName\":\"search_term_string\"}}],\"inLanguage\":\"pt-PT\"},{\"@type\":\"Organization\",\"@id\":\"https:\/\/www.ab2pro.com\/pt-pt\/#organization\",\"name\":\"AB2PRO\",\"url\":\"https:\/\/www.ab2pro.com\/pt-pt\/\",\"logo\":{\"@type\":\"ImageObject\",\"inLanguage\":\"pt-PT\",\"@id\":\"https:\/\/www.ab2pro.com\/pt-pt\/#\/schema\/logo\/image\/\",\"url\":\"https:\/\/www.ab2pro.com\/wp-content\/uploads\/2020\/11\/logo-profil.png\",\"contentUrl\":\"https:\/\/www.ab2pro.com\/wp-content\/uploads\/2020\/11\/logo-profil.png\",\"width\":230,\"height\":47,\"caption\":\"AB2PRO\"},\"image\":{\"@id\":\"https:\/\/www.ab2pro.com\/pt-pt\/#\/schema\/logo\/image\/\"}},{\"@type\":\"Person\",\"@id\":\"https:\/\/www.ab2pro.com\/pt-pt\/#\/schema\/person\/2a8a291280d10fe49dac825b0c1542f0\",\"name\":\"MaudeAB2PRO\",\"image\":{\"@type\":\"ImageObject\",\"inLanguage\":\"pt-PT\",\"@id\":\"https:\/\/www.ab2pro.com\/pt-pt\/#\/schema\/person\/image\/\",\"url\":\"https:\/\/secure.gravatar.com\/avatar\/613b8599a07b8d90193da3b7d84a1997?s=96&d=mm&r=g\",\"contentUrl\":\"https:\/\/secure.gravatar.com\/avatar\/613b8599a07b8d90193da3b7d84a1997?s=96&d=mm&r=g\",\"caption\":\"MaudeAB2PRO\"}}]}<\/script>\n<!-- \/ Yoast SEO plugin. -->","yoast_head_json":{"title":"Montpellier, entre a Hist\u00f3ria e o Mediterr\u00e2neo: um itiner\u00e1rio inesquec\u00edvel para os membros da AB2PROTEAM - AB2PRO","description":"Montpellier, entre a Hist\u00f3ria e o Mediterr\u00e2neo: um itiner\u00e1rio inesquec\u00edvel para os membros da AB2PROTEAM","robots":{"index":"index","follow":"follow","max-snippet":"max-snippet:-1","max-image-preview":"max-image-preview:large","max-video-preview":"max-video-preview:-1"},"canonical":"https:\/\/www.ab2pro.com\/pt-pt\/montpellier-entre-a-historia-e-o-mediterraneo-um-itinerario-inesquecivel-para-os-membros-da-ab2proteam\/","og_locale":"pt_PT","og_type":"article","og_title":"Montpellier, entre a Hist\u00f3ria e o Mediterr\u00e2neo: um itiner\u00e1rio inesquec\u00edvel para os membros da AB2PROTEAM - AB2PRO","og_description":"Montpellier, entre a Hist\u00f3ria e o Mediterr\u00e2neo: um itiner\u00e1rio inesquec\u00edvel para os membros da AB2PROTEAM","og_url":"https:\/\/www.ab2pro.com\/pt-pt\/montpellier-entre-a-historia-e-o-mediterraneo-um-itinerario-inesquecivel-para-os-membros-da-ab2proteam\/","og_site_name":"AB2PRO","article_published_time":"2024-01-26T10:32:44+00:00","article_modified_time":"2025-07-11T13:54:42+00:00","og_image":[{"width":2048,"height":1779,"url":"https:\/\/www.ab2pro.com\/wp-content\/uploads\/2024\/01\/cathedrale-saint-pierre-montpellier-scaled.jpg","type":"image\/jpeg"}],"author":"MaudeAB2PRO","twitter_card":"summary_large_image","twitter_misc":{"Escrito por":"MaudeAB2PRO","Tempo estimado de leitura":"3 minutos"},"schema":{"@context":"https:\/\/schema.org","@graph":[{"@type":"Article","@id":"https:\/\/www.ab2pro.com\/pt-pt\/montpellier-entre-a-historia-e-o-mediterraneo-um-itinerario-inesquecivel-para-os-membros-da-ab2proteam\/#article","isPartOf":{"@id":"https:\/\/www.ab2pro.com\/pt-pt\/montpellier-entre-a-historia-e-o-mediterraneo-um-itinerario-inesquecivel-para-os-membros-da-ab2proteam\/"},"author":{"name":"MaudeAB2PRO","@id":"https:\/\/www.ab2pro.com\/pt-pt\/#\/schema\/person\/2a8a291280d10fe49dac825b0c1542f0"},"headline":"Montpellier, entre a Hist\u00f3ria e o Mediterr\u00e2neo: um itiner\u00e1rio inesquec\u00edvel para os membros da AB2PROTEAM","datePublished":"2024-01-26T10:32:44+00:00","dateModified":"2025-07-11T13:54:42+00:00","mainEntityOfPage":{"@id":"https:\/\/www.ab2pro.com\/pt-pt\/montpellier-entre-a-historia-e-o-mediterraneo-um-itinerario-inesquecivel-para-os-membros-da-ab2proteam\/"},"wordCount":668,"publisher":{"@id":"https:\/\/www.ab2pro.com\/pt-pt\/#organization"},"image":{"@id":"https:\/\/www.ab2pro.com\/pt-pt\/montpellier-entre-a-historia-e-o-mediterraneo-um-itinerario-inesquecivel-para-os-membros-da-ab2proteam\/#primaryimage"},"thumbnailUrl":"https:\/\/www.ab2pro.com\/wp-content\/uploads\/2024\/01\/cathedrale-saint-pierre-montpellier-scaled.jpg","articleSection":["Descubra a Europa com AB2PRO","Descubra a Fran\u00e7a","P\u00e1gina inicial","Sabia que..."],"inLanguage":"pt-PT"},{"@type":"WebPage","@id":"https:\/\/www.ab2pro.com\/pt-pt\/montpellier-entre-a-historia-e-o-mediterraneo-um-itinerario-inesquecivel-para-os-membros-da-ab2proteam\/","url":"https:\/\/www.ab2pro.com\/pt-pt\/montpellier-entre-a-historia-e-o-mediterraneo-um-itinerario-inesquecivel-para-os-membros-da-ab2proteam\/","name":"Montpellier, entre a Hist\u00f3ria e o Mediterr\u00e2neo: um itiner\u00e1rio inesquec\u00edvel para os membros da AB2PROTEAM - AB2PRO","isPartOf":{"@id":"https:\/\/www.ab2pro.com\/pt-pt\/#website"},"primaryImageOfPage":{"@id":"https:\/\/www.ab2pro.com\/pt-pt\/montpellier-entre-a-historia-e-o-mediterraneo-um-itinerario-inesquecivel-para-os-membros-da-ab2proteam\/#primaryimage"},"image":{"@id":"https:\/\/www.ab2pro.com\/pt-pt\/montpellier-entre-a-historia-e-o-mediterraneo-um-itinerario-inesquecivel-para-os-membros-da-ab2proteam\/#primaryimage"},"thumbnailUrl":"https:\/\/www.ab2pro.com\/wp-content\/uploads\/2024\/01\/cathedrale-saint-pierre-montpellier-scaled.jpg","datePublished":"2024-01-26T10:32:44+00:00","dateModified":"2025-07-11T13:54:42+00:00","description":"Montpellier, entre a Hist\u00f3ria e o Mediterr\u00e2neo: um itiner\u00e1rio inesquec\u00edvel para os membros da AB2PROTEAM","breadcrumb":{"@id":"https:\/\/www.ab2pro.com\/pt-pt\/montpellier-entre-a-historia-e-o-mediterraneo-um-itinerario-inesquecivel-para-os-membros-da-ab2proteam\/#breadcrumb"},"inLanguage":"pt-PT","potentialAction":[{"@type":"ReadAction","target":["https:\/\/www.ab2pro.com\/pt-pt\/montpellier-entre-a-historia-e-o-mediterraneo-um-itinerario-inesquecivel-para-os-membros-da-ab2proteam\/"]}]},{"@type":"ImageObject","inLanguage":"pt-PT","@id":"https:\/\/www.ab2pro.com\/pt-pt\/montpellier-entre-a-historia-e-o-mediterraneo-um-itinerario-inesquecivel-para-os-membros-da-ab2proteam\/#primaryimage","url":"https:\/\/www.ab2pro.com\/wp-content\/uploads\/2024\/01\/cathedrale-saint-pierre-montpellier-scaled.jpg","contentUrl":"https:\/\/www.ab2pro.com\/wp-content\/uploads\/2024\/01\/cathedrale-saint-pierre-montpellier-scaled.jpg","width":2048,"height":1779},{"@type":"BreadcrumbList","@id":"https:\/\/www.ab2pro.com\/pt-pt\/montpellier-entre-a-historia-e-o-mediterraneo-um-itinerario-inesquecivel-para-os-membros-da-ab2proteam\/#breadcrumb","itemListElement":[{"@type":"ListItem","position":1,"name":"Accueil","item":"https:\/\/www.ab2pro.com\/pt-pt\/"},{"@type":"ListItem","position":2,"name":"Montpellier, entre a Hist\u00f3ria e o Mediterr\u00e2neo: um itiner\u00e1rio inesquec\u00edvel para os membros da AB2PROTEAM"}]},{"@type":"WebSite","@id":"https:\/\/www.ab2pro.com\/pt-pt\/#website","url":"https:\/\/www.ab2pro.com\/pt-pt\/","name":"AB2PRO","description":"Agence d&#039;emploi sp\u00e9cialis\u00e9e dans le recrutement de travailleurs europ\u00e9ens","publisher":{"@id":"https:\/\/www.ab2pro.com\/pt-pt\/#organization"},"potentialAction":[{"@type":"SearchAction","target":{"@type":"EntryPoint","urlTemplate":"https:\/\/www.ab2pro.com\/pt-pt\/?s={search_term_string}"},"query-input":{"@type":"PropertyValueSpecification","valueRequired":true,"valueName":"search_term_string"}}],"inLanguage":"pt-PT"},{"@type":"Organization","@id":"https:\/\/www.ab2pro.com\/pt-pt\/#organization","name":"AB2PRO","url":"https:\/\/www.ab2pro.com\/pt-pt\/","logo":{"@type":"ImageObject","inLanguage":"pt-PT","@id":"https:\/\/www.ab2pro.com\/pt-pt\/#\/schema\/logo\/image\/","url":"https:\/\/www.ab2pro.com\/wp-content\/uploads\/2020\/11\/logo-profil.png","contentUrl":"https:\/\/www.ab2pro.com\/wp-content\/uploads\/2020\/11\/logo-profil.png","width":230,"height":47,"caption":"AB2PRO"},"image":{"@id":"https:\/\/www.ab2pro.com\/pt-pt\/#\/schema\/logo\/image\/"}},{"@type":"Person","@id":"https:\/\/www.ab2pro.com\/pt-pt\/#\/schema\/person\/2a8a291280d10fe49dac825b0c1542f0","name":"MaudeAB2PRO","image":{"@type":"ImageObject","inLanguage":"pt-PT","@id":"https:\/\/www.ab2pro.com\/pt-pt\/#\/schema\/person\/image\/","url":"https:\/\/secure.gravatar.com\/avatar\/613b8599a07b8d90193da3b7d84a1997?s=96&d=mm&r=g","contentUrl":"https:\/\/secure.gravatar.com\/avatar\/613b8599a07b8d90193da3b7d84a1997?s=96&d=mm&r=g","caption":"MaudeAB2PRO"}}]}},"_links":{"self":[{"href":"https:\/\/www.ab2pro.com\/pt-pt\/wp-json\/wp\/v2\/posts\/59142","targetHints":{"allow":["GET"]}}],"collection":[{"href":"https:\/\/www.ab2pro.com\/pt-pt\/wp-json\/wp\/v2\/posts"}],"about":[{"href":"https:\/\/www.ab2pro.com\/pt-pt\/wp-json\/wp\/v2\/types\/post"}],"author":[{"embeddable":true,"href":"https:\/\/www.ab2pro.com\/pt-pt\/wp-json\/wp\/v2\/users\/9"}],"replies":[{"embeddable":true,"href":"https:\/\/www.ab2pro.com\/pt-pt\/wp-json\/wp\/v2\/comments?post=59142"}],"version-history":[{"count":0,"href":"https:\/\/www.ab2pro.com\/pt-pt\/wp-json\/wp\/v2\/posts\/59142\/revisions"}],"wp:featuredmedia":[{"embeddable":true,"href":"https:\/\/www.ab2pro.com\/pt-pt\/wp-json\/wp\/v2\/media\/56981"}],"wp:attachment":[{"href":"https:\/\/www.ab2pro.com\/pt-pt\/wp-json\/wp\/v2\/media?parent=59142"}],"wp:term":[{"taxonomy":"category","embeddable":true,"href":"https:\/\/www.ab2pro.com\/pt-pt\/wp-json\/wp\/v2\/categories?post=59142"},{"taxonomy":"post_tag","embeddable":true,"href":"https:\/\/www.ab2pro.com\/pt-pt\/wp-json\/wp\/v2\/tags?post=59142"}],"curies":[{"name":"wp","href":"https:\/\/api.w.org\/{rel}","templated":true}]}}