
{"id":59294,"date":"2024-01-30T11:21:01","date_gmt":"2024-01-30T10:21:01","guid":{"rendered":"https:\/\/www.ab2pro.com\/estrasburgo-uma-epopeia-no-tempo-e-na-cor-um-itinerario-encantado\/"},"modified":"2025-07-11T15:53:18","modified_gmt":"2025-07-11T13:53:18","slug":"estrasburgo-uma-epopeia-no-tempo-e-na-cor-um-itinerario-encantado","status":"publish","type":"post","link":"https:\/\/www.ab2pro.com\/pt-pt\/estrasburgo-uma-epopeia-no-tempo-e-na-cor-um-itinerario-encantado\/","title":{"rendered":"Estrasburgo, uma epopeia no tempo e na cor: um itiner\u00e1rio encantado"},"content":{"rendered":"<p>[vc_row][vc_column][vc_column_text css_animation=&#8221;fadeInDown&#8221;]Bem-vindo a esta viagem \u00e9pica pelas ruas de Estrasburgo, onde cada rua e pra\u00e7a revela um peda\u00e7o da hist\u00f3ria colorida da cidade. Siga este guia pormenorizado para uma aventura inesquec\u00edvel atrav\u00e9s do tempo.[\/vc_column_text][\/vc_column][\/vc_row][vc_row][vc_column][vc_column_text css_animation=&#8221;fadeInDown&#8221;]<\/p>\n<h2>Itiner\u00e1rio<\/h2>\n<p>[\/vc_column_text][\/vc_column][\/vc_row][vc_row][vc_column width=&#8221;1\/2&#8243;][vc_single_image image=&#8221;55697&#8243; img_size=&#8221;960&#215;960&#8243; css_animation=&#8221;fadeIn&#8221;][\/vc_column][vc_column width=&#8221;1\/2&#8243;][vc_column_text css_animation=&#8221;fadeIn&#8221;]<\/p>\n<h3>1. In\u00edcio: La Petite France<\/h3>\n<p>Comece a sua viagem no emblem\u00e1tico bairro de La Petite France, onde as ruas empedradas da Rue des Moulins sussurram hist\u00f3rias do passado. Passeie ao longo dos canais e deixe-se encantar pelas fachadas em enxaimel que parecem guardar os segredos de s\u00e9culos passados.[\/vc_column_text][vc_column_text css_animation=&#8221;fadeIn&#8221;]<\/p>\n<h3>2. Em dire\u00e7\u00e3o ao centro hist\u00f3rico: Rue des Dentelles<\/h3>\n<p>Sair de La Petite France pela Rue des Dentelles. Este caminho sinuoso leva-o atrav\u00e9s de passagens estreitas e p\u00e1tios pitorescos. Os tons ocres e os tons de verde das portadas criam uma atmosfera acolhedora, convidando-o a explorar cada canto.[\/vc_column_text][\/vc_column][\/vc_row][vc_row][vc_column width=&#8221;1\/2&#8243;][vc_column_text css_animation=&#8221;fadeIn&#8221;]<\/p>\n<h3>3. Pausa cultural: Museu Hist\u00f3rico de Estrasburgo<\/h3>\n<p>Dirija-se para norte ao longo da Rue du Bain-aux-Plantes, que conduz ao Mus\u00e9e Historique de Strasbourg. Instalado num magn\u00edfico edif\u00edcio do s\u00e9culo XVI, o museu oferece uma vis\u00e3o fascinante da hist\u00f3ria local, desde a antiguidade at\u00e9 aos dias de hoje.[\/vc_column_text][vc_column_text css_animation=&#8221;fadeIn&#8221;]<\/p>\n<h3>4. Charme medieval: Ponts Couverts e Place du March\u00e9 Gayot<\/h3>\n<p>Dirija-se para leste, para os famosos Ponts Couverts, atrav\u00e9s da Rue des Moulins. Seguir pela Rue du 22 Novembre at\u00e9 \u00e0 Place du March\u00e9 Gayot. As bancas coloridas do mercado d\u00e3o um toque animado a este local, onde o com\u00e9rcio existe h\u00e1 s\u00e9culos.[\/vc_column_text][\/vc_column][vc_column width=&#8221;1\/2&#8243;][vc_single_image image=&#8221;55681&#8243; img_size=&#8221;960&#215;960&#8243; css_animation=&#8221;fadeIn&#8221;][\/vc_column][\/vc_row][vc_row][vc_column width=&#8221;1\/2&#8243;][vc_single_image image=&#8221;33434&#8243; img_size=&#8221;960&#215;960&#8243; css_animation=&#8221;fadeIn&#8221;][\/vc_column][vc_column width=&#8221;1\/2&#8243;][vc_column_text css_animation=&#8221;fadeIn&#8221;]<\/p>\n<h3>5. Rumo ao Apogeu Arquitet\u00f3nico: a Catedral de Notre-Dame<\/h3>\n<p>Continue a sua viagem pela Rue du Maroquin para chegar \u00e0 majestosa Catedral de Notre-Dame. Cada pormenor desta maravilha g\u00f3tica conta uma hist\u00f3ria, desde as g\u00e1rgulas sentinelas \u00e0s esculturas que adornam a fachada.[\/vc_column_text][vc_column_text css_animation=&#8221;fadeIn&#8221;]<\/p>\n<h3>6. Um final feliz: o bairro de Kruteneau<\/h3>\n<p>Termine o seu passeio explorando o bairro de Krutenau, a sul da Grande \u00cele. Esta zona est\u00e1 repleta de caf\u00e9s, boutiques e ruas tranquilas. A Rue de la Krutenau \u00e9 um \u00faltimo olhar sobre a vida quotidiana em Estrasburgo.[\/vc_column_text][\/vc_column][\/vc_row][vc_row][vc_column][vc_column_text css_animation=&#8221;fadeIn&#8221;]Ao seguir este extenso itiner\u00e1rio, cada rua que atravessa torna-se um cap\u00edtulo da sua explora\u00e7\u00e3o atrav\u00e9s do tempo e das cores de Estrasburgo. Aproveite o tempo para absorver a atmosfera \u00fanica de cada bairro e deixe-se levar pelo encanto desta cidade de mil facetas. Desfrutem da vossa aventura! Para aqueles que ainda n\u00e3o s\u00e3o membros da #AB2PROTEAM e gostariam de aproveitar uma miss\u00e3o em Estrasburgo para descobrir esta magn\u00edfica cidade, est\u00e1 <a href=\"https:\/\/www.ab2pro.com\/pt-pt\/oferta-emprego-franca\/\">aqui<\/a>![\/vc_column_text][\/vc_column][\/vc_row]<\/p>\n","protected":false},"excerpt":{"rendered":"<p>Estrasburgo, uma das capitais culturais de Fran\u00e7a. Tudo o que tem de fazer para o descobrir com o melhor itiner\u00e1rio poss\u00edvel \u00e9 confiar em n\u00f3s! <\/p>\n","protected":false},"author":5391,"featured_media":55697,"comment_status":"closed","ping_status":"closed","sticky":false,"template":"","format":"standard","meta":{"_acf_changed":false,"footnotes":""},"categories":[833,653,583,709],"tags":[],"class_list":["post-59294","post","type-post","status-publish","format-standard","has-post-thumbnail","hentry","category-descubra-a-europa-com-ab2pro","category-descubra-a-franca","category-pagina-inicial","category-sabia-que"],"acf":[],"yoast_head":"<!-- This site is optimized with the Yoast SEO plugin v26.8 - https:\/\/yoast.com\/product\/yoast-seo-wordpress\/ -->\n<title>Estrasburgo, uma epopeia no tempo e na cor: um itiner\u00e1rio encantado - AB2PRO<\/title>\n<meta name=\"description\" content=\"Estrasburgo, uma epopeia no tempo e na cor: um itiner\u00e1rio encantado\" \/>\n<meta name=\"robots\" content=\"index, follow, max-snippet:-1, max-image-preview:large, max-video-preview:-1\" \/>\n<link rel=\"canonical\" href=\"https:\/\/www.ab2pro.com\/pt-pt\/estrasburgo-uma-epopeia-no-tempo-e-na-cor-um-itinerario-encantado\/\" \/>\n<meta property=\"og:locale\" content=\"pt_PT\" \/>\n<meta property=\"og:type\" content=\"article\" \/>\n<meta property=\"og:title\" content=\"Estrasburgo, uma epopeia no tempo e na cor: um itiner\u00e1rio encantado - AB2PRO\" \/>\n<meta property=\"og:description\" content=\"Estrasburgo, uma epopeia no tempo e na cor: um itiner\u00e1rio encantado\" \/>\n<meta property=\"og:url\" content=\"https:\/\/www.ab2pro.com\/pt-pt\/estrasburgo-uma-epopeia-no-tempo-e-na-cor-um-itinerario-encantado\/\" \/>\n<meta property=\"og:site_name\" content=\"AB2PRO\" \/>\n<meta property=\"article:published_time\" content=\"2024-01-30T10:21:01+00:00\" \/>\n<meta property=\"article:modified_time\" content=\"2025-07-11T13:53:18+00:00\" \/>\n<meta property=\"og:image\" content=\"https:\/\/www.ab2pro.com\/wp-content\/uploads\/2023\/12\/strasbourg-ville-scaled.jpg\" \/>\n\t<meta property=\"og:image:width\" content=\"2048\" \/>\n\t<meta property=\"og:image:height\" content=\"1365\" \/>\n\t<meta property=\"og:image:type\" content=\"image\/jpeg\" \/>\n<meta name=\"author\" content=\"Rossil\u00e8ne DOMOISON-SICARD\" \/>\n<meta name=\"twitter:card\" content=\"summary_large_image\" \/>\n<meta name=\"twitter:label1\" content=\"Escrito por\" \/>\n\t<meta name=\"twitter:data1\" content=\"Rossil\u00e8ne DOMOISON-SICARD\" \/>\n\t<meta name=\"twitter:label2\" content=\"Tempo estimado de leitura\" \/>\n\t<meta name=\"twitter:data2\" content=\"3 minutos\" \/>\n<script type=\"application\/ld+json\" class=\"yoast-schema-graph\">{\"@context\":\"https:\/\/schema.org\",\"@graph\":[{\"@type\":\"Article\",\"@id\":\"https:\/\/www.ab2pro.com\/pt-pt\/estrasburgo-uma-epopeia-no-tempo-e-na-cor-um-itinerario-encantado\/#article\",\"isPartOf\":{\"@id\":\"https:\/\/www.ab2pro.com\/pt-pt\/estrasburgo-uma-epopeia-no-tempo-e-na-cor-um-itinerario-encantado\/\"},\"author\":{\"name\":\"Rossil\u00e8ne DOMOISON-SICARD\",\"@id\":\"https:\/\/www.ab2pro.com\/pt-pt\/#\/schema\/person\/54c8bff9be55097e2298932a5903940e\"},\"headline\":\"Estrasburgo, uma epopeia no tempo e na cor: um itiner\u00e1rio encantado\",\"datePublished\":\"2024-01-30T10:21:01+00:00\",\"dateModified\":\"2025-07-11T13:53:18+00:00\",\"mainEntityOfPage\":{\"@id\":\"https:\/\/www.ab2pro.com\/pt-pt\/estrasburgo-uma-epopeia-no-tempo-e-na-cor-um-itinerario-encantado\/\"},\"wordCount\":609,\"publisher\":{\"@id\":\"https:\/\/www.ab2pro.com\/pt-pt\/#organization\"},\"image\":{\"@id\":\"https:\/\/www.ab2pro.com\/pt-pt\/estrasburgo-uma-epopeia-no-tempo-e-na-cor-um-itinerario-encantado\/#primaryimage\"},\"thumbnailUrl\":\"https:\/\/www.ab2pro.com\/wp-content\/uploads\/2023\/12\/strasbourg-ville-scaled.jpg\",\"articleSection\":[\"Descubra a Europa com AB2PRO\",\"Descubra a Fran\u00e7a\",\"P\u00e1gina inicial\",\"Sabia que...\"],\"inLanguage\":\"pt-PT\"},{\"@type\":\"WebPage\",\"@id\":\"https:\/\/www.ab2pro.com\/pt-pt\/estrasburgo-uma-epopeia-no-tempo-e-na-cor-um-itinerario-encantado\/\",\"url\":\"https:\/\/www.ab2pro.com\/pt-pt\/estrasburgo-uma-epopeia-no-tempo-e-na-cor-um-itinerario-encantado\/\",\"name\":\"Estrasburgo, uma epopeia no tempo e na cor: um itiner\u00e1rio encantado - AB2PRO\",\"isPartOf\":{\"@id\":\"https:\/\/www.ab2pro.com\/pt-pt\/#website\"},\"primaryImageOfPage\":{\"@id\":\"https:\/\/www.ab2pro.com\/pt-pt\/estrasburgo-uma-epopeia-no-tempo-e-na-cor-um-itinerario-encantado\/#primaryimage\"},\"image\":{\"@id\":\"https:\/\/www.ab2pro.com\/pt-pt\/estrasburgo-uma-epopeia-no-tempo-e-na-cor-um-itinerario-encantado\/#primaryimage\"},\"thumbnailUrl\":\"https:\/\/www.ab2pro.com\/wp-content\/uploads\/2023\/12\/strasbourg-ville-scaled.jpg\",\"datePublished\":\"2024-01-30T10:21:01+00:00\",\"dateModified\":\"2025-07-11T13:53:18+00:00\",\"description\":\"Estrasburgo, uma epopeia no tempo e na cor: um itiner\u00e1rio encantado\",\"breadcrumb\":{\"@id\":\"https:\/\/www.ab2pro.com\/pt-pt\/estrasburgo-uma-epopeia-no-tempo-e-na-cor-um-itinerario-encantado\/#breadcrumb\"},\"inLanguage\":\"pt-PT\",\"potentialAction\":[{\"@type\":\"ReadAction\",\"target\":[\"https:\/\/www.ab2pro.com\/pt-pt\/estrasburgo-uma-epopeia-no-tempo-e-na-cor-um-itinerario-encantado\/\"]}]},{\"@type\":\"ImageObject\",\"inLanguage\":\"pt-PT\",\"@id\":\"https:\/\/www.ab2pro.com\/pt-pt\/estrasburgo-uma-epopeia-no-tempo-e-na-cor-um-itinerario-encantado\/#primaryimage\",\"url\":\"https:\/\/www.ab2pro.com\/wp-content\/uploads\/2023\/12\/strasbourg-ville-scaled.jpg\",\"contentUrl\":\"https:\/\/www.ab2pro.com\/wp-content\/uploads\/2023\/12\/strasbourg-ville-scaled.jpg\",\"width\":2048,\"height\":1365},{\"@type\":\"BreadcrumbList\",\"@id\":\"https:\/\/www.ab2pro.com\/pt-pt\/estrasburgo-uma-epopeia-no-tempo-e-na-cor-um-itinerario-encantado\/#breadcrumb\",\"itemListElement\":[{\"@type\":\"ListItem\",\"position\":1,\"name\":\"Accueil\",\"item\":\"https:\/\/www.ab2pro.com\/pt-pt\/\"},{\"@type\":\"ListItem\",\"position\":2,\"name\":\"Estrasburgo, uma epopeia no tempo e na cor: um itiner\u00e1rio encantado\"}]},{\"@type\":\"WebSite\",\"@id\":\"https:\/\/www.ab2pro.com\/pt-pt\/#website\",\"url\":\"https:\/\/www.ab2pro.com\/pt-pt\/\",\"name\":\"AB2PRO\",\"description\":\"Agence d&#039;emploi sp\u00e9cialis\u00e9e dans le recrutement de travailleurs europ\u00e9ens\",\"publisher\":{\"@id\":\"https:\/\/www.ab2pro.com\/pt-pt\/#organization\"},\"potentialAction\":[{\"@type\":\"SearchAction\",\"target\":{\"@type\":\"EntryPoint\",\"urlTemplate\":\"https:\/\/www.ab2pro.com\/pt-pt\/?s={search_term_string}\"},\"query-input\":{\"@type\":\"PropertyValueSpecification\",\"valueRequired\":true,\"valueName\":\"search_term_string\"}}],\"inLanguage\":\"pt-PT\"},{\"@type\":\"Organization\",\"@id\":\"https:\/\/www.ab2pro.com\/pt-pt\/#organization\",\"name\":\"AB2PRO\",\"url\":\"https:\/\/www.ab2pro.com\/pt-pt\/\",\"logo\":{\"@type\":\"ImageObject\",\"inLanguage\":\"pt-PT\",\"@id\":\"https:\/\/www.ab2pro.com\/pt-pt\/#\/schema\/logo\/image\/\",\"url\":\"https:\/\/www.ab2pro.com\/wp-content\/uploads\/2020\/11\/logo-profil.png\",\"contentUrl\":\"https:\/\/www.ab2pro.com\/wp-content\/uploads\/2020\/11\/logo-profil.png\",\"width\":230,\"height\":47,\"caption\":\"AB2PRO\"},\"image\":{\"@id\":\"https:\/\/www.ab2pro.com\/pt-pt\/#\/schema\/logo\/image\/\"}},{\"@type\":\"Person\",\"@id\":\"https:\/\/www.ab2pro.com\/pt-pt\/#\/schema\/person\/54c8bff9be55097e2298932a5903940e\",\"name\":\"Rossil\u00e8ne DOMOISON-SICARD\",\"image\":{\"@type\":\"ImageObject\",\"inLanguage\":\"pt-PT\",\"@id\":\"https:\/\/www.ab2pro.com\/pt-pt\/#\/schema\/person\/image\/\",\"url\":\"https:\/\/secure.gravatar.com\/avatar\/e33b91d9b8fa9fa2306743f1fb62f11c?s=96&d=mm&r=g\",\"contentUrl\":\"https:\/\/secure.gravatar.com\/avatar\/e33b91d9b8fa9fa2306743f1fb62f11c?s=96&d=mm&r=g\",\"caption\":\"Rossil\u00e8ne DOMOISON-SICARD\"}}]}<\/script>\n<!-- \/ Yoast SEO plugin. -->","yoast_head_json":{"title":"Estrasburgo, uma epopeia no tempo e na cor: um itiner\u00e1rio encantado - AB2PRO","description":"Estrasburgo, uma epopeia no tempo e na cor: um itiner\u00e1rio encantado","robots":{"index":"index","follow":"follow","max-snippet":"max-snippet:-1","max-image-preview":"max-image-preview:large","max-video-preview":"max-video-preview:-1"},"canonical":"https:\/\/www.ab2pro.com\/pt-pt\/estrasburgo-uma-epopeia-no-tempo-e-na-cor-um-itinerario-encantado\/","og_locale":"pt_PT","og_type":"article","og_title":"Estrasburgo, uma epopeia no tempo e na cor: um itiner\u00e1rio encantado - AB2PRO","og_description":"Estrasburgo, uma epopeia no tempo e na cor: um itiner\u00e1rio encantado","og_url":"https:\/\/www.ab2pro.com\/pt-pt\/estrasburgo-uma-epopeia-no-tempo-e-na-cor-um-itinerario-encantado\/","og_site_name":"AB2PRO","article_published_time":"2024-01-30T10:21:01+00:00","article_modified_time":"2025-07-11T13:53:18+00:00","og_image":[{"width":2048,"height":1365,"url":"https:\/\/www.ab2pro.com\/wp-content\/uploads\/2023\/12\/strasbourg-ville-scaled.jpg","type":"image\/jpeg"}],"author":"Rossil\u00e8ne DOMOISON-SICARD","twitter_card":"summary_large_image","twitter_misc":{"Escrito por":"Rossil\u00e8ne DOMOISON-SICARD","Tempo estimado de leitura":"3 minutos"},"schema":{"@context":"https:\/\/schema.org","@graph":[{"@type":"Article","@id":"https:\/\/www.ab2pro.com\/pt-pt\/estrasburgo-uma-epopeia-no-tempo-e-na-cor-um-itinerario-encantado\/#article","isPartOf":{"@id":"https:\/\/www.ab2pro.com\/pt-pt\/estrasburgo-uma-epopeia-no-tempo-e-na-cor-um-itinerario-encantado\/"},"author":{"name":"Rossil\u00e8ne DOMOISON-SICARD","@id":"https:\/\/www.ab2pro.com\/pt-pt\/#\/schema\/person\/54c8bff9be55097e2298932a5903940e"},"headline":"Estrasburgo, uma epopeia no tempo e na cor: um itiner\u00e1rio encantado","datePublished":"2024-01-30T10:21:01+00:00","dateModified":"2025-07-11T13:53:18+00:00","mainEntityOfPage":{"@id":"https:\/\/www.ab2pro.com\/pt-pt\/estrasburgo-uma-epopeia-no-tempo-e-na-cor-um-itinerario-encantado\/"},"wordCount":609,"publisher":{"@id":"https:\/\/www.ab2pro.com\/pt-pt\/#organization"},"image":{"@id":"https:\/\/www.ab2pro.com\/pt-pt\/estrasburgo-uma-epopeia-no-tempo-e-na-cor-um-itinerario-encantado\/#primaryimage"},"thumbnailUrl":"https:\/\/www.ab2pro.com\/wp-content\/uploads\/2023\/12\/strasbourg-ville-scaled.jpg","articleSection":["Descubra a Europa com AB2PRO","Descubra a Fran\u00e7a","P\u00e1gina inicial","Sabia que..."],"inLanguage":"pt-PT"},{"@type":"WebPage","@id":"https:\/\/www.ab2pro.com\/pt-pt\/estrasburgo-uma-epopeia-no-tempo-e-na-cor-um-itinerario-encantado\/","url":"https:\/\/www.ab2pro.com\/pt-pt\/estrasburgo-uma-epopeia-no-tempo-e-na-cor-um-itinerario-encantado\/","name":"Estrasburgo, uma epopeia no tempo e na cor: um itiner\u00e1rio encantado - AB2PRO","isPartOf":{"@id":"https:\/\/www.ab2pro.com\/pt-pt\/#website"},"primaryImageOfPage":{"@id":"https:\/\/www.ab2pro.com\/pt-pt\/estrasburgo-uma-epopeia-no-tempo-e-na-cor-um-itinerario-encantado\/#primaryimage"},"image":{"@id":"https:\/\/www.ab2pro.com\/pt-pt\/estrasburgo-uma-epopeia-no-tempo-e-na-cor-um-itinerario-encantado\/#primaryimage"},"thumbnailUrl":"https:\/\/www.ab2pro.com\/wp-content\/uploads\/2023\/12\/strasbourg-ville-scaled.jpg","datePublished":"2024-01-30T10:21:01+00:00","dateModified":"2025-07-11T13:53:18+00:00","description":"Estrasburgo, uma epopeia no tempo e na cor: um itiner\u00e1rio encantado","breadcrumb":{"@id":"https:\/\/www.ab2pro.com\/pt-pt\/estrasburgo-uma-epopeia-no-tempo-e-na-cor-um-itinerario-encantado\/#breadcrumb"},"inLanguage":"pt-PT","potentialAction":[{"@type":"ReadAction","target":["https:\/\/www.ab2pro.com\/pt-pt\/estrasburgo-uma-epopeia-no-tempo-e-na-cor-um-itinerario-encantado\/"]}]},{"@type":"ImageObject","inLanguage":"pt-PT","@id":"https:\/\/www.ab2pro.com\/pt-pt\/estrasburgo-uma-epopeia-no-tempo-e-na-cor-um-itinerario-encantado\/#primaryimage","url":"https:\/\/www.ab2pro.com\/wp-content\/uploads\/2023\/12\/strasbourg-ville-scaled.jpg","contentUrl":"https:\/\/www.ab2pro.com\/wp-content\/uploads\/2023\/12\/strasbourg-ville-scaled.jpg","width":2048,"height":1365},{"@type":"BreadcrumbList","@id":"https:\/\/www.ab2pro.com\/pt-pt\/estrasburgo-uma-epopeia-no-tempo-e-na-cor-um-itinerario-encantado\/#breadcrumb","itemListElement":[{"@type":"ListItem","position":1,"name":"Accueil","item":"https:\/\/www.ab2pro.com\/pt-pt\/"},{"@type":"ListItem","position":2,"name":"Estrasburgo, uma epopeia no tempo e na cor: um itiner\u00e1rio encantado"}]},{"@type":"WebSite","@id":"https:\/\/www.ab2pro.com\/pt-pt\/#website","url":"https:\/\/www.ab2pro.com\/pt-pt\/","name":"AB2PRO","description":"Agence d&#039;emploi sp\u00e9cialis\u00e9e dans le recrutement de travailleurs europ\u00e9ens","publisher":{"@id":"https:\/\/www.ab2pro.com\/pt-pt\/#organization"},"potentialAction":[{"@type":"SearchAction","target":{"@type":"EntryPoint","urlTemplate":"https:\/\/www.ab2pro.com\/pt-pt\/?s={search_term_string}"},"query-input":{"@type":"PropertyValueSpecification","valueRequired":true,"valueName":"search_term_string"}}],"inLanguage":"pt-PT"},{"@type":"Organization","@id":"https:\/\/www.ab2pro.com\/pt-pt\/#organization","name":"AB2PRO","url":"https:\/\/www.ab2pro.com\/pt-pt\/","logo":{"@type":"ImageObject","inLanguage":"pt-PT","@id":"https:\/\/www.ab2pro.com\/pt-pt\/#\/schema\/logo\/image\/","url":"https:\/\/www.ab2pro.com\/wp-content\/uploads\/2020\/11\/logo-profil.png","contentUrl":"https:\/\/www.ab2pro.com\/wp-content\/uploads\/2020\/11\/logo-profil.png","width":230,"height":47,"caption":"AB2PRO"},"image":{"@id":"https:\/\/www.ab2pro.com\/pt-pt\/#\/schema\/logo\/image\/"}},{"@type":"Person","@id":"https:\/\/www.ab2pro.com\/pt-pt\/#\/schema\/person\/54c8bff9be55097e2298932a5903940e","name":"Rossil\u00e8ne DOMOISON-SICARD","image":{"@type":"ImageObject","inLanguage":"pt-PT","@id":"https:\/\/www.ab2pro.com\/pt-pt\/#\/schema\/person\/image\/","url":"https:\/\/secure.gravatar.com\/avatar\/e33b91d9b8fa9fa2306743f1fb62f11c?s=96&d=mm&r=g","contentUrl":"https:\/\/secure.gravatar.com\/avatar\/e33b91d9b8fa9fa2306743f1fb62f11c?s=96&d=mm&r=g","caption":"Rossil\u00e8ne DOMOISON-SICARD"}}]}},"_links":{"self":[{"href":"https:\/\/www.ab2pro.com\/pt-pt\/wp-json\/wp\/v2\/posts\/59294","targetHints":{"allow":["GET"]}}],"collection":[{"href":"https:\/\/www.ab2pro.com\/pt-pt\/wp-json\/wp\/v2\/posts"}],"about":[{"href":"https:\/\/www.ab2pro.com\/pt-pt\/wp-json\/wp\/v2\/types\/post"}],"author":[{"embeddable":true,"href":"https:\/\/www.ab2pro.com\/pt-pt\/wp-json\/wp\/v2\/users\/5391"}],"replies":[{"embeddable":true,"href":"https:\/\/www.ab2pro.com\/pt-pt\/wp-json\/wp\/v2\/comments?post=59294"}],"version-history":[{"count":0,"href":"https:\/\/www.ab2pro.com\/pt-pt\/wp-json\/wp\/v2\/posts\/59294\/revisions"}],"wp:featuredmedia":[{"embeddable":true,"href":"https:\/\/www.ab2pro.com\/pt-pt\/wp-json\/wp\/v2\/media\/55697"}],"wp:attachment":[{"href":"https:\/\/www.ab2pro.com\/pt-pt\/wp-json\/wp\/v2\/media?parent=59294"}],"wp:term":[{"taxonomy":"category","embeddable":true,"href":"https:\/\/www.ab2pro.com\/pt-pt\/wp-json\/wp\/v2\/categories?post=59294"},{"taxonomy":"post_tag","embeddable":true,"href":"https:\/\/www.ab2pro.com\/pt-pt\/wp-json\/wp\/v2\/tags?post=59294"}],"curies":[{"name":"wp","href":"https:\/\/api.w.org\/{rel}","templated":true}]}}