
{"id":60042,"date":"2024-03-22T12:21:49","date_gmt":"2024-03-22T11:21:49","guid":{"rendered":"https:\/\/www.ab2pro.com\/les-sables-dolonne-entre-a-praia-e-os-sabores-um-itinerario-inesquecivel-para-os-membros-da-ab2proteam\/"},"modified":"2025-07-11T15:49:28","modified_gmt":"2025-07-11T13:49:28","slug":"les-sables-dolonne-entre-a-praia-e-os-sabores-um-itinerario-inesquecivel-para-os-membros-da-ab2proteam","status":"publish","type":"post","link":"https:\/\/www.ab2pro.com\/pt-pt\/les-sables-dolonne-entre-a-praia-e-os-sabores-um-itinerario-inesquecivel-para-os-membros-da-ab2proteam\/","title":{"rendered":"Les Sables d&#8217;Olonne, entre a praia e os sabores: um itiner\u00e1rio inesquec\u00edvel para os membros da AB2PROTEAM"},"content":{"rendered":"<p>[vc_row][vc_column][vc_column_text css_animation=&#8221;fadeInDown&#8221;]Bem-vindos a Les Sables d&#8217;Olonne, caros membros da AB2PROTEAM! Descubra os encantos desta cidade \u00e0 beira-mar com este itiner\u00e1rio concebido especialmente para si. Entre a praia, o relaxamento, a gastronomia e a atmosfera \u00fanica de Les Sables d&#8217;Olonne, cada momento passado aqui tornar-se-\u00e1 uma p\u00e1gina memor\u00e1vel da sua aventura. Desfrute da sua descoberta![\/vc_column_text][\/vc_column][\/vc_row][vc_row][vc_column][vc_column_text css_animation=&#8221;fadeInDown&#8221;]<\/p>\n<h2>Itiner\u00e1rio<\/h2>\n<p>[\/vc_column_text][\/vc_column][\/vc_row][vc_row][vc_column][vc_separator color=&#8221;white&#8221;][\/vc_column][\/vc_row][vc_row][vc_column width=&#8221;1\/2&#8243;][vc_column_text css_animation=&#8221;fadeIn&#8221;]<\/p>\n<h3>1. In\u00edcio: La Grande plage<\/h3>\n<p>Comece o seu dia na Grande Plage. Desfrute das areias douradas, do ar do mar e das vistas do Oceano Atl\u00e2ntico para uma experi\u00eancia relaxante.[\/vc_column_text][vc_column_text css_animation=&#8221;fadeIn&#8221;]<\/p>\n<h3>2. O aterro e as lojas<\/h3>\n<p>D\u00ea um passeio ao longo do Remblai, repleto de lojas e caf\u00e9s. \u00c9 o local ideal para passear, fazer compras e desfrutar do ambiente \u00e0 beira-mar. Apetece-lhe um gelado? Apresento-lhe o Nicolas, um antigo vendedor da AB2PROTEAM que tem agora a sua pr\u00f3pria geladaria: &#8220;Moustache&#8221;![\/vc_column_text][\/vc_column][vc_column width=&#8221;1\/2&#8243;][vc_single_image image=&#8221;57974&#8243; img_size=&#8221;960&#215;960&#8243; css_animation=&#8221;fadeIn&#8221;][\/vc_column][\/vc_row][vc_row][vc_column][vc_separator color=&#8221;white&#8221;][\/vc_column][\/vc_row][vc_row][vc_column width=&#8221;1\/2&#8243;][vc_single_image image=&#8221;57982&#8243; img_size=&#8221;960&#215;960&#8243; css_animation=&#8221;fadeIn&#8221;][\/vc_column][vc_column width=&#8221;1\/2&#8243;][vc_column_text css_animation=&#8221;fadeIn&#8221;]<\/p>\n<h3>3. La Chaume : Bairro aut\u00eantico<\/h3>\n<p>Dirija-se a La Chaume, o aut\u00eantico bairro dos pescadores. Explore as pitorescas ruas estreitas e descubra a hist\u00f3ria mar\u00edtima da cidade.[\/vc_column_text][vc_column_text css_animation=&#8221;fadeIn&#8221;]<\/p>\n<h3>4. Porto Olona<\/h3>\n<p>Visite Port Olona para admirar os barcos de recreio e respirar o ar do mar. Os caf\u00e9s \u00e0 beira-mar oferecem vistas deslumbrantes sobre o porto.[\/vc_column_text][\/vc_column][\/vc_row][vc_row][vc_column][vc_separator color=&#8221;white&#8221;][\/vc_column][\/vc_row][vc_row][vc_column width=&#8221;1\/2&#8243;][vc_column_text css_animation=&#8221;fadeIn&#8221;]<\/p>\n<h3>5. Almo\u00e7o no Quai Garnier<\/h3>\n<p>Fa\u00e7a uma pausa para almo\u00e7o no Quai Garnier, onde os restaurantes de marisco oferecem especialidades locais. Desfrute de marisco fresco com vista para o porto.[\/vc_column_text][vc_column_text css_animation=&#8221;fadeIn&#8221;]<\/p>\n<h3>6. Os p\u00e2ntanos salgados<\/h3>\n<p>\u00c0 tarde, explore as salinas. Estas salinas oferecem uma vista \u00fanica da paisagem costeira e a possibilidade de descobrir como se produz o sal.[\/vc_column_text][\/vc_column][vc_column width=&#8221;1\/2&#8243;][vc_single_image image=&#8221;57958&#8243; img_size=&#8221;960&#215;960&#8243; css_animation=&#8221;fadeIn&#8221;][\/vc_column][\/vc_row][vc_row][vc_column][vc_separator color=&#8221;white&#8221;][\/vc_column][\/vc_row][vc_row][vc_column width=&#8221;1\/2&#8243;][vc_single_image image=&#8221;59068&#8243; img_size=&#8221;960&#215;960&#8243; css_animation=&#8221;fadeIn&#8221;][\/vc_column][vc_column width=&#8221;1\/2&#8243;][vc_column_text css_animation=&#8221;fadeIn&#8221;]<\/p>\n<h3>7. Priorado de Saint-Nicolas<\/h3>\n<p>Visite o Prieur\u00e9 Saint-Nicolas, um local repleto de hist\u00f3ria no cora\u00e7\u00e3o de Les Sables d&#8217;Olonne. Os jardins oferecem uma atmosfera serena.[\/vc_column_text][vc_column_text css_animation=&#8221;fadeIn&#8221;]<\/p>\n<h3>8. Jantar no Quartier de l&#8217;\u00cele Penotte<\/h3>\n<p>Para o jantar, descubra o bairro da \u00cele Penotte, famoso pelas suas fachadas decoradas com conchas. Os restaurantes oferecem uma experi\u00eancia gastron\u00f3mica \u00fanica.[\/vc_column_text][\/vc_column][\/vc_row][vc_row][vc_column][vc_separator color=&#8221;white&#8221;][\/vc_column][\/vc_row][vc_row][vc_column][vc_column_text css_animation=&#8221;fadeIn&#8221;]<\/p>\n<h3>9. Les Sables d&#8217;Olonne \u00e0 noite<\/h3>\n<p>Termine o seu dia desfrutando de Les Sables d&#8217;Olonne \u00e0 noite. As luzes do Remblai criam um ambiente acolhedor para um final de dia tranquilo.[\/vc_column_text][\/vc_column][\/vc_row][vc_row][vc_column][vc_column_text css_animation=&#8221;fadeIn&#8221;]Como membros da AB2PROTEAM, esperamos que este itiner\u00e1rio vos ajude a descobrir a beleza de Les Sables d&#8217;Olonne. Quer se trate da praia relaxante, dos sabores locais ou do ambiente \u00e0 beira-mar, cada momento que passa nesta cidade aproxima-o um pouco mais do seu encanto aut\u00eantico. Aproveite ao m\u00e1ximo cada momento em Les Sables d&#8217;Olonne, e deixe que cada rua que explorar se torne uma p\u00e1gina memor\u00e1vel da sua aventura. Desfrute da sua descoberta!<br \/>\nPara aqueles que ainda n\u00e3o s\u00e3o membros da #AB2PROTEAM e gostariam de tirar partido de uma miss\u00e3o em Les Sables d&#8217;Olonnes para descobrir esta magn\u00edfica cidade, clique <a href=\"https:\/\/www.ab2pro.com\/pt-pt\/oferta-emprego-franca\/\">aqui<\/a>![\/vc_column_text][\/vc_column][\/vc_row]<\/p>\n","protected":false},"excerpt":{"rendered":"<p>Les Sables d&#8217;Olonne, a joia da costa atl\u00e2ntica banhada pelo sol! De ruelas pitorescas a extens\u00f5es de areia dourada, n\u00e3o ficar\u00e1 desiludido com o itiner\u00e1rio de descoberta que prepar\u00e1mos para si. <\/p>\n","protected":false},"author":5391,"featured_media":57990,"comment_status":"closed","ping_status":"closed","sticky":false,"template":"","format":"standard","meta":{"_acf_changed":false,"footnotes":""},"categories":[653,583,709],"tags":[],"class_list":["post-60042","post","type-post","status-publish","format-standard","has-post-thumbnail","hentry","category-descubra-a-franca","category-pagina-inicial","category-sabia-que"],"acf":[],"yoast_head":"<!-- This site is optimized with the Yoast SEO plugin v26.8 - https:\/\/yoast.com\/product\/yoast-seo-wordpress\/ -->\n<title>Les Sables d&#039;Olonne, entre a praia e os sabores: um itiner\u00e1rio inesquec\u00edvel para os membros da AB2PROTEAM - AB2PRO<\/title>\n<meta name=\"description\" content=\"Les Sables d&#039;Olonne, entre a praia e os sabores: um itiner\u00e1rio inesquec\u00edvel para os membros da AB2PROTEAM\" \/>\n<meta name=\"robots\" content=\"index, follow, max-snippet:-1, max-image-preview:large, max-video-preview:-1\" \/>\n<link rel=\"canonical\" href=\"https:\/\/www.ab2pro.com\/pt-pt\/les-sables-dolonne-entre-a-praia-e-os-sabores-um-itinerario-inesquecivel-para-os-membros-da-ab2proteam\/\" \/>\n<meta property=\"og:locale\" content=\"pt_PT\" \/>\n<meta property=\"og:type\" content=\"article\" \/>\n<meta property=\"og:title\" content=\"Les Sables d&#039;Olonne, entre a praia e os sabores: um itiner\u00e1rio inesquec\u00edvel para os membros da AB2PROTEAM - AB2PRO\" \/>\n<meta property=\"og:description\" content=\"Les Sables d&#039;Olonne, entre a praia e os sabores: um itiner\u00e1rio inesquec\u00edvel para os membros da AB2PROTEAM\" \/>\n<meta property=\"og:url\" content=\"https:\/\/www.ab2pro.com\/pt-pt\/les-sables-dolonne-entre-a-praia-e-os-sabores-um-itinerario-inesquecivel-para-os-membros-da-ab2proteam\/\" \/>\n<meta property=\"og:site_name\" content=\"AB2PRO\" \/>\n<meta property=\"article:published_time\" content=\"2024-03-22T11:21:49+00:00\" \/>\n<meta property=\"article:modified_time\" content=\"2025-07-11T13:49:28+00:00\" \/>\n<meta property=\"og:image\" content=\"https:\/\/www.ab2pro.com\/wp-content\/uploads\/2024\/01\/quais-les-sables-dolonne-scaled.jpg\" \/>\n\t<meta property=\"og:image:width\" content=\"2048\" \/>\n\t<meta property=\"og:image:height\" content=\"1484\" \/>\n\t<meta property=\"og:image:type\" content=\"image\/jpeg\" \/>\n<meta name=\"author\" content=\"Rossil\u00e8ne DOMOISON-SICARD\" \/>\n<meta name=\"twitter:card\" content=\"summary_large_image\" \/>\n<meta name=\"twitter:label1\" content=\"Escrito por\" \/>\n\t<meta name=\"twitter:data1\" content=\"Rossil\u00e8ne DOMOISON-SICARD\" \/>\n\t<meta name=\"twitter:label2\" content=\"Tempo estimado de leitura\" \/>\n\t<meta name=\"twitter:data2\" content=\"3 minutos\" \/>\n<script type=\"application\/ld+json\" class=\"yoast-schema-graph\">{\"@context\":\"https:\/\/schema.org\",\"@graph\":[{\"@type\":\"Article\",\"@id\":\"https:\/\/www.ab2pro.com\/pt-pt\/les-sables-dolonne-entre-a-praia-e-os-sabores-um-itinerario-inesquecivel-para-os-membros-da-ab2proteam\/#article\",\"isPartOf\":{\"@id\":\"https:\/\/www.ab2pro.com\/pt-pt\/les-sables-dolonne-entre-a-praia-e-os-sabores-um-itinerario-inesquecivel-para-os-membros-da-ab2proteam\/\"},\"author\":{\"name\":\"Rossil\u00e8ne DOMOISON-SICARD\",\"@id\":\"https:\/\/www.ab2pro.com\/pt-pt\/#\/schema\/person\/54c8bff9be55097e2298932a5903940e\"},\"headline\":\"Les Sables d&#8217;Olonne, entre a praia e os sabores: um itiner\u00e1rio inesquec\u00edvel para os membros da AB2PROTEAM\",\"datePublished\":\"2024-03-22T11:21:49+00:00\",\"dateModified\":\"2025-07-11T13:49:28+00:00\",\"mainEntityOfPage\":{\"@id\":\"https:\/\/www.ab2pro.com\/pt-pt\/les-sables-dolonne-entre-a-praia-e-os-sabores-um-itinerario-inesquecivel-para-os-membros-da-ab2proteam\/\"},\"wordCount\":770,\"publisher\":{\"@id\":\"https:\/\/www.ab2pro.com\/pt-pt\/#organization\"},\"image\":{\"@id\":\"https:\/\/www.ab2pro.com\/pt-pt\/les-sables-dolonne-entre-a-praia-e-os-sabores-um-itinerario-inesquecivel-para-os-membros-da-ab2proteam\/#primaryimage\"},\"thumbnailUrl\":\"https:\/\/www.ab2pro.com\/wp-content\/uploads\/2024\/01\/quais-les-sables-dolonne-scaled.jpg\",\"articleSection\":[\"Descubra a Fran\u00e7a\",\"P\u00e1gina inicial\",\"Sabia que...\"],\"inLanguage\":\"pt-PT\"},{\"@type\":\"WebPage\",\"@id\":\"https:\/\/www.ab2pro.com\/pt-pt\/les-sables-dolonne-entre-a-praia-e-os-sabores-um-itinerario-inesquecivel-para-os-membros-da-ab2proteam\/\",\"url\":\"https:\/\/www.ab2pro.com\/pt-pt\/les-sables-dolonne-entre-a-praia-e-os-sabores-um-itinerario-inesquecivel-para-os-membros-da-ab2proteam\/\",\"name\":\"Les Sables d'Olonne, entre a praia e os sabores: um itiner\u00e1rio inesquec\u00edvel para os membros da AB2PROTEAM - AB2PRO\",\"isPartOf\":{\"@id\":\"https:\/\/www.ab2pro.com\/pt-pt\/#website\"},\"primaryImageOfPage\":{\"@id\":\"https:\/\/www.ab2pro.com\/pt-pt\/les-sables-dolonne-entre-a-praia-e-os-sabores-um-itinerario-inesquecivel-para-os-membros-da-ab2proteam\/#primaryimage\"},\"image\":{\"@id\":\"https:\/\/www.ab2pro.com\/pt-pt\/les-sables-dolonne-entre-a-praia-e-os-sabores-um-itinerario-inesquecivel-para-os-membros-da-ab2proteam\/#primaryimage\"},\"thumbnailUrl\":\"https:\/\/www.ab2pro.com\/wp-content\/uploads\/2024\/01\/quais-les-sables-dolonne-scaled.jpg\",\"datePublished\":\"2024-03-22T11:21:49+00:00\",\"dateModified\":\"2025-07-11T13:49:28+00:00\",\"description\":\"Les Sables d'Olonne, entre a praia e os sabores: um itiner\u00e1rio inesquec\u00edvel para os membros da AB2PROTEAM\",\"breadcrumb\":{\"@id\":\"https:\/\/www.ab2pro.com\/pt-pt\/les-sables-dolonne-entre-a-praia-e-os-sabores-um-itinerario-inesquecivel-para-os-membros-da-ab2proteam\/#breadcrumb\"},\"inLanguage\":\"pt-PT\",\"potentialAction\":[{\"@type\":\"ReadAction\",\"target\":[\"https:\/\/www.ab2pro.com\/pt-pt\/les-sables-dolonne-entre-a-praia-e-os-sabores-um-itinerario-inesquecivel-para-os-membros-da-ab2proteam\/\"]}]},{\"@type\":\"ImageObject\",\"inLanguage\":\"pt-PT\",\"@id\":\"https:\/\/www.ab2pro.com\/pt-pt\/les-sables-dolonne-entre-a-praia-e-os-sabores-um-itinerario-inesquecivel-para-os-membros-da-ab2proteam\/#primaryimage\",\"url\":\"https:\/\/www.ab2pro.com\/wp-content\/uploads\/2024\/01\/quais-les-sables-dolonne-scaled.jpg\",\"contentUrl\":\"https:\/\/www.ab2pro.com\/wp-content\/uploads\/2024\/01\/quais-les-sables-dolonne-scaled.jpg\",\"width\":2048,\"height\":1484},{\"@type\":\"BreadcrumbList\",\"@id\":\"https:\/\/www.ab2pro.com\/pt-pt\/les-sables-dolonne-entre-a-praia-e-os-sabores-um-itinerario-inesquecivel-para-os-membros-da-ab2proteam\/#breadcrumb\",\"itemListElement\":[{\"@type\":\"ListItem\",\"position\":1,\"name\":\"Accueil\",\"item\":\"https:\/\/www.ab2pro.com\/pt-pt\/\"},{\"@type\":\"ListItem\",\"position\":2,\"name\":\"Les Sables d&rsquo;Olonne, entre a praia e os sabores: um itiner\u00e1rio inesquec\u00edvel para os membros da AB2PROTEAM\"}]},{\"@type\":\"WebSite\",\"@id\":\"https:\/\/www.ab2pro.com\/pt-pt\/#website\",\"url\":\"https:\/\/www.ab2pro.com\/pt-pt\/\",\"name\":\"AB2PRO\",\"description\":\"Agence d&#039;emploi sp\u00e9cialis\u00e9e dans le recrutement de travailleurs europ\u00e9ens\",\"publisher\":{\"@id\":\"https:\/\/www.ab2pro.com\/pt-pt\/#organization\"},\"potentialAction\":[{\"@type\":\"SearchAction\",\"target\":{\"@type\":\"EntryPoint\",\"urlTemplate\":\"https:\/\/www.ab2pro.com\/pt-pt\/?s={search_term_string}\"},\"query-input\":{\"@type\":\"PropertyValueSpecification\",\"valueRequired\":true,\"valueName\":\"search_term_string\"}}],\"inLanguage\":\"pt-PT\"},{\"@type\":\"Organization\",\"@id\":\"https:\/\/www.ab2pro.com\/pt-pt\/#organization\",\"name\":\"AB2PRO\",\"url\":\"https:\/\/www.ab2pro.com\/pt-pt\/\",\"logo\":{\"@type\":\"ImageObject\",\"inLanguage\":\"pt-PT\",\"@id\":\"https:\/\/www.ab2pro.com\/pt-pt\/#\/schema\/logo\/image\/\",\"url\":\"https:\/\/www.ab2pro.com\/wp-content\/uploads\/2020\/11\/logo-profil.png\",\"contentUrl\":\"https:\/\/www.ab2pro.com\/wp-content\/uploads\/2020\/11\/logo-profil.png\",\"width\":230,\"height\":47,\"caption\":\"AB2PRO\"},\"image\":{\"@id\":\"https:\/\/www.ab2pro.com\/pt-pt\/#\/schema\/logo\/image\/\"}},{\"@type\":\"Person\",\"@id\":\"https:\/\/www.ab2pro.com\/pt-pt\/#\/schema\/person\/54c8bff9be55097e2298932a5903940e\",\"name\":\"Rossil\u00e8ne DOMOISON-SICARD\",\"image\":{\"@type\":\"ImageObject\",\"inLanguage\":\"pt-PT\",\"@id\":\"https:\/\/www.ab2pro.com\/pt-pt\/#\/schema\/person\/image\/\",\"url\":\"https:\/\/secure.gravatar.com\/avatar\/e33b91d9b8fa9fa2306743f1fb62f11c?s=96&d=mm&r=g\",\"contentUrl\":\"https:\/\/secure.gravatar.com\/avatar\/e33b91d9b8fa9fa2306743f1fb62f11c?s=96&d=mm&r=g\",\"caption\":\"Rossil\u00e8ne DOMOISON-SICARD\"}}]}<\/script>\n<!-- \/ Yoast SEO plugin. -->","yoast_head_json":{"title":"Les Sables d'Olonne, entre a praia e os sabores: um itiner\u00e1rio inesquec\u00edvel para os membros da AB2PROTEAM - AB2PRO","description":"Les Sables d'Olonne, entre a praia e os sabores: um itiner\u00e1rio inesquec\u00edvel para os membros da AB2PROTEAM","robots":{"index":"index","follow":"follow","max-snippet":"max-snippet:-1","max-image-preview":"max-image-preview:large","max-video-preview":"max-video-preview:-1"},"canonical":"https:\/\/www.ab2pro.com\/pt-pt\/les-sables-dolonne-entre-a-praia-e-os-sabores-um-itinerario-inesquecivel-para-os-membros-da-ab2proteam\/","og_locale":"pt_PT","og_type":"article","og_title":"Les Sables d'Olonne, entre a praia e os sabores: um itiner\u00e1rio inesquec\u00edvel para os membros da AB2PROTEAM - AB2PRO","og_description":"Les Sables d'Olonne, entre a praia e os sabores: um itiner\u00e1rio inesquec\u00edvel para os membros da AB2PROTEAM","og_url":"https:\/\/www.ab2pro.com\/pt-pt\/les-sables-dolonne-entre-a-praia-e-os-sabores-um-itinerario-inesquecivel-para-os-membros-da-ab2proteam\/","og_site_name":"AB2PRO","article_published_time":"2024-03-22T11:21:49+00:00","article_modified_time":"2025-07-11T13:49:28+00:00","og_image":[{"width":2048,"height":1484,"url":"https:\/\/www.ab2pro.com\/wp-content\/uploads\/2024\/01\/quais-les-sables-dolonne-scaled.jpg","type":"image\/jpeg"}],"author":"Rossil\u00e8ne DOMOISON-SICARD","twitter_card":"summary_large_image","twitter_misc":{"Escrito por":"Rossil\u00e8ne DOMOISON-SICARD","Tempo estimado de leitura":"3 minutos"},"schema":{"@context":"https:\/\/schema.org","@graph":[{"@type":"Article","@id":"https:\/\/www.ab2pro.com\/pt-pt\/les-sables-dolonne-entre-a-praia-e-os-sabores-um-itinerario-inesquecivel-para-os-membros-da-ab2proteam\/#article","isPartOf":{"@id":"https:\/\/www.ab2pro.com\/pt-pt\/les-sables-dolonne-entre-a-praia-e-os-sabores-um-itinerario-inesquecivel-para-os-membros-da-ab2proteam\/"},"author":{"name":"Rossil\u00e8ne DOMOISON-SICARD","@id":"https:\/\/www.ab2pro.com\/pt-pt\/#\/schema\/person\/54c8bff9be55097e2298932a5903940e"},"headline":"Les Sables d&#8217;Olonne, entre a praia e os sabores: um itiner\u00e1rio inesquec\u00edvel para os membros da AB2PROTEAM","datePublished":"2024-03-22T11:21:49+00:00","dateModified":"2025-07-11T13:49:28+00:00","mainEntityOfPage":{"@id":"https:\/\/www.ab2pro.com\/pt-pt\/les-sables-dolonne-entre-a-praia-e-os-sabores-um-itinerario-inesquecivel-para-os-membros-da-ab2proteam\/"},"wordCount":770,"publisher":{"@id":"https:\/\/www.ab2pro.com\/pt-pt\/#organization"},"image":{"@id":"https:\/\/www.ab2pro.com\/pt-pt\/les-sables-dolonne-entre-a-praia-e-os-sabores-um-itinerario-inesquecivel-para-os-membros-da-ab2proteam\/#primaryimage"},"thumbnailUrl":"https:\/\/www.ab2pro.com\/wp-content\/uploads\/2024\/01\/quais-les-sables-dolonne-scaled.jpg","articleSection":["Descubra a Fran\u00e7a","P\u00e1gina inicial","Sabia que..."],"inLanguage":"pt-PT"},{"@type":"WebPage","@id":"https:\/\/www.ab2pro.com\/pt-pt\/les-sables-dolonne-entre-a-praia-e-os-sabores-um-itinerario-inesquecivel-para-os-membros-da-ab2proteam\/","url":"https:\/\/www.ab2pro.com\/pt-pt\/les-sables-dolonne-entre-a-praia-e-os-sabores-um-itinerario-inesquecivel-para-os-membros-da-ab2proteam\/","name":"Les Sables d'Olonne, entre a praia e os sabores: um itiner\u00e1rio inesquec\u00edvel para os membros da AB2PROTEAM - AB2PRO","isPartOf":{"@id":"https:\/\/www.ab2pro.com\/pt-pt\/#website"},"primaryImageOfPage":{"@id":"https:\/\/www.ab2pro.com\/pt-pt\/les-sables-dolonne-entre-a-praia-e-os-sabores-um-itinerario-inesquecivel-para-os-membros-da-ab2proteam\/#primaryimage"},"image":{"@id":"https:\/\/www.ab2pro.com\/pt-pt\/les-sables-dolonne-entre-a-praia-e-os-sabores-um-itinerario-inesquecivel-para-os-membros-da-ab2proteam\/#primaryimage"},"thumbnailUrl":"https:\/\/www.ab2pro.com\/wp-content\/uploads\/2024\/01\/quais-les-sables-dolonne-scaled.jpg","datePublished":"2024-03-22T11:21:49+00:00","dateModified":"2025-07-11T13:49:28+00:00","description":"Les Sables d'Olonne, entre a praia e os sabores: um itiner\u00e1rio inesquec\u00edvel para os membros da AB2PROTEAM","breadcrumb":{"@id":"https:\/\/www.ab2pro.com\/pt-pt\/les-sables-dolonne-entre-a-praia-e-os-sabores-um-itinerario-inesquecivel-para-os-membros-da-ab2proteam\/#breadcrumb"},"inLanguage":"pt-PT","potentialAction":[{"@type":"ReadAction","target":["https:\/\/www.ab2pro.com\/pt-pt\/les-sables-dolonne-entre-a-praia-e-os-sabores-um-itinerario-inesquecivel-para-os-membros-da-ab2proteam\/"]}]},{"@type":"ImageObject","inLanguage":"pt-PT","@id":"https:\/\/www.ab2pro.com\/pt-pt\/les-sables-dolonne-entre-a-praia-e-os-sabores-um-itinerario-inesquecivel-para-os-membros-da-ab2proteam\/#primaryimage","url":"https:\/\/www.ab2pro.com\/wp-content\/uploads\/2024\/01\/quais-les-sables-dolonne-scaled.jpg","contentUrl":"https:\/\/www.ab2pro.com\/wp-content\/uploads\/2024\/01\/quais-les-sables-dolonne-scaled.jpg","width":2048,"height":1484},{"@type":"BreadcrumbList","@id":"https:\/\/www.ab2pro.com\/pt-pt\/les-sables-dolonne-entre-a-praia-e-os-sabores-um-itinerario-inesquecivel-para-os-membros-da-ab2proteam\/#breadcrumb","itemListElement":[{"@type":"ListItem","position":1,"name":"Accueil","item":"https:\/\/www.ab2pro.com\/pt-pt\/"},{"@type":"ListItem","position":2,"name":"Les Sables d&rsquo;Olonne, entre a praia e os sabores: um itiner\u00e1rio inesquec\u00edvel para os membros da AB2PROTEAM"}]},{"@type":"WebSite","@id":"https:\/\/www.ab2pro.com\/pt-pt\/#website","url":"https:\/\/www.ab2pro.com\/pt-pt\/","name":"AB2PRO","description":"Agence d&#039;emploi sp\u00e9cialis\u00e9e dans le recrutement de travailleurs europ\u00e9ens","publisher":{"@id":"https:\/\/www.ab2pro.com\/pt-pt\/#organization"},"potentialAction":[{"@type":"SearchAction","target":{"@type":"EntryPoint","urlTemplate":"https:\/\/www.ab2pro.com\/pt-pt\/?s={search_term_string}"},"query-input":{"@type":"PropertyValueSpecification","valueRequired":true,"valueName":"search_term_string"}}],"inLanguage":"pt-PT"},{"@type":"Organization","@id":"https:\/\/www.ab2pro.com\/pt-pt\/#organization","name":"AB2PRO","url":"https:\/\/www.ab2pro.com\/pt-pt\/","logo":{"@type":"ImageObject","inLanguage":"pt-PT","@id":"https:\/\/www.ab2pro.com\/pt-pt\/#\/schema\/logo\/image\/","url":"https:\/\/www.ab2pro.com\/wp-content\/uploads\/2020\/11\/logo-profil.png","contentUrl":"https:\/\/www.ab2pro.com\/wp-content\/uploads\/2020\/11\/logo-profil.png","width":230,"height":47,"caption":"AB2PRO"},"image":{"@id":"https:\/\/www.ab2pro.com\/pt-pt\/#\/schema\/logo\/image\/"}},{"@type":"Person","@id":"https:\/\/www.ab2pro.com\/pt-pt\/#\/schema\/person\/54c8bff9be55097e2298932a5903940e","name":"Rossil\u00e8ne DOMOISON-SICARD","image":{"@type":"ImageObject","inLanguage":"pt-PT","@id":"https:\/\/www.ab2pro.com\/pt-pt\/#\/schema\/person\/image\/","url":"https:\/\/secure.gravatar.com\/avatar\/e33b91d9b8fa9fa2306743f1fb62f11c?s=96&d=mm&r=g","contentUrl":"https:\/\/secure.gravatar.com\/avatar\/e33b91d9b8fa9fa2306743f1fb62f11c?s=96&d=mm&r=g","caption":"Rossil\u00e8ne DOMOISON-SICARD"}}]}},"_links":{"self":[{"href":"https:\/\/www.ab2pro.com\/pt-pt\/wp-json\/wp\/v2\/posts\/60042","targetHints":{"allow":["GET"]}}],"collection":[{"href":"https:\/\/www.ab2pro.com\/pt-pt\/wp-json\/wp\/v2\/posts"}],"about":[{"href":"https:\/\/www.ab2pro.com\/pt-pt\/wp-json\/wp\/v2\/types\/post"}],"author":[{"embeddable":true,"href":"https:\/\/www.ab2pro.com\/pt-pt\/wp-json\/wp\/v2\/users\/5391"}],"replies":[{"embeddable":true,"href":"https:\/\/www.ab2pro.com\/pt-pt\/wp-json\/wp\/v2\/comments?post=60042"}],"version-history":[{"count":0,"href":"https:\/\/www.ab2pro.com\/pt-pt\/wp-json\/wp\/v2\/posts\/60042\/revisions"}],"wp:featuredmedia":[{"embeddable":true,"href":"https:\/\/www.ab2pro.com\/pt-pt\/wp-json\/wp\/v2\/media\/57990"}],"wp:attachment":[{"href":"https:\/\/www.ab2pro.com\/pt-pt\/wp-json\/wp\/v2\/media?parent=60042"}],"wp:term":[{"taxonomy":"category","embeddable":true,"href":"https:\/\/www.ab2pro.com\/pt-pt\/wp-json\/wp\/v2\/categories?post=60042"},{"taxonomy":"post_tag","embeddable":true,"href":"https:\/\/www.ab2pro.com\/pt-pt\/wp-json\/wp\/v2\/tags?post=60042"}],"curies":[{"name":"wp","href":"https:\/\/api.w.org\/{rel}","templated":true}]}}