
{"id":60194,"date":"2024-06-24T10:18:56","date_gmt":"2024-06-24T08:18:56","guid":{"rendered":"https:\/\/www.ab2pro.com\/?p=60194"},"modified":"2025-12-24T11:55:34","modified_gmt":"2025-12-24T10:55:34","slug":"nice-entre-a-arte-e-o-mediterraneo-um-itinerario-inesquecivel-para-os-membros-da-ab2proteam","status":"publish","type":"post","link":"https:\/\/www.ab2pro.com\/pt-pt\/nice-entre-a-arte-e-o-mediterraneo-um-itinerario-inesquecivel-para-os-membros-da-ab2proteam\/","title":{"rendered":"Nice, entre a arte e o Mediterr\u00e2neo: um itiner\u00e1rio inesquec\u00edvel para os membros da AB2PROTEAM"},"content":{"rendered":"<p>[vc_row][vc_column][vc_column_text]Bem-vindos a Nice, caros membros da AB2PROTEAM! Descubra os encantos desta cidade mediterr\u00e2nica com este itiner\u00e1rio concebido especialmente para si. Entre arte, cultura, gastronomia e a atmosfera solarenga de Nice, cada esquina, cada museu e cada experi\u00eancia de degusta\u00e7\u00e3o \u00e9 uma experi\u00eancia \u00fanica. Aproveite ao m\u00e1ximo a cidade e fa\u00e7a de cada momento passado aqui uma parte memor\u00e1vel da sua aventura. Desfrute da sua descoberta! [\/vc_column_text][\/vc_column][\/vc_row][vc_row][vc_column][vc_column_text]<\/p>\n<h2>Itiner\u00e1rio<\/h2>\n<p>[\/vc_column_text][\/vc_column][\/vc_row][vc_row][vc_column width=&#8221;1\/2&#8243;][vc_column_text]<\/p>\n<h3>1. In\u00edcio: A Promenade des Anglais<\/h3>\n<p>Comece o seu dia na Promenade des Anglais. Aprecie a vista sobre o Mar Mediterr\u00e2neo e respire o ar do mar para uma introdu\u00e7\u00e3o suave \u00e0 cidade.[\/vc_column_text][vc_column_text]<\/p>\n<h3>2. Nice antiga: Cours Saleya e mercado das flores<\/h3>\n<p>Mergulhe na Velha Nice, explore o Cours Saleya e o Mercado das Flores. As cores e os cheiros fazem-nos mergulhar na atmosfera mediterr\u00e2nica.<br \/>\n[\/vc_column_text][\/vc_column][vc_column width=&#8221;1\/2&#8243;][vc_single_image image=&#8221;57549&#8243; img_size=&#8221;960&#215;960&#8243;][\/vc_column][\/vc_row][vc_row][vc_column width=&#8221;1\/2&#8243;][vc_single_image image=&#8221;57565&#8243; img_size=&#8221;960&#215;960&#8243;][\/vc_column][vc_column width=&#8221;1\/2&#8243;][vc_column_text]<\/p>\n<h3>3 O Museu Matisse<\/h3>\n<p>Fa\u00e7a uma pausa cultural no Museu Matisse. As obras deste famoso pintor oferecem-lhe um momento de arte no cora\u00e7\u00e3o de Nice.[\/vc_column_text][vc_column_text]<\/p>\n<h3>4. Colina do Castelo<\/h3>\n<p>Subir \u00e0 Colina do Castelo para uma vista panor\u00e2mica da cidade. Os jardins em socalcos e as ru\u00ednas do castelo proporcionam um ambiente tranquilo.[\/vc_column_text][\/vc_column][\/vc_row][vc_row][vc_column width=&#8221;1\/2&#8243;][vc_column_text]<\/p>\n<h3>5. Almo\u00e7o na Pra\u00e7a Garibaldi<\/h3>\n<p>Fazer uma pausa para almo\u00e7o na Pra\u00e7a Garibaldi. Os restaurantes e caf\u00e9s da pra\u00e7a s\u00e3o perfeitos para provar as especialidades de Nice.<br \/>\n[\/vc_column_text][vc_column_text]<\/p>\n<h3>6. Museu de Arte Moderna e Contempor\u00e2nea (MAMAC)<\/h3>\n<p>\u00c0 tarde, visite o MAMAC para um mergulho na arte moderna e contempor\u00e2nea. As exposi\u00e7\u00f5es variadas oferecem uma experi\u00eancia art\u00edstica \u00fanica.[\/vc_column_text][\/vc_column][vc_column width=&#8221;1\/2&#8243;][vc_single_image image=&#8221;57613&#8243; img_size=&#8221;960&#215;960&#8243;][\/vc_column][\/vc_row][vc_row][vc_column width=&#8221;1\/2&#8243;][vc_single_image image=&#8221;57581&#8243; img_size=&#8221;960&#215;960&#8243;][\/vc_column][vc_column width=&#8221;1\/2&#8243;][vc_column_text]<\/p>\n<h3>7. Pra\u00e7a Mass\u00e9na<\/h3>\n<p>Explore a Place Mass\u00e9na, no cora\u00e7\u00e3o de Nice. As fachadas coloridas e a Fonte do Sol criam uma atmosfera animada.[\/vc_column_text][vc_column_text]<\/p>\n<h3>8. Jantar no bairro do Porto<\/h3>\n<p>Para jantar, dirija-se ao Quartier du Port. Restaurantes de marisco e bares animados convidam-no a desfrutar da vida nocturna.[\/vc_column_text][vc_column_text]<\/p>\n<h3>9. O Passeio Iluminado de Paillon<\/h3>\n<p>Terminez votre journ\u00e9e en fl\u00e2nant le long de la Promenade du Paillon illumin\u00e9e. Os efeitos de ilumina\u00e7\u00e3o criam uma atmosfera m\u00e1gica para um final de noite agrad\u00e1vel.[\/vc_column_text][\/vc_column][\/vc_row][vc_row][vc_column][vc_separator color=&#8221;white&#8221;][\/vc_column][\/vc_row][vc_row][vc_column][vc_column_text]Como membros da AB2PROTEAM, esperamos que este itiner\u00e1rio vos permita descobrir a riqueza de Nice. Quer seja pela arte cativante, pelos sabores mediterr\u00e2nicos ou pela atmosfera solarenga, cada momento passado nesta cidade aproxima-o um pouco mais do seu aut\u00eantico encanto. Aproveite ao m\u00e1ximo cada momento em Nice e deixe que cada rua que explorar se torne uma p\u00e1gina memor\u00e1vel da sua aventura. Desfrute da sua descoberta!<br \/>\nPara aqueles que ainda n\u00e3o s\u00e3o membros da #AB2PROTEAM e gostariam de aproveitar uma miss\u00e3o em Nice para descobrir esta magn\u00edfica cidade, est\u00e1 <a href=\"https:\/\/www.ab2pro.com\/pt-pt\/oferta-emprego-franca\/\">aqui<\/a>![\/vc_column_text][\/vc_column][\/vc_row]<\/p>\n","protected":false},"excerpt":{"rendered":"<p>Nice, a p\u00e9rola da C\u00f4te d&#8217;Azur, encanta os visitantes com o seu passeio mar\u00edtimo, os seus mercados perfumados e a sua arte de viver mediterr\u00e2nica. Entre o azul do mar e as fachadas coloridas da velha Nice, descubra uma cidade onde o glamour encontra a simplicidade, oferecendo uma experi\u00eancia solarenga cheia de charme.<\/p>\n","protected":false},"author":5391,"featured_media":57549,"comment_status":"closed","ping_status":"closed","sticky":false,"template":"","format":"standard","meta":{"_acf_changed":false,"footnotes":""},"categories":[653,583,709],"tags":[],"class_list":["post-60194","post","type-post","status-publish","format-standard","has-post-thumbnail","hentry","category-descubra-a-franca","category-pagina-inicial","category-sabia-que"],"acf":[],"yoast_head":"<!-- This site is optimized with the Yoast SEO plugin v26.8 - https:\/\/yoast.com\/product\/yoast-seo-wordpress\/ -->\n<title>Nice : itiner\u00e1rio hist\u00f3ria e sabores | AB2PRO<\/title>\n<meta name=\"description\" content=\"Nice, entre a arte e o Mediterr\u00e2neo: um itiner\u00e1rio inesquec\u00edvel para os membros da AB2PROTEAM\" \/>\n<meta name=\"robots\" content=\"index, follow, max-snippet:-1, max-image-preview:large, max-video-preview:-1\" \/>\n<link rel=\"canonical\" href=\"https:\/\/www.ab2pro.com\/pt-pt\/nice-entre-a-arte-e-o-mediterraneo-um-itinerario-inesquecivel-para-os-membros-da-ab2proteam\/\" \/>\n<meta property=\"og:locale\" content=\"pt_PT\" \/>\n<meta property=\"og:type\" content=\"article\" \/>\n<meta property=\"og:title\" content=\"Nice : itiner\u00e1rio hist\u00f3ria e sabores | AB2PRO\" \/>\n<meta property=\"og:description\" content=\"Nice, entre a arte e o Mediterr\u00e2neo: um itiner\u00e1rio inesquec\u00edvel para os membros da AB2PROTEAM\" \/>\n<meta property=\"og:url\" content=\"https:\/\/www.ab2pro.com\/pt-pt\/nice-entre-a-arte-e-o-mediterraneo-um-itinerario-inesquecivel-para-os-membros-da-ab2proteam\/\" \/>\n<meta property=\"og:site_name\" content=\"AB2PRO\" \/>\n<meta property=\"article:published_time\" content=\"2024-06-24T08:18:56+00:00\" \/>\n<meta property=\"article:modified_time\" content=\"2025-12-24T10:55:34+00:00\" \/>\n<meta property=\"og:image\" content=\"https:\/\/www.ab2pro.com\/wp-content\/uploads\/2024\/01\/promenade-des-anglais-nice-scaled.jpg\" \/>\n\t<meta property=\"og:image:width\" content=\"2048\" \/>\n\t<meta property=\"og:image:height\" content=\"1365\" \/>\n\t<meta property=\"og:image:type\" content=\"image\/jpeg\" \/>\n<meta name=\"author\" content=\"Rossil\u00e8ne DOMOISON-SICARD\" \/>\n<meta name=\"twitter:card\" content=\"summary_large_image\" \/>\n<meta name=\"twitter:label1\" content=\"Escrito por\" \/>\n\t<meta name=\"twitter:data1\" content=\"Rossil\u00e8ne DOMOISON-SICARD\" \/>\n\t<meta name=\"twitter:label2\" content=\"Tempo estimado de leitura\" \/>\n\t<meta name=\"twitter:data2\" content=\"3 minutos\" \/>\n<script type=\"application\/ld+json\" class=\"yoast-schema-graph\">{\"@context\":\"https:\/\/schema.org\",\"@graph\":[{\"@type\":\"Article\",\"@id\":\"https:\/\/www.ab2pro.com\/pt-pt\/nice-entre-a-arte-e-o-mediterraneo-um-itinerario-inesquecivel-para-os-membros-da-ab2proteam\/#article\",\"isPartOf\":{\"@id\":\"https:\/\/www.ab2pro.com\/pt-pt\/nice-entre-a-arte-e-o-mediterraneo-um-itinerario-inesquecivel-para-os-membros-da-ab2proteam\/\"},\"author\":{\"name\":\"Rossil\u00e8ne DOMOISON-SICARD\",\"@id\":\"https:\/\/www.ab2pro.com\/pt-pt\/#\/schema\/person\/54c8bff9be55097e2298932a5903940e\"},\"headline\":\"Nice, entre a arte e o Mediterr\u00e2neo: um itiner\u00e1rio inesquec\u00edvel para os membros da AB2PROTEAM\",\"datePublished\":\"2024-06-24T08:18:56+00:00\",\"dateModified\":\"2025-12-24T10:55:34+00:00\",\"mainEntityOfPage\":{\"@id\":\"https:\/\/www.ab2pro.com\/pt-pt\/nice-entre-a-arte-e-o-mediterraneo-um-itinerario-inesquecivel-para-os-membros-da-ab2proteam\/\"},\"wordCount\":661,\"publisher\":{\"@id\":\"https:\/\/www.ab2pro.com\/pt-pt\/#organization\"},\"image\":{\"@id\":\"https:\/\/www.ab2pro.com\/pt-pt\/nice-entre-a-arte-e-o-mediterraneo-um-itinerario-inesquecivel-para-os-membros-da-ab2proteam\/#primaryimage\"},\"thumbnailUrl\":\"https:\/\/www.ab2pro.com\/wp-content\/uploads\/2024\/01\/promenade-des-anglais-nice-scaled.jpg\",\"articleSection\":[\"Descubra a Fran\u00e7a\",\"P\u00e1gina inicial\",\"Sabia que...\"],\"inLanguage\":\"pt-PT\"},{\"@type\":\"WebPage\",\"@id\":\"https:\/\/www.ab2pro.com\/pt-pt\/nice-entre-a-arte-e-o-mediterraneo-um-itinerario-inesquecivel-para-os-membros-da-ab2proteam\/\",\"url\":\"https:\/\/www.ab2pro.com\/pt-pt\/nice-entre-a-arte-e-o-mediterraneo-um-itinerario-inesquecivel-para-os-membros-da-ab2proteam\/\",\"name\":\"Nice : itiner\u00e1rio hist\u00f3ria e sabores | AB2PRO\",\"isPartOf\":{\"@id\":\"https:\/\/www.ab2pro.com\/pt-pt\/#website\"},\"primaryImageOfPage\":{\"@id\":\"https:\/\/www.ab2pro.com\/pt-pt\/nice-entre-a-arte-e-o-mediterraneo-um-itinerario-inesquecivel-para-os-membros-da-ab2proteam\/#primaryimage\"},\"image\":{\"@id\":\"https:\/\/www.ab2pro.com\/pt-pt\/nice-entre-a-arte-e-o-mediterraneo-um-itinerario-inesquecivel-para-os-membros-da-ab2proteam\/#primaryimage\"},\"thumbnailUrl\":\"https:\/\/www.ab2pro.com\/wp-content\/uploads\/2024\/01\/promenade-des-anglais-nice-scaled.jpg\",\"datePublished\":\"2024-06-24T08:18:56+00:00\",\"dateModified\":\"2025-12-24T10:55:34+00:00\",\"description\":\"Nice, entre a arte e o Mediterr\u00e2neo: um itiner\u00e1rio inesquec\u00edvel para os membros da AB2PROTEAM\",\"breadcrumb\":{\"@id\":\"https:\/\/www.ab2pro.com\/pt-pt\/nice-entre-a-arte-e-o-mediterraneo-um-itinerario-inesquecivel-para-os-membros-da-ab2proteam\/#breadcrumb\"},\"inLanguage\":\"pt-PT\",\"potentialAction\":[{\"@type\":\"ReadAction\",\"target\":[\"https:\/\/www.ab2pro.com\/pt-pt\/nice-entre-a-arte-e-o-mediterraneo-um-itinerario-inesquecivel-para-os-membros-da-ab2proteam\/\"]}]},{\"@type\":\"ImageObject\",\"inLanguage\":\"pt-PT\",\"@id\":\"https:\/\/www.ab2pro.com\/pt-pt\/nice-entre-a-arte-e-o-mediterraneo-um-itinerario-inesquecivel-para-os-membros-da-ab2proteam\/#primaryimage\",\"url\":\"https:\/\/www.ab2pro.com\/wp-content\/uploads\/2024\/01\/promenade-des-anglais-nice-scaled.jpg\",\"contentUrl\":\"https:\/\/www.ab2pro.com\/wp-content\/uploads\/2024\/01\/promenade-des-anglais-nice-scaled.jpg\",\"width\":2048,\"height\":1365},{\"@type\":\"BreadcrumbList\",\"@id\":\"https:\/\/www.ab2pro.com\/pt-pt\/nice-entre-a-arte-e-o-mediterraneo-um-itinerario-inesquecivel-para-os-membros-da-ab2proteam\/#breadcrumb\",\"itemListElement\":[{\"@type\":\"ListItem\",\"position\":1,\"name\":\"Accueil\",\"item\":\"https:\/\/www.ab2pro.com\/pt-pt\/\"},{\"@type\":\"ListItem\",\"position\":2,\"name\":\"Nice, entre a arte e o Mediterr\u00e2neo: um itiner\u00e1rio inesquec\u00edvel para os membros da AB2PROTEAM\"}]},{\"@type\":\"WebSite\",\"@id\":\"https:\/\/www.ab2pro.com\/pt-pt\/#website\",\"url\":\"https:\/\/www.ab2pro.com\/pt-pt\/\",\"name\":\"AB2PRO\",\"description\":\"Agence d&#039;emploi sp\u00e9cialis\u00e9e dans le recrutement de travailleurs europ\u00e9ens\",\"publisher\":{\"@id\":\"https:\/\/www.ab2pro.com\/pt-pt\/#organization\"},\"potentialAction\":[{\"@type\":\"SearchAction\",\"target\":{\"@type\":\"EntryPoint\",\"urlTemplate\":\"https:\/\/www.ab2pro.com\/pt-pt\/?s={search_term_string}\"},\"query-input\":{\"@type\":\"PropertyValueSpecification\",\"valueRequired\":true,\"valueName\":\"search_term_string\"}}],\"inLanguage\":\"pt-PT\"},{\"@type\":\"Organization\",\"@id\":\"https:\/\/www.ab2pro.com\/pt-pt\/#organization\",\"name\":\"AB2PRO\",\"url\":\"https:\/\/www.ab2pro.com\/pt-pt\/\",\"logo\":{\"@type\":\"ImageObject\",\"inLanguage\":\"pt-PT\",\"@id\":\"https:\/\/www.ab2pro.com\/pt-pt\/#\/schema\/logo\/image\/\",\"url\":\"https:\/\/www.ab2pro.com\/wp-content\/uploads\/2020\/11\/logo-profil.png\",\"contentUrl\":\"https:\/\/www.ab2pro.com\/wp-content\/uploads\/2020\/11\/logo-profil.png\",\"width\":230,\"height\":47,\"caption\":\"AB2PRO\"},\"image\":{\"@id\":\"https:\/\/www.ab2pro.com\/pt-pt\/#\/schema\/logo\/image\/\"}},{\"@type\":\"Person\",\"@id\":\"https:\/\/www.ab2pro.com\/pt-pt\/#\/schema\/person\/54c8bff9be55097e2298932a5903940e\",\"name\":\"Rossil\u00e8ne DOMOISON-SICARD\",\"image\":{\"@type\":\"ImageObject\",\"inLanguage\":\"pt-PT\",\"@id\":\"https:\/\/www.ab2pro.com\/pt-pt\/#\/schema\/person\/image\/\",\"url\":\"https:\/\/secure.gravatar.com\/avatar\/e33b91d9b8fa9fa2306743f1fb62f11c?s=96&d=mm&r=g\",\"contentUrl\":\"https:\/\/secure.gravatar.com\/avatar\/e33b91d9b8fa9fa2306743f1fb62f11c?s=96&d=mm&r=g\",\"caption\":\"Rossil\u00e8ne DOMOISON-SICARD\"}}]}<\/script>\n<!-- \/ Yoast SEO plugin. -->","yoast_head_json":{"title":"Nice : itiner\u00e1rio hist\u00f3ria e sabores | AB2PRO","description":"Nice, entre a arte e o Mediterr\u00e2neo: um itiner\u00e1rio inesquec\u00edvel para os membros da AB2PROTEAM","robots":{"index":"index","follow":"follow","max-snippet":"max-snippet:-1","max-image-preview":"max-image-preview:large","max-video-preview":"max-video-preview:-1"},"canonical":"https:\/\/www.ab2pro.com\/pt-pt\/nice-entre-a-arte-e-o-mediterraneo-um-itinerario-inesquecivel-para-os-membros-da-ab2proteam\/","og_locale":"pt_PT","og_type":"article","og_title":"Nice : itiner\u00e1rio hist\u00f3ria e sabores | AB2PRO","og_description":"Nice, entre a arte e o Mediterr\u00e2neo: um itiner\u00e1rio inesquec\u00edvel para os membros da AB2PROTEAM","og_url":"https:\/\/www.ab2pro.com\/pt-pt\/nice-entre-a-arte-e-o-mediterraneo-um-itinerario-inesquecivel-para-os-membros-da-ab2proteam\/","og_site_name":"AB2PRO","article_published_time":"2024-06-24T08:18:56+00:00","article_modified_time":"2025-12-24T10:55:34+00:00","og_image":[{"width":2048,"height":1365,"url":"https:\/\/www.ab2pro.com\/wp-content\/uploads\/2024\/01\/promenade-des-anglais-nice-scaled.jpg","type":"image\/jpeg"}],"author":"Rossil\u00e8ne DOMOISON-SICARD","twitter_card":"summary_large_image","twitter_misc":{"Escrito por":"Rossil\u00e8ne DOMOISON-SICARD","Tempo estimado de leitura":"3 minutos"},"schema":{"@context":"https:\/\/schema.org","@graph":[{"@type":"Article","@id":"https:\/\/www.ab2pro.com\/pt-pt\/nice-entre-a-arte-e-o-mediterraneo-um-itinerario-inesquecivel-para-os-membros-da-ab2proteam\/#article","isPartOf":{"@id":"https:\/\/www.ab2pro.com\/pt-pt\/nice-entre-a-arte-e-o-mediterraneo-um-itinerario-inesquecivel-para-os-membros-da-ab2proteam\/"},"author":{"name":"Rossil\u00e8ne DOMOISON-SICARD","@id":"https:\/\/www.ab2pro.com\/pt-pt\/#\/schema\/person\/54c8bff9be55097e2298932a5903940e"},"headline":"Nice, entre a arte e o Mediterr\u00e2neo: um itiner\u00e1rio inesquec\u00edvel para os membros da AB2PROTEAM","datePublished":"2024-06-24T08:18:56+00:00","dateModified":"2025-12-24T10:55:34+00:00","mainEntityOfPage":{"@id":"https:\/\/www.ab2pro.com\/pt-pt\/nice-entre-a-arte-e-o-mediterraneo-um-itinerario-inesquecivel-para-os-membros-da-ab2proteam\/"},"wordCount":661,"publisher":{"@id":"https:\/\/www.ab2pro.com\/pt-pt\/#organization"},"image":{"@id":"https:\/\/www.ab2pro.com\/pt-pt\/nice-entre-a-arte-e-o-mediterraneo-um-itinerario-inesquecivel-para-os-membros-da-ab2proteam\/#primaryimage"},"thumbnailUrl":"https:\/\/www.ab2pro.com\/wp-content\/uploads\/2024\/01\/promenade-des-anglais-nice-scaled.jpg","articleSection":["Descubra a Fran\u00e7a","P\u00e1gina inicial","Sabia que..."],"inLanguage":"pt-PT"},{"@type":"WebPage","@id":"https:\/\/www.ab2pro.com\/pt-pt\/nice-entre-a-arte-e-o-mediterraneo-um-itinerario-inesquecivel-para-os-membros-da-ab2proteam\/","url":"https:\/\/www.ab2pro.com\/pt-pt\/nice-entre-a-arte-e-o-mediterraneo-um-itinerario-inesquecivel-para-os-membros-da-ab2proteam\/","name":"Nice : itiner\u00e1rio hist\u00f3ria e sabores | AB2PRO","isPartOf":{"@id":"https:\/\/www.ab2pro.com\/pt-pt\/#website"},"primaryImageOfPage":{"@id":"https:\/\/www.ab2pro.com\/pt-pt\/nice-entre-a-arte-e-o-mediterraneo-um-itinerario-inesquecivel-para-os-membros-da-ab2proteam\/#primaryimage"},"image":{"@id":"https:\/\/www.ab2pro.com\/pt-pt\/nice-entre-a-arte-e-o-mediterraneo-um-itinerario-inesquecivel-para-os-membros-da-ab2proteam\/#primaryimage"},"thumbnailUrl":"https:\/\/www.ab2pro.com\/wp-content\/uploads\/2024\/01\/promenade-des-anglais-nice-scaled.jpg","datePublished":"2024-06-24T08:18:56+00:00","dateModified":"2025-12-24T10:55:34+00:00","description":"Nice, entre a arte e o Mediterr\u00e2neo: um itiner\u00e1rio inesquec\u00edvel para os membros da AB2PROTEAM","breadcrumb":{"@id":"https:\/\/www.ab2pro.com\/pt-pt\/nice-entre-a-arte-e-o-mediterraneo-um-itinerario-inesquecivel-para-os-membros-da-ab2proteam\/#breadcrumb"},"inLanguage":"pt-PT","potentialAction":[{"@type":"ReadAction","target":["https:\/\/www.ab2pro.com\/pt-pt\/nice-entre-a-arte-e-o-mediterraneo-um-itinerario-inesquecivel-para-os-membros-da-ab2proteam\/"]}]},{"@type":"ImageObject","inLanguage":"pt-PT","@id":"https:\/\/www.ab2pro.com\/pt-pt\/nice-entre-a-arte-e-o-mediterraneo-um-itinerario-inesquecivel-para-os-membros-da-ab2proteam\/#primaryimage","url":"https:\/\/www.ab2pro.com\/wp-content\/uploads\/2024\/01\/promenade-des-anglais-nice-scaled.jpg","contentUrl":"https:\/\/www.ab2pro.com\/wp-content\/uploads\/2024\/01\/promenade-des-anglais-nice-scaled.jpg","width":2048,"height":1365},{"@type":"BreadcrumbList","@id":"https:\/\/www.ab2pro.com\/pt-pt\/nice-entre-a-arte-e-o-mediterraneo-um-itinerario-inesquecivel-para-os-membros-da-ab2proteam\/#breadcrumb","itemListElement":[{"@type":"ListItem","position":1,"name":"Accueil","item":"https:\/\/www.ab2pro.com\/pt-pt\/"},{"@type":"ListItem","position":2,"name":"Nice, entre a arte e o Mediterr\u00e2neo: um itiner\u00e1rio inesquec\u00edvel para os membros da AB2PROTEAM"}]},{"@type":"WebSite","@id":"https:\/\/www.ab2pro.com\/pt-pt\/#website","url":"https:\/\/www.ab2pro.com\/pt-pt\/","name":"AB2PRO","description":"Agence d&#039;emploi sp\u00e9cialis\u00e9e dans le recrutement de travailleurs europ\u00e9ens","publisher":{"@id":"https:\/\/www.ab2pro.com\/pt-pt\/#organization"},"potentialAction":[{"@type":"SearchAction","target":{"@type":"EntryPoint","urlTemplate":"https:\/\/www.ab2pro.com\/pt-pt\/?s={search_term_string}"},"query-input":{"@type":"PropertyValueSpecification","valueRequired":true,"valueName":"search_term_string"}}],"inLanguage":"pt-PT"},{"@type":"Organization","@id":"https:\/\/www.ab2pro.com\/pt-pt\/#organization","name":"AB2PRO","url":"https:\/\/www.ab2pro.com\/pt-pt\/","logo":{"@type":"ImageObject","inLanguage":"pt-PT","@id":"https:\/\/www.ab2pro.com\/pt-pt\/#\/schema\/logo\/image\/","url":"https:\/\/www.ab2pro.com\/wp-content\/uploads\/2020\/11\/logo-profil.png","contentUrl":"https:\/\/www.ab2pro.com\/wp-content\/uploads\/2020\/11\/logo-profil.png","width":230,"height":47,"caption":"AB2PRO"},"image":{"@id":"https:\/\/www.ab2pro.com\/pt-pt\/#\/schema\/logo\/image\/"}},{"@type":"Person","@id":"https:\/\/www.ab2pro.com\/pt-pt\/#\/schema\/person\/54c8bff9be55097e2298932a5903940e","name":"Rossil\u00e8ne DOMOISON-SICARD","image":{"@type":"ImageObject","inLanguage":"pt-PT","@id":"https:\/\/www.ab2pro.com\/pt-pt\/#\/schema\/person\/image\/","url":"https:\/\/secure.gravatar.com\/avatar\/e33b91d9b8fa9fa2306743f1fb62f11c?s=96&d=mm&r=g","contentUrl":"https:\/\/secure.gravatar.com\/avatar\/e33b91d9b8fa9fa2306743f1fb62f11c?s=96&d=mm&r=g","caption":"Rossil\u00e8ne DOMOISON-SICARD"}}]}},"_links":{"self":[{"href":"https:\/\/www.ab2pro.com\/pt-pt\/wp-json\/wp\/v2\/posts\/60194","targetHints":{"allow":["GET"]}}],"collection":[{"href":"https:\/\/www.ab2pro.com\/pt-pt\/wp-json\/wp\/v2\/posts"}],"about":[{"href":"https:\/\/www.ab2pro.com\/pt-pt\/wp-json\/wp\/v2\/types\/post"}],"author":[{"embeddable":true,"href":"https:\/\/www.ab2pro.com\/pt-pt\/wp-json\/wp\/v2\/users\/5391"}],"replies":[{"embeddable":true,"href":"https:\/\/www.ab2pro.com\/pt-pt\/wp-json\/wp\/v2\/comments?post=60194"}],"version-history":[{"count":0,"href":"https:\/\/www.ab2pro.com\/pt-pt\/wp-json\/wp\/v2\/posts\/60194\/revisions"}],"wp:featuredmedia":[{"embeddable":true,"href":"https:\/\/www.ab2pro.com\/pt-pt\/wp-json\/wp\/v2\/media\/57549"}],"wp:attachment":[{"href":"https:\/\/www.ab2pro.com\/pt-pt\/wp-json\/wp\/v2\/media?parent=60194"}],"wp:term":[{"taxonomy":"category","embeddable":true,"href":"https:\/\/www.ab2pro.com\/pt-pt\/wp-json\/wp\/v2\/categories?post=60194"},{"taxonomy":"post_tag","embeddable":true,"href":"https:\/\/www.ab2pro.com\/pt-pt\/wp-json\/wp\/v2\/tags?post=60194"}],"curies":[{"name":"wp","href":"https:\/\/api.w.org\/{rel}","templated":true}]}}