
{"id":61033,"date":"2024-03-08T08:42:01","date_gmt":"2024-03-08T07:42:01","guid":{"rendered":"https:\/\/www.ab2pro.com\/?p=61033"},"modified":"2024-03-12T15:32:00","modified_gmt":"2024-03-12T14:32:00","slug":"as-nossas-belas-historias-conheca-nicoleta-uma-mulher-de-acao-no-mundo-da-ite","status":"publish","type":"post","link":"https:\/\/www.ab2pro.com\/pt-pt\/as-nossas-belas-historias-conheca-nicoleta-uma-mulher-de-acao-no-mundo-da-ite\/","title":{"rendered":"As nossas belas hist\u00f3rias, conhe\u00e7a Nicoleta: uma mulher de a\u00e7\u00e3o no mundo da ITE \ud83d\udcbc\ud83d\udc77\u200d\u2640\ufe0f"},"content":{"rendered":"<p>[vc_row][vc_column][vc_column_text]No \u00e2mbito do Dia Internacional dos Direitos da Mulher, tivemos a oportunidade de falar com Nicoleta, uma das nossas trabalhadoras tempor\u00e1rias da Rom\u00e9nia, que trabalha na \u00e1rea do isolamento t\u00e9rmico exterior (ETI). A sua hist\u00f3ria \u00e9 inspiradora e representativa do compromisso que promovemos na AB2PRO. E se, tal como a Nicoleta, tamb\u00e9m tu gostarias de desempenhar o teu papel nas grandes transforma\u00e7\u00f5es da empresa, d\u00e1 uma vista de olhos \u00e0s nossas vagas e <a href=\"https:\/\/www.ab2pro.com\/pt-pt\/recrutamento-ab2pro\/\">junta-te a n\u00f3s!<\/a> \ud83d\ude80[\/vc_column_text][\/vc_column][\/vc_row][vc_row][vc_column width=&#8221;1\/2&#8243;][vc_single_image image=&#8221;61044&#8243; img_size=&#8221;large&#8221;][\/vc_column][vc_column width=&#8221;1\/2&#8243;][vc_column_text]<\/p>\n<h2>Um novo caminho com AB2PRO \ud83d\udee4\ufe0f<\/h2>\n<p>Nicoleta conta-nos a sua hist\u00f3ria em termos simples. &#8220;O meu nome \u00e9 Nicoleta e trabalho na AB2PRO desde que vim viver com o meu marido. Inicialmente, era pintora, mas agora sou montadora de ITE, tal como ele. A sua decis\u00e3o de se juntar \u00e0 AB2PRO foi clara: &#8220;Queria estar perto do meu marido, mas tamb\u00e9m vi a oportunidade de aprender uma nova profiss\u00e3o. Com a AB2PRO, Nicoleta encontrou muito mais do que um emprego: encontrou uma fam\u00edlia profissional onde pode desenvolver as suas compet\u00eancias. Traduzido com a vers\u00e3o gratuita do tradutor &#8211; www.DeepL.com\/Translator[\/vc_column_text][\/vc_column][\/vc_row][vc_row][vc_column][vc_column_text]<\/p>\n<h2>Vis\u00e3o Igual \ud83c\udf1f<\/h2>\n<p>Quando questionada sobre a sua vis\u00e3o da igualdade entre homens e mulheres, Nicoleta afirma com convic\u00e7\u00e3o:<\/p>\n<blockquote><p>&#8220;Para mim, n\u00e3o h\u00e1 diferen\u00e7a entre um homem e uma mulher, especialmente nos estaleiros de constru\u00e7\u00e3o.<\/p><\/blockquote>\n<p>A sua perspetiva reflecte o esp\u00edrito inclusivo e igualit\u00e1rio promovido na AB2PRO, onde cada colaborador \u00e9 valorizado pelas suas compet\u00eancias, independentemente do g\u00e9nero.[\/vc_column_text][\/vc_column][\/vc_row][vc_row][vc_column width=&#8221;1\/2&#8243;][vc_column_text]<\/p>\n<h2>Orgulho e supera\u00e7\u00e3o de si pr\u00f3prio \ud83c\udf1f<\/h2>\n<p>O seu orgulho reside na sua capacidade de realizar qualquer coisa: &#8220;Orgulho-me de saber fazer tudo, n\u00e3o sou menos capaz do que um homem. A sua atitude demonstra n\u00e3o s\u00f3 o seu profissionalismo, mas tamb\u00e9m a sua determina\u00e7\u00e3o em quebrar os estere\u00f3tipos de g\u00e9nero e afirmar-se numa \u00e1rea tradicionalmente masculina.[\/vc_column_text][vc_column_text]<\/p>\n<h2>Mensagem para as gera\u00e7\u00f5es futuras \ud83d\udce3<\/h2>\n<p>Nicoleta tem uma mensagem de confian\u00e7a para as jovens mulheres que est\u00e3o a iniciar o seu percurso profissional: &#8220;\u00c9 importante acreditar nas nossas pr\u00f3prias for\u00e7as, ter confian\u00e7a no nosso sucesso. Temos as mesmas capacidades que os homens. O seu encorajamento ressoa como um apelo \u00e0 emancipa\u00e7\u00e3o e \u00e0 autoconfian\u00e7a, valores essenciais para o progresso das mulheres em todos os sectores de atividade.[\/vc_column_text][\/vc_column][vc_column width=&#8221;1\/2&#8243;][vc_single_image image=&#8221;61052&#8243; img_size=&#8221;large&#8221;][\/vc_column][\/vc_row][vc_row][vc_column width=&#8221;1\/2&#8243;][vc_single_image image=&#8221;61060&#8243; img_size=&#8221;large&#8221;][\/vc_column][vc_column width=&#8221;1\/2&#8243;][vc_column_text]<\/p>\n<h2>Desafios do dia a dia \ud83d\udcaa<\/h2>\n<p>Tamb\u00e9m destaca os desafios enfrentados pelas mulheres da sua idade: &#8220;Nos estaleiros de constru\u00e7\u00e3o, carregar cargas pode ser dif\u00edcil. Apesar destes desafios, Nicoleta enfrenta cada dia com determina\u00e7\u00e3o, ultrapassando os limites e inspirando os que a rodeiam com a sua resili\u00eancia e for\u00e7a de car\u00e1cter.[\/vc_column_text][vc_column_text]<\/p>\n<h2>Uma anedota reveladora \ud83d\udcd6<\/h2>\n<p>Por fim, partilha uma anedota pessoal memor\u00e1vel: &#8220;No in\u00edcio, era desajeitada e admirava outra mulher mais experiente. Mas com o tempo, fui progredindo. Hoje, sinto-me orgulhosa das minhas capacidades, mesmo que de vez em quando ainda seja um pouco desastrada. Esta anedota testemunha o percurso de crescimento pessoal de Nicoleta, simbolizando a sua capacidade de ultrapassar obst\u00e1culos e de se afirmar no seu dom\u00ednio profissional. Traduzido com a vers\u00e3o gratuita do tradutor &#8211; www.DeepL.com\/Translator[\/vc_column_text][\/vc_column][\/vc_row][vc_row][vc_column][vc_column_text]<\/p>\n<h2>Conclus\u00e3o \ud83c\udf08<\/h2>\n<p>A determina\u00e7\u00e3o e o profissionalismo da Nicoleta s\u00e3o o exemplo do esp\u00edrito da AB2PRO. A sua hist\u00f3ria mostra que, com perseveran\u00e7a e auto-confian\u00e7a, as mulheres podem brilhar em qualquer \u00e1rea profissional. No Dia Internacional dos Direitos da Mulher, vamos celebrar estas hist\u00f3rias inspiradoras e continuar a investir na igualdade de g\u00e9nero.[\/vc_column_text][vc_column_text]Pronto para se juntar \u00e0 fam\u00edlia AB2PRO?<br \/>\n\ud83d\udc49 <a href=\"https:\/\/www.ab2pro.com\/pt-pt\/oferta-emprego-franca\/\">Junte-se a n\u00f3s<\/a><\/p>\n<p>#DiaInternacionaldosDireitosdaMulher #MulheresNoTrabalho #IgualdadeDeG\u00eanero #Inspira\u00e7\u00e3oFeminina #OrgulhoProfissional #EmpoderamentoFeminino #DiversidadeNoTrabalho #TrabalhoTempor\u00e1rio #AB2PRO #IsolamentoT\u00e9rmicoExterno #ParidadeProfissional #MulheresL\u00edderes[\/vc_column_text][\/vc_column][\/vc_row]<\/p>\n","protected":false},"excerpt":{"rendered":"<p>Descubra a hist\u00f3ria da Nicoleta: da pintura \u00e0 ITE, a sua carreira inspiradora na AB2PRO quebra os estere\u00f3tipos de g\u00e9nero!<\/p>\n","protected":false},"author":9,"featured_media":61052,"comment_status":"closed","ping_status":"closed","sticky":false,"template":"","format":"standard","meta":{"_acf_changed":false,"footnotes":""},"categories":[835,583,582],"tags":[],"class_list":["post-61033","post","type-post","status-publish","format-standard","has-post-thumbnail","hentry","category-as-nossas-historias-de-sucesso","category-pagina-inicial","category-vindo-trabalhar-para-a-ab2pro"],"acf":[],"yoast_head":"<!-- This site is optimized with the Yoast SEO plugin v26.8 - https:\/\/yoast.com\/product\/yoast-seo-wordpress\/ -->\n<title>As nossas belas hist\u00f3rias, conhe\u00e7a Nicoleta: uma mulher de a\u00e7\u00e3o no mundo da ITE \ud83d\udcbc\ud83d\udc77\u200d\u2640\ufe0f - AB2PRO<\/title>\n<meta name=\"description\" content=\"As nossas belas hist\u00f3rias, conhe\u00e7a Nicoleta: uma mulher de a\u00e7\u00e3o no mundo da ITE \ud83d\udcbc\ud83d\udc77\u200d\u2640\ufe0f\" \/>\n<meta name=\"robots\" content=\"index, follow, max-snippet:-1, max-image-preview:large, max-video-preview:-1\" \/>\n<link rel=\"canonical\" href=\"https:\/\/www.ab2pro.com\/pt-pt\/as-nossas-belas-historias-conheca-nicoleta-uma-mulher-de-acao-no-mundo-da-ite\/\" \/>\n<meta property=\"og:locale\" content=\"pt_PT\" \/>\n<meta property=\"og:type\" content=\"article\" \/>\n<meta property=\"og:title\" content=\"As nossas belas hist\u00f3rias, conhe\u00e7a Nicoleta: uma mulher de a\u00e7\u00e3o no mundo da ITE \ud83d\udcbc\ud83d\udc77\u200d\u2640\ufe0f - AB2PRO\" \/>\n<meta property=\"og:description\" content=\"As nossas belas hist\u00f3rias, conhe\u00e7a Nicoleta: uma mulher de a\u00e7\u00e3o no mundo da ITE \ud83d\udcbc\ud83d\udc77\u200d\u2640\ufe0f\" \/>\n<meta property=\"og:url\" content=\"https:\/\/www.ab2pro.com\/pt-pt\/as-nossas-belas-historias-conheca-nicoleta-uma-mulher-de-acao-no-mundo-da-ite\/\" \/>\n<meta property=\"og:site_name\" content=\"AB2PRO\" \/>\n<meta property=\"article:published_time\" content=\"2024-03-08T07:42:01+00:00\" \/>\n<meta property=\"article:modified_time\" content=\"2024-03-12T14:32:00+00:00\" \/>\n<meta property=\"og:image\" content=\"https:\/\/www.ab2pro.com\/wp-content\/uploads\/2024\/02\/nicoleta-travail-carre-scaled.jpg\" \/>\n\t<meta property=\"og:image:width\" content=\"2048\" \/>\n\t<meta property=\"og:image:height\" content=\"2048\" \/>\n\t<meta property=\"og:image:type\" content=\"image\/jpeg\" \/>\n<meta name=\"author\" content=\"MaudeAB2PRO\" \/>\n<meta name=\"twitter:card\" content=\"summary_large_image\" \/>\n<meta name=\"twitter:label1\" content=\"Escrito por\" \/>\n\t<meta name=\"twitter:data1\" content=\"MaudeAB2PRO\" \/>\n\t<meta name=\"twitter:label2\" content=\"Tempo estimado de leitura\" \/>\n\t<meta name=\"twitter:data2\" content=\"4 minutos\" \/>\n<script type=\"application\/ld+json\" class=\"yoast-schema-graph\">{\"@context\":\"https:\/\/schema.org\",\"@graph\":[{\"@type\":\"Article\",\"@id\":\"https:\/\/www.ab2pro.com\/pt-pt\/as-nossas-belas-historias-conheca-nicoleta-uma-mulher-de-acao-no-mundo-da-ite\/#article\",\"isPartOf\":{\"@id\":\"https:\/\/www.ab2pro.com\/pt-pt\/as-nossas-belas-historias-conheca-nicoleta-uma-mulher-de-acao-no-mundo-da-ite\/\"},\"author\":{\"name\":\"MaudeAB2PRO\",\"@id\":\"https:\/\/www.ab2pro.com\/pt-pt\/#\/schema\/person\/2a8a291280d10fe49dac825b0c1542f0\"},\"headline\":\"As nossas belas hist\u00f3rias, conhe\u00e7a Nicoleta: uma mulher de a\u00e7\u00e3o no mundo da ITE \ud83d\udcbc\ud83d\udc77\u200d\u2640\ufe0f\",\"datePublished\":\"2024-03-08T07:42:01+00:00\",\"dateModified\":\"2024-03-12T14:32:00+00:00\",\"mainEntityOfPage\":{\"@id\":\"https:\/\/www.ab2pro.com\/pt-pt\/as-nossas-belas-historias-conheca-nicoleta-uma-mulher-de-acao-no-mundo-da-ite\/\"},\"wordCount\":788,\"publisher\":{\"@id\":\"https:\/\/www.ab2pro.com\/pt-pt\/#organization\"},\"image\":{\"@id\":\"https:\/\/www.ab2pro.com\/pt-pt\/as-nossas-belas-historias-conheca-nicoleta-uma-mulher-de-acao-no-mundo-da-ite\/#primaryimage\"},\"thumbnailUrl\":\"https:\/\/www.ab2pro.com\/wp-content\/uploads\/2024\/02\/nicoleta-travail-carre-scaled.jpg\",\"articleSection\":[\"As nossas hist\u00f3rias de sucesso\",\"P\u00e1gina inicial\",\"Vindo trabalhar para a AB2PRO\"],\"inLanguage\":\"pt-PT\"},{\"@type\":\"WebPage\",\"@id\":\"https:\/\/www.ab2pro.com\/pt-pt\/as-nossas-belas-historias-conheca-nicoleta-uma-mulher-de-acao-no-mundo-da-ite\/\",\"url\":\"https:\/\/www.ab2pro.com\/pt-pt\/as-nossas-belas-historias-conheca-nicoleta-uma-mulher-de-acao-no-mundo-da-ite\/\",\"name\":\"As nossas belas hist\u00f3rias, conhe\u00e7a Nicoleta: uma mulher de a\u00e7\u00e3o no mundo da ITE \ud83d\udcbc\ud83d\udc77\u200d\u2640\ufe0f - AB2PRO\",\"isPartOf\":{\"@id\":\"https:\/\/www.ab2pro.com\/pt-pt\/#website\"},\"primaryImageOfPage\":{\"@id\":\"https:\/\/www.ab2pro.com\/pt-pt\/as-nossas-belas-historias-conheca-nicoleta-uma-mulher-de-acao-no-mundo-da-ite\/#primaryimage\"},\"image\":{\"@id\":\"https:\/\/www.ab2pro.com\/pt-pt\/as-nossas-belas-historias-conheca-nicoleta-uma-mulher-de-acao-no-mundo-da-ite\/#primaryimage\"},\"thumbnailUrl\":\"https:\/\/www.ab2pro.com\/wp-content\/uploads\/2024\/02\/nicoleta-travail-carre-scaled.jpg\",\"datePublished\":\"2024-03-08T07:42:01+00:00\",\"dateModified\":\"2024-03-12T14:32:00+00:00\",\"description\":\"As nossas belas hist\u00f3rias, conhe\u00e7a Nicoleta: uma mulher de a\u00e7\u00e3o no mundo da ITE \ud83d\udcbc\ud83d\udc77\u200d\u2640\ufe0f\",\"breadcrumb\":{\"@id\":\"https:\/\/www.ab2pro.com\/pt-pt\/as-nossas-belas-historias-conheca-nicoleta-uma-mulher-de-acao-no-mundo-da-ite\/#breadcrumb\"},\"inLanguage\":\"pt-PT\",\"potentialAction\":[{\"@type\":\"ReadAction\",\"target\":[\"https:\/\/www.ab2pro.com\/pt-pt\/as-nossas-belas-historias-conheca-nicoleta-uma-mulher-de-acao-no-mundo-da-ite\/\"]}]},{\"@type\":\"ImageObject\",\"inLanguage\":\"pt-PT\",\"@id\":\"https:\/\/www.ab2pro.com\/pt-pt\/as-nossas-belas-historias-conheca-nicoleta-uma-mulher-de-acao-no-mundo-da-ite\/#primaryimage\",\"url\":\"https:\/\/www.ab2pro.com\/wp-content\/uploads\/2024\/02\/nicoleta-travail-carre-scaled.jpg\",\"contentUrl\":\"https:\/\/www.ab2pro.com\/wp-content\/uploads\/2024\/02\/nicoleta-travail-carre-scaled.jpg\",\"width\":2048,\"height\":2048},{\"@type\":\"BreadcrumbList\",\"@id\":\"https:\/\/www.ab2pro.com\/pt-pt\/as-nossas-belas-historias-conheca-nicoleta-uma-mulher-de-acao-no-mundo-da-ite\/#breadcrumb\",\"itemListElement\":[{\"@type\":\"ListItem\",\"position\":1,\"name\":\"Accueil\",\"item\":\"https:\/\/www.ab2pro.com\/pt-pt\/\"},{\"@type\":\"ListItem\",\"position\":2,\"name\":\"As nossas belas hist\u00f3rias, conhe\u00e7a Nicoleta: uma mulher de a\u00e7\u00e3o no mundo da ITE \ud83d\udcbc\ud83d\udc77\u200d\u2640\ufe0f\"}]},{\"@type\":\"WebSite\",\"@id\":\"https:\/\/www.ab2pro.com\/pt-pt\/#website\",\"url\":\"https:\/\/www.ab2pro.com\/pt-pt\/\",\"name\":\"AB2PRO\",\"description\":\"Agence d&#039;emploi sp\u00e9cialis\u00e9e dans le recrutement de travailleurs europ\u00e9ens\",\"publisher\":{\"@id\":\"https:\/\/www.ab2pro.com\/pt-pt\/#organization\"},\"potentialAction\":[{\"@type\":\"SearchAction\",\"target\":{\"@type\":\"EntryPoint\",\"urlTemplate\":\"https:\/\/www.ab2pro.com\/pt-pt\/?s={search_term_string}\"},\"query-input\":{\"@type\":\"PropertyValueSpecification\",\"valueRequired\":true,\"valueName\":\"search_term_string\"}}],\"inLanguage\":\"pt-PT\"},{\"@type\":\"Organization\",\"@id\":\"https:\/\/www.ab2pro.com\/pt-pt\/#organization\",\"name\":\"AB2PRO\",\"url\":\"https:\/\/www.ab2pro.com\/pt-pt\/\",\"logo\":{\"@type\":\"ImageObject\",\"inLanguage\":\"pt-PT\",\"@id\":\"https:\/\/www.ab2pro.com\/pt-pt\/#\/schema\/logo\/image\/\",\"url\":\"https:\/\/www.ab2pro.com\/wp-content\/uploads\/2020\/11\/logo-profil.png\",\"contentUrl\":\"https:\/\/www.ab2pro.com\/wp-content\/uploads\/2020\/11\/logo-profil.png\",\"width\":230,\"height\":47,\"caption\":\"AB2PRO\"},\"image\":{\"@id\":\"https:\/\/www.ab2pro.com\/pt-pt\/#\/schema\/logo\/image\/\"}},{\"@type\":\"Person\",\"@id\":\"https:\/\/www.ab2pro.com\/pt-pt\/#\/schema\/person\/2a8a291280d10fe49dac825b0c1542f0\",\"name\":\"MaudeAB2PRO\",\"image\":{\"@type\":\"ImageObject\",\"inLanguage\":\"pt-PT\",\"@id\":\"https:\/\/www.ab2pro.com\/pt-pt\/#\/schema\/person\/image\/\",\"url\":\"https:\/\/secure.gravatar.com\/avatar\/613b8599a07b8d90193da3b7d84a1997?s=96&d=mm&r=g\",\"contentUrl\":\"https:\/\/secure.gravatar.com\/avatar\/613b8599a07b8d90193da3b7d84a1997?s=96&d=mm&r=g\",\"caption\":\"MaudeAB2PRO\"}}]}<\/script>\n<!-- \/ Yoast SEO plugin. -->","yoast_head_json":{"title":"As nossas belas hist\u00f3rias, conhe\u00e7a Nicoleta: uma mulher de a\u00e7\u00e3o no mundo da ITE \ud83d\udcbc\ud83d\udc77\u200d\u2640\ufe0f - AB2PRO","description":"As nossas belas hist\u00f3rias, conhe\u00e7a Nicoleta: uma mulher de a\u00e7\u00e3o no mundo da ITE \ud83d\udcbc\ud83d\udc77\u200d\u2640\ufe0f","robots":{"index":"index","follow":"follow","max-snippet":"max-snippet:-1","max-image-preview":"max-image-preview:large","max-video-preview":"max-video-preview:-1"},"canonical":"https:\/\/www.ab2pro.com\/pt-pt\/as-nossas-belas-historias-conheca-nicoleta-uma-mulher-de-acao-no-mundo-da-ite\/","og_locale":"pt_PT","og_type":"article","og_title":"As nossas belas hist\u00f3rias, conhe\u00e7a Nicoleta: uma mulher de a\u00e7\u00e3o no mundo da ITE \ud83d\udcbc\ud83d\udc77\u200d\u2640\ufe0f - AB2PRO","og_description":"As nossas belas hist\u00f3rias, conhe\u00e7a Nicoleta: uma mulher de a\u00e7\u00e3o no mundo da ITE \ud83d\udcbc\ud83d\udc77\u200d\u2640\ufe0f","og_url":"https:\/\/www.ab2pro.com\/pt-pt\/as-nossas-belas-historias-conheca-nicoleta-uma-mulher-de-acao-no-mundo-da-ite\/","og_site_name":"AB2PRO","article_published_time":"2024-03-08T07:42:01+00:00","article_modified_time":"2024-03-12T14:32:00+00:00","og_image":[{"width":2048,"height":2048,"url":"https:\/\/www.ab2pro.com\/wp-content\/uploads\/2024\/02\/nicoleta-travail-carre-scaled.jpg","type":"image\/jpeg"}],"author":"MaudeAB2PRO","twitter_card":"summary_large_image","twitter_misc":{"Escrito por":"MaudeAB2PRO","Tempo estimado de leitura":"4 minutos"},"schema":{"@context":"https:\/\/schema.org","@graph":[{"@type":"Article","@id":"https:\/\/www.ab2pro.com\/pt-pt\/as-nossas-belas-historias-conheca-nicoleta-uma-mulher-de-acao-no-mundo-da-ite\/#article","isPartOf":{"@id":"https:\/\/www.ab2pro.com\/pt-pt\/as-nossas-belas-historias-conheca-nicoleta-uma-mulher-de-acao-no-mundo-da-ite\/"},"author":{"name":"MaudeAB2PRO","@id":"https:\/\/www.ab2pro.com\/pt-pt\/#\/schema\/person\/2a8a291280d10fe49dac825b0c1542f0"},"headline":"As nossas belas hist\u00f3rias, conhe\u00e7a Nicoleta: uma mulher de a\u00e7\u00e3o no mundo da ITE \ud83d\udcbc\ud83d\udc77\u200d\u2640\ufe0f","datePublished":"2024-03-08T07:42:01+00:00","dateModified":"2024-03-12T14:32:00+00:00","mainEntityOfPage":{"@id":"https:\/\/www.ab2pro.com\/pt-pt\/as-nossas-belas-historias-conheca-nicoleta-uma-mulher-de-acao-no-mundo-da-ite\/"},"wordCount":788,"publisher":{"@id":"https:\/\/www.ab2pro.com\/pt-pt\/#organization"},"image":{"@id":"https:\/\/www.ab2pro.com\/pt-pt\/as-nossas-belas-historias-conheca-nicoleta-uma-mulher-de-acao-no-mundo-da-ite\/#primaryimage"},"thumbnailUrl":"https:\/\/www.ab2pro.com\/wp-content\/uploads\/2024\/02\/nicoleta-travail-carre-scaled.jpg","articleSection":["As nossas hist\u00f3rias de sucesso","P\u00e1gina inicial","Vindo trabalhar para a AB2PRO"],"inLanguage":"pt-PT"},{"@type":"WebPage","@id":"https:\/\/www.ab2pro.com\/pt-pt\/as-nossas-belas-historias-conheca-nicoleta-uma-mulher-de-acao-no-mundo-da-ite\/","url":"https:\/\/www.ab2pro.com\/pt-pt\/as-nossas-belas-historias-conheca-nicoleta-uma-mulher-de-acao-no-mundo-da-ite\/","name":"As nossas belas hist\u00f3rias, conhe\u00e7a Nicoleta: uma mulher de a\u00e7\u00e3o no mundo da ITE \ud83d\udcbc\ud83d\udc77\u200d\u2640\ufe0f - AB2PRO","isPartOf":{"@id":"https:\/\/www.ab2pro.com\/pt-pt\/#website"},"primaryImageOfPage":{"@id":"https:\/\/www.ab2pro.com\/pt-pt\/as-nossas-belas-historias-conheca-nicoleta-uma-mulher-de-acao-no-mundo-da-ite\/#primaryimage"},"image":{"@id":"https:\/\/www.ab2pro.com\/pt-pt\/as-nossas-belas-historias-conheca-nicoleta-uma-mulher-de-acao-no-mundo-da-ite\/#primaryimage"},"thumbnailUrl":"https:\/\/www.ab2pro.com\/wp-content\/uploads\/2024\/02\/nicoleta-travail-carre-scaled.jpg","datePublished":"2024-03-08T07:42:01+00:00","dateModified":"2024-03-12T14:32:00+00:00","description":"As nossas belas hist\u00f3rias, conhe\u00e7a Nicoleta: uma mulher de a\u00e7\u00e3o no mundo da ITE \ud83d\udcbc\ud83d\udc77\u200d\u2640\ufe0f","breadcrumb":{"@id":"https:\/\/www.ab2pro.com\/pt-pt\/as-nossas-belas-historias-conheca-nicoleta-uma-mulher-de-acao-no-mundo-da-ite\/#breadcrumb"},"inLanguage":"pt-PT","potentialAction":[{"@type":"ReadAction","target":["https:\/\/www.ab2pro.com\/pt-pt\/as-nossas-belas-historias-conheca-nicoleta-uma-mulher-de-acao-no-mundo-da-ite\/"]}]},{"@type":"ImageObject","inLanguage":"pt-PT","@id":"https:\/\/www.ab2pro.com\/pt-pt\/as-nossas-belas-historias-conheca-nicoleta-uma-mulher-de-acao-no-mundo-da-ite\/#primaryimage","url":"https:\/\/www.ab2pro.com\/wp-content\/uploads\/2024\/02\/nicoleta-travail-carre-scaled.jpg","contentUrl":"https:\/\/www.ab2pro.com\/wp-content\/uploads\/2024\/02\/nicoleta-travail-carre-scaled.jpg","width":2048,"height":2048},{"@type":"BreadcrumbList","@id":"https:\/\/www.ab2pro.com\/pt-pt\/as-nossas-belas-historias-conheca-nicoleta-uma-mulher-de-acao-no-mundo-da-ite\/#breadcrumb","itemListElement":[{"@type":"ListItem","position":1,"name":"Accueil","item":"https:\/\/www.ab2pro.com\/pt-pt\/"},{"@type":"ListItem","position":2,"name":"As nossas belas hist\u00f3rias, conhe\u00e7a Nicoleta: uma mulher de a\u00e7\u00e3o no mundo da ITE \ud83d\udcbc\ud83d\udc77\u200d\u2640\ufe0f"}]},{"@type":"WebSite","@id":"https:\/\/www.ab2pro.com\/pt-pt\/#website","url":"https:\/\/www.ab2pro.com\/pt-pt\/","name":"AB2PRO","description":"Agence d&#039;emploi sp\u00e9cialis\u00e9e dans le recrutement de travailleurs europ\u00e9ens","publisher":{"@id":"https:\/\/www.ab2pro.com\/pt-pt\/#organization"},"potentialAction":[{"@type":"SearchAction","target":{"@type":"EntryPoint","urlTemplate":"https:\/\/www.ab2pro.com\/pt-pt\/?s={search_term_string}"},"query-input":{"@type":"PropertyValueSpecification","valueRequired":true,"valueName":"search_term_string"}}],"inLanguage":"pt-PT"},{"@type":"Organization","@id":"https:\/\/www.ab2pro.com\/pt-pt\/#organization","name":"AB2PRO","url":"https:\/\/www.ab2pro.com\/pt-pt\/","logo":{"@type":"ImageObject","inLanguage":"pt-PT","@id":"https:\/\/www.ab2pro.com\/pt-pt\/#\/schema\/logo\/image\/","url":"https:\/\/www.ab2pro.com\/wp-content\/uploads\/2020\/11\/logo-profil.png","contentUrl":"https:\/\/www.ab2pro.com\/wp-content\/uploads\/2020\/11\/logo-profil.png","width":230,"height":47,"caption":"AB2PRO"},"image":{"@id":"https:\/\/www.ab2pro.com\/pt-pt\/#\/schema\/logo\/image\/"}},{"@type":"Person","@id":"https:\/\/www.ab2pro.com\/pt-pt\/#\/schema\/person\/2a8a291280d10fe49dac825b0c1542f0","name":"MaudeAB2PRO","image":{"@type":"ImageObject","inLanguage":"pt-PT","@id":"https:\/\/www.ab2pro.com\/pt-pt\/#\/schema\/person\/image\/","url":"https:\/\/secure.gravatar.com\/avatar\/613b8599a07b8d90193da3b7d84a1997?s=96&d=mm&r=g","contentUrl":"https:\/\/secure.gravatar.com\/avatar\/613b8599a07b8d90193da3b7d84a1997?s=96&d=mm&r=g","caption":"MaudeAB2PRO"}}]}},"_links":{"self":[{"href":"https:\/\/www.ab2pro.com\/pt-pt\/wp-json\/wp\/v2\/posts\/61033","targetHints":{"allow":["GET"]}}],"collection":[{"href":"https:\/\/www.ab2pro.com\/pt-pt\/wp-json\/wp\/v2\/posts"}],"about":[{"href":"https:\/\/www.ab2pro.com\/pt-pt\/wp-json\/wp\/v2\/types\/post"}],"author":[{"embeddable":true,"href":"https:\/\/www.ab2pro.com\/pt-pt\/wp-json\/wp\/v2\/users\/9"}],"replies":[{"embeddable":true,"href":"https:\/\/www.ab2pro.com\/pt-pt\/wp-json\/wp\/v2\/comments?post=61033"}],"version-history":[{"count":0,"href":"https:\/\/www.ab2pro.com\/pt-pt\/wp-json\/wp\/v2\/posts\/61033\/revisions"}],"wp:featuredmedia":[{"embeddable":true,"href":"https:\/\/www.ab2pro.com\/pt-pt\/wp-json\/wp\/v2\/media\/61052"}],"wp:attachment":[{"href":"https:\/\/www.ab2pro.com\/pt-pt\/wp-json\/wp\/v2\/media?parent=61033"}],"wp:term":[{"taxonomy":"category","embeddable":true,"href":"https:\/\/www.ab2pro.com\/pt-pt\/wp-json\/wp\/v2\/categories?post=61033"},{"taxonomy":"post_tag","embeddable":true,"href":"https:\/\/www.ab2pro.com\/pt-pt\/wp-json\/wp\/v2\/tags?post=61033"}],"curies":[{"name":"wp","href":"https:\/\/api.w.org\/{rel}","templated":true}]}}