
{"id":68509,"date":"2024-08-08T09:35:32","date_gmt":"2024-08-08T07:35:32","guid":{"rendered":"https:\/\/www.ab2pro.com\/?p=68509"},"modified":"2024-08-08T09:35:33","modified_gmt":"2024-08-08T07:35:33","slug":"festa-de-verao-com-ab2pro","status":"publish","type":"post","link":"https:\/\/www.ab2pro.com\/pt-pt\/festa-de-verao-com-ab2pro\/","title":{"rendered":"Festa de ver\u00e3o com AB2PRO"},"content":{"rendered":"<p>[vc_row][vc_column][vc_column_text css_animation=&#8221;fadeInDown&#8221;]<span data-contrast=\"auto\">Festa de ver\u00e3o na AB2PRO Toulouse e Lyon \u2600\ufe0f<\/span><br \/>\n[\/vc_column_text][\/vc_column][\/vc_row][vc_row][vc_column width=&#8221;1\/2&#8243;][vc_column_text css_animation=&#8221;fadeIn&#8221;]<\/p>\n<h3>Festa de ver\u00e3o na sucursal de Lyon<\/h3>\n<p>No s\u00e1bado, 22 de junho, a equipa da AB2PRO Lyon convidou os seus colaboradores tempor\u00e1rios a virem desfrutar de uma festa de ver\u00e3o na ag\u00eancia Este evento exclusivo deu \u00e0s nossas equipas e aos colaboradores tempor\u00e1rios a oportunidade de partilharem um momento de conv\u00edvio, com bebidas e um piquenique no programa A rela\u00e7\u00e3o que temos com os nossos colaboradores tempor\u00e1rios \u00e9 vital para n\u00f3s, e esta festa foi uma \u00f3tima oportunidade para fortalecer esses la\u00e7os. Queremos valorizar cada membro da nossa equipa e mostrar-lhes o nosso apre\u00e7o, criando momentos de descontra\u00e7\u00e3o e conv\u00edvio fora do local de trabalho. O dia foi uma oportunidade para nos conhecermos melhor, trocarmos ideias e partilharmos mem\u00f3rias inesquec\u00edveis![\/vc_column_text][\/vc_column][vc_column width=&#8221;1\/2&#8243;][vc_gallery interval=&#8221;3&#8243; images=&#8221;71831,71839,71847,71855&#8243; img_size=&#8221;960&#215;960&#8243;][\/vc_column][\/vc_row][vc_row][vc_column][vc_separator color=&#8221;white&#8221;][\/vc_column][\/vc_row][vc_row][vc_column width=&#8221;1\/2&#8243;][vc_gallery interval=&#8221;3&#8243; images=&#8221;71879,71871,71863,71887&#8243; img_size=&#8221;960&#215;960&#8243;][\/vc_column][vc_column width=&#8221;1\/2&#8243;][vc_column_text css_animation=&#8221;fadeIn&#8221;]<\/p>\n<h3>O festival de ver\u00e3o da ag\u00eancia de Toulouse<\/h3>\n<p>No s\u00e1bado, 29 de junho, a ag\u00eancia de Toulouse celebrou dois acontecimentos: a chegada do ver\u00e3o e o anivers\u00e1rio do nosso coordenador de recrutamento h\u00fangaro Istvan! Para esta ocasi\u00e3o, todos os estagi\u00e1rios que trabalham na regi\u00e3o de Toulouse foram convidados a vir celebrar estes acontecimentos com a AB2PROTEAM! Damos grande import\u00e2ncia \u00e0 rela\u00e7\u00e3o que temos com os nossos tempor\u00e1rios e este evento foi uma excelente oportunidade para refor\u00e7ar o nosso esp\u00edrito de equipa. Momentos como este permitem-nos mostrar a nossa gratid\u00e3o aos nossos tempor\u00e1rios e criar um ambiente de trabalho harmonioso e positivo. A festa foi um grande sucesso, gra\u00e7as \u00e0 participa\u00e7\u00e3o ativa de todos, e estamos muito satisfeitos por termos podido partilhar com eles estes momentos de alegria e camaradagem.<br \/>\n[\/vc_column_text][\/vc_column][\/vc_row][vc_row][vc_column][vc_separator color=&#8221;white&#8221;][\/vc_column][\/vc_row][vc_row][vc_column][vc_column_text css_animation=&#8221;fadeIn&#8221;]Esperamos que todos tenham gostado de vir a estes eventos e agradecemos a presen\u00e7a de todos Para quem quiser juntar-se \u00e0 AB2PROTEAM para partilhar futuros momentos em conjunto e descobrir v\u00e1rias miss\u00f5es, est\u00e1 <a href=\"https:\/\/www.ab2pro.com\/pt-pt\/oferta-emprego-franca\/\">aqui<\/a>![\/vc_column_text][\/vc_column][\/vc_row]<\/p>\n","protected":false},"excerpt":{"rendered":"<p>Nos s\u00e1bados 22 e 29 de junho, a AB2PRO e os seus fi\u00e9is colaboradores tempor\u00e1rios festejaram o ver\u00e3o!<\/p>\n","protected":false},"author":5391,"featured_media":71839,"comment_status":"closed","ping_status":"closed","sticky":false,"template":"","format":"standard","meta":{"_acf_changed":false,"footnotes":""},"categories":[653,583,709],"tags":[],"class_list":["post-68509","post","type-post","status-publish","format-standard","has-post-thumbnail","hentry","category-descubra-a-franca","category-pagina-inicial","category-sabia-que"],"acf":[],"yoast_head":"<!-- This site is optimized with the Yoast SEO plugin v26.8 - https:\/\/yoast.com\/product\/yoast-seo-wordpress\/ -->\n<title>Festa de ver\u00e3o com AB2PRO - AB2PRO<\/title>\n<meta name=\"description\" content=\"Festa de ver\u00e3o com AB2PRO\" \/>\n<meta name=\"robots\" content=\"index, follow, max-snippet:-1, max-image-preview:large, max-video-preview:-1\" \/>\n<link rel=\"canonical\" href=\"https:\/\/www.ab2pro.com\/pt-pt\/festa-de-verao-com-ab2pro\/\" \/>\n<meta property=\"og:locale\" content=\"pt_PT\" \/>\n<meta property=\"og:type\" content=\"article\" \/>\n<meta property=\"og:title\" content=\"Festa de ver\u00e3o com AB2PRO - AB2PRO\" \/>\n<meta property=\"og:description\" content=\"Festa de ver\u00e3o com AB2PRO\" \/>\n<meta property=\"og:url\" content=\"https:\/\/www.ab2pro.com\/pt-pt\/festa-de-verao-com-ab2pro\/\" \/>\n<meta property=\"og:site_name\" content=\"AB2PRO\" \/>\n<meta property=\"article:published_time\" content=\"2024-08-08T07:35:32+00:00\" \/>\n<meta property=\"article:modified_time\" content=\"2024-08-08T07:35:33+00:00\" \/>\n<meta property=\"og:image\" content=\"https:\/\/www.ab2pro.com\/wp-content\/uploads\/2024\/07\/yon-3.jpg\" \/>\n\t<meta property=\"og:image:width\" content=\"2016\" \/>\n\t<meta property=\"og:image:height\" content=\"1512\" \/>\n\t<meta property=\"og:image:type\" content=\"image\/jpeg\" \/>\n<meta name=\"author\" content=\"Rossil\u00e8ne DOMOISON-SICARD\" \/>\n<meta name=\"twitter:card\" content=\"summary_large_image\" \/>\n<meta name=\"twitter:label1\" content=\"Escrito por\" \/>\n\t<meta name=\"twitter:data1\" content=\"Rossil\u00e8ne DOMOISON-SICARD\" \/>\n\t<meta name=\"twitter:label2\" content=\"Tempo estimado de leitura\" \/>\n\t<meta name=\"twitter:data2\" content=\"2 minutos\" \/>\n<script type=\"application\/ld+json\" class=\"yoast-schema-graph\">{\"@context\":\"https:\/\/schema.org\",\"@graph\":[{\"@type\":\"Article\",\"@id\":\"https:\/\/www.ab2pro.com\/pt-pt\/festa-de-verao-com-ab2pro\/#article\",\"isPartOf\":{\"@id\":\"https:\/\/www.ab2pro.com\/pt-pt\/festa-de-verao-com-ab2pro\/\"},\"author\":{\"name\":\"Rossil\u00e8ne DOMOISON-SICARD\",\"@id\":\"https:\/\/www.ab2pro.com\/pt-pt\/#\/schema\/person\/54c8bff9be55097e2298932a5903940e\"},\"headline\":\"Festa de ver\u00e3o com AB2PRO\",\"datePublished\":\"2024-08-08T07:35:32+00:00\",\"dateModified\":\"2024-08-08T07:35:33+00:00\",\"mainEntityOfPage\":{\"@id\":\"https:\/\/www.ab2pro.com\/pt-pt\/festa-de-verao-com-ab2pro\/\"},\"wordCount\":453,\"publisher\":{\"@id\":\"https:\/\/www.ab2pro.com\/pt-pt\/#organization\"},\"image\":{\"@id\":\"https:\/\/www.ab2pro.com\/pt-pt\/festa-de-verao-com-ab2pro\/#primaryimage\"},\"thumbnailUrl\":\"https:\/\/www.ab2pro.com\/wp-content\/uploads\/2024\/07\/yon-3.jpg\",\"articleSection\":[\"Descubra a Fran\u00e7a\",\"P\u00e1gina inicial\",\"Sabia que...\"],\"inLanguage\":\"pt-PT\"},{\"@type\":\"WebPage\",\"@id\":\"https:\/\/www.ab2pro.com\/pt-pt\/festa-de-verao-com-ab2pro\/\",\"url\":\"https:\/\/www.ab2pro.com\/pt-pt\/festa-de-verao-com-ab2pro\/\",\"name\":\"Festa de ver\u00e3o com AB2PRO - AB2PRO\",\"isPartOf\":{\"@id\":\"https:\/\/www.ab2pro.com\/pt-pt\/#website\"},\"primaryImageOfPage\":{\"@id\":\"https:\/\/www.ab2pro.com\/pt-pt\/festa-de-verao-com-ab2pro\/#primaryimage\"},\"image\":{\"@id\":\"https:\/\/www.ab2pro.com\/pt-pt\/festa-de-verao-com-ab2pro\/#primaryimage\"},\"thumbnailUrl\":\"https:\/\/www.ab2pro.com\/wp-content\/uploads\/2024\/07\/yon-3.jpg\",\"datePublished\":\"2024-08-08T07:35:32+00:00\",\"dateModified\":\"2024-08-08T07:35:33+00:00\",\"description\":\"Festa de ver\u00e3o com AB2PRO\",\"breadcrumb\":{\"@id\":\"https:\/\/www.ab2pro.com\/pt-pt\/festa-de-verao-com-ab2pro\/#breadcrumb\"},\"inLanguage\":\"pt-PT\",\"potentialAction\":[{\"@type\":\"ReadAction\",\"target\":[\"https:\/\/www.ab2pro.com\/pt-pt\/festa-de-verao-com-ab2pro\/\"]}]},{\"@type\":\"ImageObject\",\"inLanguage\":\"pt-PT\",\"@id\":\"https:\/\/www.ab2pro.com\/pt-pt\/festa-de-verao-com-ab2pro\/#primaryimage\",\"url\":\"https:\/\/www.ab2pro.com\/wp-content\/uploads\/2024\/07\/yon-3.jpg\",\"contentUrl\":\"https:\/\/www.ab2pro.com\/wp-content\/uploads\/2024\/07\/yon-3.jpg\",\"width\":2016,\"height\":1512},{\"@type\":\"BreadcrumbList\",\"@id\":\"https:\/\/www.ab2pro.com\/pt-pt\/festa-de-verao-com-ab2pro\/#breadcrumb\",\"itemListElement\":[{\"@type\":\"ListItem\",\"position\":1,\"name\":\"Accueil\",\"item\":\"https:\/\/www.ab2pro.com\/pt-pt\/\"},{\"@type\":\"ListItem\",\"position\":2,\"name\":\"Festa de ver\u00e3o com AB2PRO\"}]},{\"@type\":\"WebSite\",\"@id\":\"https:\/\/www.ab2pro.com\/pt-pt\/#website\",\"url\":\"https:\/\/www.ab2pro.com\/pt-pt\/\",\"name\":\"AB2PRO\",\"description\":\"Agence d&#039;emploi sp\u00e9cialis\u00e9e dans le recrutement de travailleurs europ\u00e9ens\",\"publisher\":{\"@id\":\"https:\/\/www.ab2pro.com\/pt-pt\/#organization\"},\"potentialAction\":[{\"@type\":\"SearchAction\",\"target\":{\"@type\":\"EntryPoint\",\"urlTemplate\":\"https:\/\/www.ab2pro.com\/pt-pt\/?s={search_term_string}\"},\"query-input\":{\"@type\":\"PropertyValueSpecification\",\"valueRequired\":true,\"valueName\":\"search_term_string\"}}],\"inLanguage\":\"pt-PT\"},{\"@type\":\"Organization\",\"@id\":\"https:\/\/www.ab2pro.com\/pt-pt\/#organization\",\"name\":\"AB2PRO\",\"url\":\"https:\/\/www.ab2pro.com\/pt-pt\/\",\"logo\":{\"@type\":\"ImageObject\",\"inLanguage\":\"pt-PT\",\"@id\":\"https:\/\/www.ab2pro.com\/pt-pt\/#\/schema\/logo\/image\/\",\"url\":\"https:\/\/www.ab2pro.com\/wp-content\/uploads\/2020\/11\/logo-profil.png\",\"contentUrl\":\"https:\/\/www.ab2pro.com\/wp-content\/uploads\/2020\/11\/logo-profil.png\",\"width\":230,\"height\":47,\"caption\":\"AB2PRO\"},\"image\":{\"@id\":\"https:\/\/www.ab2pro.com\/pt-pt\/#\/schema\/logo\/image\/\"}},{\"@type\":\"Person\",\"@id\":\"https:\/\/www.ab2pro.com\/pt-pt\/#\/schema\/person\/54c8bff9be55097e2298932a5903940e\",\"name\":\"Rossil\u00e8ne DOMOISON-SICARD\",\"image\":{\"@type\":\"ImageObject\",\"inLanguage\":\"pt-PT\",\"@id\":\"https:\/\/www.ab2pro.com\/pt-pt\/#\/schema\/person\/image\/\",\"url\":\"https:\/\/secure.gravatar.com\/avatar\/e33b91d9b8fa9fa2306743f1fb62f11c?s=96&d=mm&r=g\",\"contentUrl\":\"https:\/\/secure.gravatar.com\/avatar\/e33b91d9b8fa9fa2306743f1fb62f11c?s=96&d=mm&r=g\",\"caption\":\"Rossil\u00e8ne DOMOISON-SICARD\"}}]}<\/script>\n<!-- \/ Yoast SEO plugin. -->","yoast_head_json":{"title":"Festa de ver\u00e3o com AB2PRO - AB2PRO","description":"Festa de ver\u00e3o com AB2PRO","robots":{"index":"index","follow":"follow","max-snippet":"max-snippet:-1","max-image-preview":"max-image-preview:large","max-video-preview":"max-video-preview:-1"},"canonical":"https:\/\/www.ab2pro.com\/pt-pt\/festa-de-verao-com-ab2pro\/","og_locale":"pt_PT","og_type":"article","og_title":"Festa de ver\u00e3o com AB2PRO - AB2PRO","og_description":"Festa de ver\u00e3o com AB2PRO","og_url":"https:\/\/www.ab2pro.com\/pt-pt\/festa-de-verao-com-ab2pro\/","og_site_name":"AB2PRO","article_published_time":"2024-08-08T07:35:32+00:00","article_modified_time":"2024-08-08T07:35:33+00:00","og_image":[{"width":2016,"height":1512,"url":"https:\/\/www.ab2pro.com\/wp-content\/uploads\/2024\/07\/yon-3.jpg","type":"image\/jpeg"}],"author":"Rossil\u00e8ne DOMOISON-SICARD","twitter_card":"summary_large_image","twitter_misc":{"Escrito por":"Rossil\u00e8ne DOMOISON-SICARD","Tempo estimado de leitura":"2 minutos"},"schema":{"@context":"https:\/\/schema.org","@graph":[{"@type":"Article","@id":"https:\/\/www.ab2pro.com\/pt-pt\/festa-de-verao-com-ab2pro\/#article","isPartOf":{"@id":"https:\/\/www.ab2pro.com\/pt-pt\/festa-de-verao-com-ab2pro\/"},"author":{"name":"Rossil\u00e8ne DOMOISON-SICARD","@id":"https:\/\/www.ab2pro.com\/pt-pt\/#\/schema\/person\/54c8bff9be55097e2298932a5903940e"},"headline":"Festa de ver\u00e3o com AB2PRO","datePublished":"2024-08-08T07:35:32+00:00","dateModified":"2024-08-08T07:35:33+00:00","mainEntityOfPage":{"@id":"https:\/\/www.ab2pro.com\/pt-pt\/festa-de-verao-com-ab2pro\/"},"wordCount":453,"publisher":{"@id":"https:\/\/www.ab2pro.com\/pt-pt\/#organization"},"image":{"@id":"https:\/\/www.ab2pro.com\/pt-pt\/festa-de-verao-com-ab2pro\/#primaryimage"},"thumbnailUrl":"https:\/\/www.ab2pro.com\/wp-content\/uploads\/2024\/07\/yon-3.jpg","articleSection":["Descubra a Fran\u00e7a","P\u00e1gina inicial","Sabia que..."],"inLanguage":"pt-PT"},{"@type":"WebPage","@id":"https:\/\/www.ab2pro.com\/pt-pt\/festa-de-verao-com-ab2pro\/","url":"https:\/\/www.ab2pro.com\/pt-pt\/festa-de-verao-com-ab2pro\/","name":"Festa de ver\u00e3o com AB2PRO - AB2PRO","isPartOf":{"@id":"https:\/\/www.ab2pro.com\/pt-pt\/#website"},"primaryImageOfPage":{"@id":"https:\/\/www.ab2pro.com\/pt-pt\/festa-de-verao-com-ab2pro\/#primaryimage"},"image":{"@id":"https:\/\/www.ab2pro.com\/pt-pt\/festa-de-verao-com-ab2pro\/#primaryimage"},"thumbnailUrl":"https:\/\/www.ab2pro.com\/wp-content\/uploads\/2024\/07\/yon-3.jpg","datePublished":"2024-08-08T07:35:32+00:00","dateModified":"2024-08-08T07:35:33+00:00","description":"Festa de ver\u00e3o com AB2PRO","breadcrumb":{"@id":"https:\/\/www.ab2pro.com\/pt-pt\/festa-de-verao-com-ab2pro\/#breadcrumb"},"inLanguage":"pt-PT","potentialAction":[{"@type":"ReadAction","target":["https:\/\/www.ab2pro.com\/pt-pt\/festa-de-verao-com-ab2pro\/"]}]},{"@type":"ImageObject","inLanguage":"pt-PT","@id":"https:\/\/www.ab2pro.com\/pt-pt\/festa-de-verao-com-ab2pro\/#primaryimage","url":"https:\/\/www.ab2pro.com\/wp-content\/uploads\/2024\/07\/yon-3.jpg","contentUrl":"https:\/\/www.ab2pro.com\/wp-content\/uploads\/2024\/07\/yon-3.jpg","width":2016,"height":1512},{"@type":"BreadcrumbList","@id":"https:\/\/www.ab2pro.com\/pt-pt\/festa-de-verao-com-ab2pro\/#breadcrumb","itemListElement":[{"@type":"ListItem","position":1,"name":"Accueil","item":"https:\/\/www.ab2pro.com\/pt-pt\/"},{"@type":"ListItem","position":2,"name":"Festa de ver\u00e3o com AB2PRO"}]},{"@type":"WebSite","@id":"https:\/\/www.ab2pro.com\/pt-pt\/#website","url":"https:\/\/www.ab2pro.com\/pt-pt\/","name":"AB2PRO","description":"Agence d&#039;emploi sp\u00e9cialis\u00e9e dans le recrutement de travailleurs europ\u00e9ens","publisher":{"@id":"https:\/\/www.ab2pro.com\/pt-pt\/#organization"},"potentialAction":[{"@type":"SearchAction","target":{"@type":"EntryPoint","urlTemplate":"https:\/\/www.ab2pro.com\/pt-pt\/?s={search_term_string}"},"query-input":{"@type":"PropertyValueSpecification","valueRequired":true,"valueName":"search_term_string"}}],"inLanguage":"pt-PT"},{"@type":"Organization","@id":"https:\/\/www.ab2pro.com\/pt-pt\/#organization","name":"AB2PRO","url":"https:\/\/www.ab2pro.com\/pt-pt\/","logo":{"@type":"ImageObject","inLanguage":"pt-PT","@id":"https:\/\/www.ab2pro.com\/pt-pt\/#\/schema\/logo\/image\/","url":"https:\/\/www.ab2pro.com\/wp-content\/uploads\/2020\/11\/logo-profil.png","contentUrl":"https:\/\/www.ab2pro.com\/wp-content\/uploads\/2020\/11\/logo-profil.png","width":230,"height":47,"caption":"AB2PRO"},"image":{"@id":"https:\/\/www.ab2pro.com\/pt-pt\/#\/schema\/logo\/image\/"}},{"@type":"Person","@id":"https:\/\/www.ab2pro.com\/pt-pt\/#\/schema\/person\/54c8bff9be55097e2298932a5903940e","name":"Rossil\u00e8ne DOMOISON-SICARD","image":{"@type":"ImageObject","inLanguage":"pt-PT","@id":"https:\/\/www.ab2pro.com\/pt-pt\/#\/schema\/person\/image\/","url":"https:\/\/secure.gravatar.com\/avatar\/e33b91d9b8fa9fa2306743f1fb62f11c?s=96&d=mm&r=g","contentUrl":"https:\/\/secure.gravatar.com\/avatar\/e33b91d9b8fa9fa2306743f1fb62f11c?s=96&d=mm&r=g","caption":"Rossil\u00e8ne DOMOISON-SICARD"}}]}},"_links":{"self":[{"href":"https:\/\/www.ab2pro.com\/pt-pt\/wp-json\/wp\/v2\/posts\/68509","targetHints":{"allow":["GET"]}}],"collection":[{"href":"https:\/\/www.ab2pro.com\/pt-pt\/wp-json\/wp\/v2\/posts"}],"about":[{"href":"https:\/\/www.ab2pro.com\/pt-pt\/wp-json\/wp\/v2\/types\/post"}],"author":[{"embeddable":true,"href":"https:\/\/www.ab2pro.com\/pt-pt\/wp-json\/wp\/v2\/users\/5391"}],"replies":[{"embeddable":true,"href":"https:\/\/www.ab2pro.com\/pt-pt\/wp-json\/wp\/v2\/comments?post=68509"}],"version-history":[{"count":0,"href":"https:\/\/www.ab2pro.com\/pt-pt\/wp-json\/wp\/v2\/posts\/68509\/revisions"}],"wp:featuredmedia":[{"embeddable":true,"href":"https:\/\/www.ab2pro.com\/pt-pt\/wp-json\/wp\/v2\/media\/71839"}],"wp:attachment":[{"href":"https:\/\/www.ab2pro.com\/pt-pt\/wp-json\/wp\/v2\/media?parent=68509"}],"wp:term":[{"taxonomy":"category","embeddable":true,"href":"https:\/\/www.ab2pro.com\/pt-pt\/wp-json\/wp\/v2\/categories?post=68509"},{"taxonomy":"post_tag","embeddable":true,"href":"https:\/\/www.ab2pro.com\/pt-pt\/wp-json\/wp\/v2\/tags?post=68509"}],"curies":[{"name":"wp","href":"https:\/\/api.w.org\/{rel}","templated":true}]}}